{"id":4529,"date":"2016-03-24T15:12:10","date_gmt":"2016-03-24T15:12:10","guid":{"rendered":"http:\/\/debateplural.com\/?p=4529"},"modified":"2016-06-23T13:55:16","modified_gmt":"2016-06-23T13:55:16","slug":"moscu-saluda-la-normalizacion-de-las-relaciones-entre-cuba-y-eeuu","status":"publish","type":"post","link":"https:\/\/debateplural.net\/site\/2016\/03\/24\/moscu-saluda-la-normalizacion-de-las-relaciones-entre-cuba-y-eeuu\/","title":{"rendered":"Mosc\u00fa saluda la normalizaci\u00f3n de las relaciones entre Cuba y EEUU"},"content":{"rendered":"<div id=\"attachment_4377\" style=\"width: 610px\" class=\"wp-caption aligncenter\"><img loading=\"lazy\" decoding=\"async\" aria-describedby=\"caption-attachment-4377\" class=\"size-full wp-image-4377\" src=\"http:\/\/tripletecnologia.com\/website\/debateplural\/wp-content\/uploads\/2016\/03\/raul-castro-y-barack-obama-5.jpg\" alt=\"Raul Castro y Barack Obama\" width=\"600\" height=\"340\" \/><p id=\"caption-attachment-4377\" class=\"wp-caption-text\">Raul Castro y Barack Obama<\/p><\/div>\n<p class=\"b-article__lead\" style=\"text-align:justify;\">Mosc\u00fa aplaude la normalizaci\u00f3n de las relaciones entre <a href=\"http:\/\/localhost\/debateplural\/tag\/cuba\">Cuba <\/a>y <a href=\"http:\/\/localhost\/debateplural\/tag\/estados-unidos\">Estados Unido<\/a>s, comunic\u00f3 el Ministerio de Exteriores de <a href=\"http:\/\/localhost\/debateplural\/tag\/rusia\">Rusia<\/a>.<\/p>\n<p class=\"b-article__lead\" style=\"text-align:justify;\">\"Rusia desde el principio salud\u00f3 la recuperaci\u00f3n del di\u00e1logo entre EEUU y Cuba, creemos que era una asignatura pendiente desde hac\u00eda tiempo\", dijo la portavoz de la Canciller\u00eda rusa, Mar\u00eda Zaj\u00e1rova.<!--more--><\/p>\n<p style=\"text-align:justify;\">Asimismo expres\u00f3 la esperanza de que la visita del presidente de EEUU, <a href=\"http:\/\/localhost\/debateplural\/tag\/barack-obama\">Barack Obama<\/a>, \"sea una culminaci\u00f3n del proceso de normalizar las relaciones bilaterales entre Cuba y EEUU\".<\/p>\n<p style=\"text-align:justify;\">\"Desde luego, seguimos atentamente el desarrollo de las relaciones\", mencion\u00f3 la portavoz.<\/p>\n<p style=\"text-align:justify;\">A su juicio, este proceso debe contribuir a que Washington corrija \"el error hist\u00f3rico\" y es \"un reflejo objetivo de las realidades cambiantes.<\/p>\n<p class=\"b-article__lead\" style=\"text-align:justify;\">\"El proceso debe desarrollarse con base en la igualdad de derechos, el respeto mutuo y sin imponer ning\u00fan modelo de desarrollo pol\u00edtico y social-econ\u00f3mico y sin palmaditas en el hombro\" de mayor a menor, subray\u00f3 Zaj\u00e1rova.<\/p>\n<p style=\"text-align:justify;\">Indic\u00f3 que \"levantar el bloqueo econ\u00f3mico-comercial y financiero, en particular, las sanciones unilaterales estadounidenses es una prioridad absoluta\".<\/p>\n<p style=\"text-align:justify;\">Obama realiz\u00f3 este lunes y martes una hist\u00f3rica <a href=\"http:\/\/mundo.sputniknews.com\/america_del_norte\/20160218\/1056908129\/obama-visita-cuba.html\" target=\"_blank\">visita<\/a> a Cuba, la primera de un mandatario estadounidense desde 1928.<\/p>\n<p style=\"text-align:justify;\">Los presidentes de EEUU y Cuba, Barack Obama y Ra\u00fal Castro, anunciaron en diciembre del 2014 el inicio del proceso de normalizaci\u00f3n de las relaciones bilaterales.<\/p>\n<p style=\"text-align:justify;\">Anteriormente, Obama prometi\u00f3 que presionar\u00e1 al Congreso para que levante el bloqueo econ\u00f3mico impuesto a Cuba tras la revoluci\u00f3n de 1959.<\/p>\n<p style=\"text-align:justify;\">\n","protected":false},"excerpt":{"rendered":"<p>Mosc\u00fa aplaude la normalizaci\u00f3n de las relaciones entre Cuba y Estados Unidos, comunic\u00f3 el Ministerio de Exteriores de Rusia. \"Rusia desde el principio salud\u00f3 la recuperaci\u00f3n del di\u00e1logo entre EEUU y Cuba, creemos que era una asignatura pendiente desde hac\u00eda tiempo\", dijo la portavoz de la Canciller\u00eda rusa, Mar\u00eda Zaj\u00e1rova.<\/p>\n","protected":false},"author":1,"featured_media":7172,"comment_status":"open","ping_status":"open","sticky":false,"template":"","format":"standard","meta":{"footnotes":""},"categories":[14],"tags":[19,20,8,40],"class_list":["post-4529","post","type-post","status-publish","format-standard","has-post-thumbnail","hentry","category-internacionales","tag-barack-obama","tag-cuba","tag-estados-unidos","tag-rusia"],"_links":{"self":[{"href":"https:\/\/debateplural.net\/site\/wp-json\/wp\/v2\/posts\/4529"}],"collection":[{"href":"https:\/\/debateplural.net\/site\/wp-json\/wp\/v2\/posts"}],"about":[{"href":"https:\/\/debateplural.net\/site\/wp-json\/wp\/v2\/types\/post"}],"author":[{"embeddable":true,"href":"https:\/\/debateplural.net\/site\/wp-json\/wp\/v2\/users\/1"}],"replies":[{"embeddable":true,"href":"https:\/\/debateplural.net\/site\/wp-json\/wp\/v2\/comments?post=4529"}],"version-history":[{"count":1,"href":"https:\/\/debateplural.net\/site\/wp-json\/wp\/v2\/posts\/4529\/revisions"}],"predecessor-version":[{"id":7173,"href":"https:\/\/debateplural.net\/site\/wp-json\/wp\/v2\/posts\/4529\/revisions\/7173"}],"wp:featuredmedia":[{"embeddable":true,"href":"https:\/\/debateplural.net\/site\/wp-json\/wp\/v2\/media\/7172"}],"wp:attachment":[{"href":"https:\/\/debateplural.net\/site\/wp-json\/wp\/v2\/media?parent=4529"}],"wp:term":[{"taxonomy":"category","embeddable":true,"href":"https:\/\/debateplural.net\/site\/wp-json\/wp\/v2\/categories?post=4529"},{"taxonomy":"post_tag","embeddable":true,"href":"https:\/\/debateplural.net\/site\/wp-json\/wp\/v2\/tags?post=4529"}],"curies":[{"name":"wp","href":"https:\/\/api.w.org\/{rel}","templated":true}]}}