{"id":4534,"date":"2016-03-24T15:38:20","date_gmt":"2016-03-24T15:38:20","guid":{"rendered":"http:\/\/debateplural.com\/?p=4534"},"modified":"2016-06-23T13:55:11","modified_gmt":"2016-06-23T13:55:11","slug":"declaraciones-de-obama-son-peligrosas-para-america-latina","status":"publish","type":"post","link":"https:\/\/debateplural.net\/site\/2016\/03\/24\/declaraciones-de-obama-son-peligrosas-para-america-latina\/","title":{"rendered":"\"Declaraciones de Obama son peligrosas para Am\u00e9rica Latina\""},"content":{"rendered":"<div id=\"attachment_4535\" style=\"width: 715px\" class=\"wp-caption aligncenter\"><img loading=\"lazy\" decoding=\"async\" aria-describedby=\"caption-attachment-4535\" class=\"size-full wp-image-4535\" src=\"http:\/\/tripletecnologia.com\/website\/debateplural\/wp-content\/uploads\/2016\/03\/ministro-de-defensa-de-venezuela-vladimir-padrino-1.jpg\" alt=\"Ministro de defensa de Venezuela, Vladimir Padrino\" width=\"705\" height=\"381\" \/><p id=\"caption-attachment-4535\" class=\"wp-caption-text\">Ministro de defensa de Venezuela, Vladimir Padrino<\/p><\/div>\n<p class=\"b-article__lead\" style=\"text-align:justify;\">Las declaraciones del presidente de <a href=\"http:\/\/localhost\/debateplural\/tag\/estados-unidos\">Estados Unidos<\/a>, <a href=\"http:\/\/localhost\/debateplural\/tag\/barack-obama\">Barack Obama<\/a>, respecto de que el Gobierno de Venezuela es ileg\u00edtimo \"son un peligro para la paz en Am\u00e9rica Latina y el Caribe\", dijo el jueves el general Vladimir Padrino, comandante operacional de la Fuerza Armada venezolana.<!--more--><\/p>\n<div class=\"b-article__text\" style=\"text-align:justify;\">\n<p>\"En la Fuerza Armada debemos rechazar con contundencia esas declaraciones, que son muy peligrosas para la paz, no solo de Venezuela sino tambi\u00e9n de Latinoam\u00e9rica y el Caribe\", dijo Padrino, quien adem\u00e1s es titular del Ministerio de Defensa.<\/p>\n<p>La Fuerza Armada \"no puede guardar silencio ante unas declaraciones tan peligrosas\u2026 el presidente <a href=\"http:\/\/localhost\/debateplural\/tag\/nicolas-maduro\">Nicol\u00e1s Maduro <\/a>fue elegido con m\u00e1s del 50 por ciento de los votos y eso le da legitimidad para gobernar por el per\u00edodo que la Constituci\u00f3n establece, seis a\u00f1os (2013-2019)\", dijo Padrino en un acto castrense transmitido por la televisora oficial VTV.<\/p>\n<p>Obama dijo en una entrevista con la cadena CNN esta semana que \"cuanto antes el pueblo venezolano pueda elegir un Gobierno que ellos conf\u00eden en que es leg\u00edtimo, y pueda comenzar a implementar pol\u00edticas econ\u00f3micas que los saquen de la espiral en la que est\u00e1n, tanto mejor ser\u00e1 para todos nosotros\".<\/p>\n<p>La semana pasada Washington prorrog\u00f3 por un a\u00f1o la orden ejecutiva que declar\u00f3 al Gobierno de Caracas \"amenaza inusual y extraordinaria para la seguridad de Estados Unidos\" y sancion\u00f3 con retiro de visas y congelaci\u00f3n de fondos a funcionarios venezolanos, seis militares y un civil, que consider\u00f3 incursos en violaciones de derechos humanos.<\/p>\n<p>Maduro replic\u00f3 que Obama \"se est\u00e1 desesperando\" con Venezuela y consider\u00f3 que la orden ejecutiva y las declaraciones del jefe de la Casa Blanca \"dan luz verde al golpismo, al terrorismo y a la locura\" contra su Gobierno.Padrino pidi\u00f3 a todos sus oficiales \"tomar conciencia de la alta peligrosidad\" de la declaraci\u00f3n de Obama.<\/p>\n<p>\"Reivindicamos la legitimidad del liderazgo del presidente Nicol\u00e1s Maduro como presidente constitucional y comandante en jefe de la Fuerza Armada Nacional bolivariana\", agreg\u00f3.<\/p>\n<p>Los Gobiernos de <a href=\"http:\/\/localhost\/debateplural\/tag\/venezuela\">Venezuela<\/a> y Estados Unidos mantienen una intensa confrontaci\u00f3n pol\u00edtica y diplom\u00e1tica, con escaso di\u00e1logo entre autoridades y embajadas carentes de titular desde hace varios a\u00f1os.<\/p>\n<\/div>\n<p style=\"text-align:justify;\">\n","protected":false},"excerpt":{"rendered":"<p>Las declaraciones del presidente de Estados Unidos, Barack Obama, respecto de que el Gobierno de Venezuela es ileg\u00edtimo \"son un peligro para la paz en Am\u00e9rica Latina y el Caribe\", dijo el jueves el general Vladimir Padrino, comandante operacional de la Fuerza Armada venezolana.<\/p>\n","protected":false},"author":1,"featured_media":7168,"comment_status":"open","ping_status":"open","sticky":false,"template":"","format":"standard","meta":{"footnotes":""},"categories":[14],"tags":[19,8,34,10],"class_list":["post-4534","post","type-post","status-publish","format-standard","has-post-thumbnail","hentry","category-internacionales","tag-barack-obama","tag-estados-unidos","tag-nicolas-maduro","tag-venezuela"],"_links":{"self":[{"href":"https:\/\/debateplural.net\/site\/wp-json\/wp\/v2\/posts\/4534"}],"collection":[{"href":"https:\/\/debateplural.net\/site\/wp-json\/wp\/v2\/posts"}],"about":[{"href":"https:\/\/debateplural.net\/site\/wp-json\/wp\/v2\/types\/post"}],"author":[{"embeddable":true,"href":"https:\/\/debateplural.net\/site\/wp-json\/wp\/v2\/users\/1"}],"replies":[{"embeddable":true,"href":"https:\/\/debateplural.net\/site\/wp-json\/wp\/v2\/comments?post=4534"}],"version-history":[{"count":1,"href":"https:\/\/debateplural.net\/site\/wp-json\/wp\/v2\/posts\/4534\/revisions"}],"predecessor-version":[{"id":7169,"href":"https:\/\/debateplural.net\/site\/wp-json\/wp\/v2\/posts\/4534\/revisions\/7169"}],"wp:featuredmedia":[{"embeddable":true,"href":"https:\/\/debateplural.net\/site\/wp-json\/wp\/v2\/media\/7168"}],"wp:attachment":[{"href":"https:\/\/debateplural.net\/site\/wp-json\/wp\/v2\/media?parent=4534"}],"wp:term":[{"taxonomy":"category","embeddable":true,"href":"https:\/\/debateplural.net\/site\/wp-json\/wp\/v2\/categories?post=4534"},{"taxonomy":"post_tag","embeddable":true,"href":"https:\/\/debateplural.net\/site\/wp-json\/wp\/v2\/tags?post=4534"}],"curies":[{"name":"wp","href":"https:\/\/api.w.org\/{rel}","templated":true}]}}