{"id":4537,"date":"2016-03-26T13:26:26","date_gmt":"2016-03-26T13:26:26","guid":{"rendered":"http:\/\/debateplural.com\/?p=4537"},"modified":"2016-06-23T13:55:08","modified_gmt":"2016-06-23T13:55:08","slug":"europa-no-los-escucho-estas-son-las-profecias-de-gaddafi-y-assad-que-tristemente-se-cumplieron","status":"publish","type":"post","link":"https:\/\/debateplural.net\/site\/2016\/03\/26\/europa-no-los-escucho-estas-son-las-profecias-de-gaddafi-y-assad-que-tristemente-se-cumplieron\/","title":{"rendered":"Europa no los escuch\u00f3: Estas son las 'profec\u00edas' de Gaddafi y Assad que tristemente se cumplieron"},"content":{"rendered":"<div id=\"attachment_4538\" style=\"width: 715px\" class=\"wp-caption aligncenter\"><img loading=\"lazy\" decoding=\"async\" aria-describedby=\"caption-attachment-4538\" class=\"size-full wp-image-4538\" src=\"http:\/\/tripletecnologia.com\/website\/debateplural\/wp-content\/uploads\/2016\/03\/rebeldes-libios-en-tripoli-el-25-de-agosto-de-2011-1.jpg\" alt=\"Rebeldes libios en Tripoli, el 25 de agosto de 2011\" width=\"705\" height=\"397\" \/><p id=\"caption-attachment-4538\" class=\"wp-caption-text\">Rebeldes libios en Tripoli, el 25 de agosto de 2011<\/p><\/div>\n<p style=\"text-align:justify;\">Varios a\u00f1os antes de los mort\u00edferos atentados en <a href=\"http:\/\/localhost\/debateplural\/tag\/europa\">Europa<\/a>, los l\u00edderes de <a href=\"http:\/\/localhost\/debateplural\/tag\/libia\">Libia <\/a>y<a href=\"http:\/\/localhost\/debateplural\/tag\/siria\"> Siria <\/a>ya hab\u00edan avisado sobre la ola de terrorismo con la que se iba a encontrar el continente<\/p>\n<p style=\"text-align:justify;\">Mientras que Europa vive\u00a0las consecuencias de los brutales\u00a0<a href=\"https:\/\/actualidad.rt.com\/actualidad\/202692-explosiones-bruselas-aeropuerto-metro\" target=\"_blank\">atentados<\/a>\u00a0que sacudieron Bruselas el 22 de marzo, cobr\u00e1ndose\u00a0la vida de 31 personas, las advertencias sobre el posible aumento de la amenaza terrorista en Europa comenzaron a sonar\u00a0varios a\u00f1os antes.<!--more--><\/p>\n<p style=\"text-align:justify;\">En 2011, el entonces l\u00edder de Libia Muamar Gaddafi alert\u00f3 a Tony Blair en dos conversaciones telef\u00f3nicas que su retirada del poder abrir\u00eda la puerta al ascenso de Al Qaeda, que luego emprender\u00eda una invasi\u00f3n de\u00a0Europa. En concreto, alert\u00f3 que los yihadistas \"quieren controlar el Mediterr\u00e1neo y luego atacar\u00e1n a Europa\", seg\u00fan cita\u00a0'The Guardian'. El mismo a\u00f1o, en una entrevista a France 24, Gaddafi\u00a0asegur\u00f3\u00a0que \"Libia juega un papel importante en la seguridad en el Mediterr\u00e1neo\".<\/p>\n<p style=\"text-align:justify;\">A su vez, en junio de 2013, el presidente sirio <a href=\"http:\/\/localhost\/debateplural\/tag\/bashar-al-asad\">Bashar Al Asad<\/a> tambi\u00e9n advirti\u00f3 que si Europa comenzaba a suministrar armas a los rebeldes, reforzar\u00eda a los terroristas en el \"patio trasero de Europa\" y causar\u00eda caos y pobreza en Siria, inform\u00f3\u00a0<a href=\"http:\/\/www.telegraph.co.uk\/news\/worldnews\/middleeast\/syria\/10125455\/Syrias-Bashar-al-Assad-warns-Europe-to-pay-price-for-arming-rebels.html\" target=\"_blank\">&#8217;The Telegpraph'<\/a>. En declaraciones al peri\u00f3dico alem\u00e1n 'Frankfurter Allgemeine Zeitung', Assad advirti\u00f3 que el levantamiento del embargo de armas tambi\u00e9n llevar\u00eda a \"la exportaci\u00f3n directa del terrorismo a Europa\". \"Los terroristas se entrenar\u00e1n para el combate y regresar\u00e1n a casa equipados con la ideolog\u00eda extremista\", a\u00f1adi\u00f3 el presidente.<\/p>\n<h3 style=\"text-align:justify;\">\"En Europa omiten\u00a0que los terroristas de Bruselas son los mismos que combatieron contra Al Assad\"<\/h3>\n<p style=\"text-align:justify;\">El jefe del Comit\u00e9 de Asuntos Exteriores del Parlamento ruso opina que los recientes atentados ponen de manifiesto de d\u00f3nde proviene la verdadera amenaza.<\/p>\n<p style=\"text-align:justify;\">\"Los autores de los atentados en Bruselas son los mismos yihadistas que combatieron en Libia a Muamar Gaddafi y en Siria a\u00a0<a href=\"https:\/\/actualidad.rt.com\/actualidad\/169246-bashar-assad-presidente-siria\" target=\"_blank\">Bashar al\u00a0Assad<\/a>\",\u00a0escribi\u00f3\u00a0en su cuenta de Twitter Alex\u00e9i Pushkov, director del Comit\u00e9 de Asuntos Exteriores de la Duma Estatal de <a href=\"http:\/\/localhost\/debateplural\/tag\/rusia\">Rusia<\/a>. \"Eso es algo que en Europa prefieren callar\", agreg\u00f3 el pol\u00edtico, que expres\u00f3 tambi\u00e9n sus condolencias a las familias de las v\u00edctimas de los atentados en B\u00e9lgica.<\/p>\n<p style=\"text-align:justify;\">\"Ya lleg\u00f3 la hora de que Europa entienda de d\u00f3nde proviene la verdadera amenaza y una sus fuerzas con Rusia\", escribi\u00f3 Pushkov. Seg\u00fan \u00e9l, los ataques terroristas de este martes en Bruselas y los de Par\u00eds del pasado 13 de noviembre demostraron a las claras qui\u00e9n amenaza a la UE.<\/p>\n","protected":false},"excerpt":{"rendered":"<p>Varios a\u00f1os antes de los mort\u00edferos atentados en Europa, los l\u00edderes de Libia y Siria ya hab\u00edan avisado sobre la ola de terrorismo con la que se iba a encontrar el continente Mientras que Europa vive\u00a0las consecuencias de los brutales\u00a0atentados\u00a0que sacudieron Bruselas el 22 de marzo, cobr\u00e1ndose\u00a0la vida de 31 personas, las advertencias sobre el [&hellip;]<\/p>\n","protected":false},"author":1,"featured_media":7166,"comment_status":"open","ping_status":"open","sticky":false,"template":"","format":"standard","meta":{"footnotes":""},"categories":[14],"tags":[60,67,71,40,41],"class_list":["post-4537","post","type-post","status-publish","format-standard","has-post-thumbnail","hentry","category-internacionales","tag-bashar-al-asad","tag-europa","tag-libia","tag-rusia","tag-siria"],"_links":{"self":[{"href":"https:\/\/debateplural.net\/site\/wp-json\/wp\/v2\/posts\/4537"}],"collection":[{"href":"https:\/\/debateplural.net\/site\/wp-json\/wp\/v2\/posts"}],"about":[{"href":"https:\/\/debateplural.net\/site\/wp-json\/wp\/v2\/types\/post"}],"author":[{"embeddable":true,"href":"https:\/\/debateplural.net\/site\/wp-json\/wp\/v2\/users\/1"}],"replies":[{"embeddable":true,"href":"https:\/\/debateplural.net\/site\/wp-json\/wp\/v2\/comments?post=4537"}],"version-history":[{"count":1,"href":"https:\/\/debateplural.net\/site\/wp-json\/wp\/v2\/posts\/4537\/revisions"}],"predecessor-version":[{"id":7167,"href":"https:\/\/debateplural.net\/site\/wp-json\/wp\/v2\/posts\/4537\/revisions\/7167"}],"wp:featuredmedia":[{"embeddable":true,"href":"https:\/\/debateplural.net\/site\/wp-json\/wp\/v2\/media\/7166"}],"wp:attachment":[{"href":"https:\/\/debateplural.net\/site\/wp-json\/wp\/v2\/media?parent=4537"}],"wp:term":[{"taxonomy":"category","embeddable":true,"href":"https:\/\/debateplural.net\/site\/wp-json\/wp\/v2\/categories?post=4537"},{"taxonomy":"post_tag","embeddable":true,"href":"https:\/\/debateplural.net\/site\/wp-json\/wp\/v2\/tags?post=4537"}],"curies":[{"name":"wp","href":"https:\/\/api.w.org\/{rel}","templated":true}]}}