{"id":45375,"date":"2021-02-26T06:00:42","date_gmt":"2021-02-26T10:00:42","guid":{"rendered":"http:\/\/debateplural.com\/?p=45375"},"modified":"2021-02-25T12:57:47","modified_gmt":"2021-02-25T16:57:47","slug":"danilo-y-su-pld-uso-de-la-corrupcion-como-estrategia-de-gobierno","status":"publish","type":"post","link":"https:\/\/debateplural.net\/site\/2021\/02\/26\/danilo-y-su-pld-uso-de-la-corrupcion-como-estrategia-de-gobierno\/","title":{"rendered":"Danilo y su PLD: Uso de la corrupci\u00f3n como estrategia de gobierno"},"content":{"rendered":"<p>Rafael G. Guzm\u00e1n Ferm\u00edn (Listin, 18-11-20)<\/p>\n<p>&nbsp;<\/p>\n<p>Durante los 8 a\u00f1os de gobierno del PLD que encabez\u00f3 Danilo Medina, la Rep\u00fablica Dominicana fue sistem\u00e1ticamente forzada a cambiar muchos de sus patrones de gesti\u00f3n pol\u00edtica del Estado. Una r\u00e1pida revisi\u00f3n de sus dos per\u00edodos permite descubrir que, desde los primeros meses, se empez\u00f3 a entronizar en el Estado no la corrupci\u00f3n pol\u00edtica, sino una \u201cpol\u00edtica de corrupci\u00f3n\u201d, cuya fermentaci\u00f3n lleg\u00f3 a amenazar los cimientos mismos de nuestra democracia, para lo cual se dise\u00f1\u00f3 \u00a0 y puso en ejecuci\u00f3n un plan macabro para poner la Constituci\u00f3n de la Rep\u00fablica en sinton\u00eda con los perversos prop\u00f3sitos de perpetuarse en el poder.<\/p>\n<p>Producto de estos desafueros partidarios, r\u00e1pidamente el traumatismo en el cuerpo institucional de la naci\u00f3n, sus efectos en el psiquismo social y el desarrollo de una cultura del crimen organizado para favorecer la corrupci\u00f3n, se convirtieron en una patolog\u00eda en el cuerpo y alma del Estado, que lleg\u00f3 a provocar n\u00e1useas en la ciudadan\u00eda, adquiriendo el car\u00e1cter de enfermedad cr\u00f3nica que solo pudo ser aliviada con el v\u00f3mito de votos en contra de esa c\u00fapula palaciega el d\u00eda 5 de julio pasado.<\/p>\n<p>Una de las caracter\u00edsticas de los dictadorzuelos totalitarios m\u00e1s all\u00e1 de sus ambiciones inescrupulosas y violencia destructiva, es su vocaci\u00f3n de apropiarse de la ley y de encarnarla en ellos mismos, provocando una colusi\u00f3n entre el orden constitucional y el ejercicio perverso e impune del poder como fuente de alienaci\u00f3n planificada. Este tipo de gobierno son generadores de ilegitimidad, deshonestidad, cinismo y desconfianza, haciendo met\u00e1stasis en todos los estamentos del Estado, pero en el fondo su minusval\u00eda, inferioridad, endeblez y cobard\u00eda los obliga a aferrarse al poder, porque se sienten min\u00fasculos y desprotegidos sin \u00e9l.<\/p>\n<p>Por lo tanto, la pol\u00edtica y el poder mal concebidos y empleados pueden desencarrilar a una sociedad a extremos inimaginables de deterioro en todos los campos de la vida y provocar un elevado grado de sufrimiento colectivo, que bien pudieran degenerar en un estallido social de imprevisibles consecuencias.<\/p>\n<p>Analizado en perspectiva, las evidencias de los hechos indican claramente que,\u00a0 mucho antes de ascender al poder, Danilo Medina y su equipo ya ten\u00edan una estructura pol\u00edtico-empresarial de corrupci\u00f3n organizada y dise\u00f1ada para asaltar al Estado, cuyo plan lo fueron ejecutando con precisi\u00f3n de relojer\u00eda hasta que la ambici\u00f3n desmedida, odio, envidia y egocentrismo psicop\u00e1tico pre\u00f1ados de ingratitud dieron a luz a los gemelos de la traici\u00f3n y el enga\u00f1o el 19 de abril del 2015, hasta el aborto del fraude de las primarias del 6 de octubre del 2019, en donde el ex mandatario sell\u00f3 la destrucci\u00f3n del otrora invencible Partido de la Liberaci\u00f3n Dominicana.<\/p>\n<p><a href=\"http:\/\/localhost\/debateplural\/wp-content\/uploads\/2015\/08\/casa-nacional-del-pld-1.jpg\"><img loading=\"lazy\" decoding=\"async\" class=\"aligncenter  wp-image-8998\" src=\"http:\/\/localhost\/debateplural\/wp-content\/uploads\/2015\/08\/casa-nacional-del-pld-1.jpg\" alt=\"\" width=\"1005\" height=\"662\" srcset=\"https:\/\/debateplural.net\/site\/wp-content\/uploads\/2015\/08\/casa-nacional-del-pld-1.jpg 645w, https:\/\/debateplural.net\/site\/wp-content\/uploads\/2015\/08\/casa-nacional-del-pld-1-300x198.jpg 300w\" sizes=\"(max-width: 1005px) 100vw, 1005px\" \/><\/a><\/p>\n<p>Desde nuestra perpectiva, las causas de la debacle se inician desde el momento que el expresidente Medina se apart\u00f3 del modelo \u00e9tico del boschismo y abandon\u00f3 los principios b\u00e1sicos del fortalecimiento de las estructuras del Estado y las pr\u00e1cticas del buen gobierno.\u00a0 Cuando empez\u00f3 a faltar a su palabra, incumplir pactos, traicionar a compa\u00f1eros de su partido y a pronunciar discursos enga\u00f1osos, lo que trajo como consecuencia la p\u00e9rdida de confianza de los ciudadanos en su figura personal y pol\u00edtica, perdiendo as\u00ed su autoridad moral para controlar la corrupci\u00f3n gubernamental y el crimen.<\/p>\n<p>De manera que, su naufragio moral y p\u00e9rdida de confianza pol\u00edtica trajo como consecuencia la divisi\u00f3n social, polarizaci\u00f3n pol\u00edtica, aumento de la evasi\u00f3n fiscal y finalmente la reducci\u00f3n de las recaudaciones monetarias ante los descarados robos de los recursos del Estado, con el agravante de que no fueron producto de un super\u00e1vit financiero, sino de los miles de millones de d\u00f3lares del masivo endeudamiento externo, lo que constituye un doble crimen, pues esto significa que los ciudadanos tendremos que pagar no solo dicha deuda externa, sino tambi\u00e9n todas las fortunas robadas por ese c\u00e1rtel mafioso que se enquist\u00f3 en su gobierno.<\/p>\n<p>Una irrefutable muestra de esto la encontramos en la central termoel\u00e9ctrica Punta Catalina, entramado de corrupci\u00f3n armado en un viaje que hiciera el entonces presidente electo Danilo Medina a Brasil \u201cinvitado\u201d por el expresidente de esa naci\u00f3n Lula Da Silva y ODEBRECHT, tejiendo as\u00ed la telara\u00f1a de megacorrupci\u00f3n m\u00e1s grande y execrable de la historia pol\u00edtica dominicana.<\/p>\n<p>Ante estos hechos de podredumbre en sus gobiernos, Danilo Medina no puede alegar ignorancia, pues en sus c\u00ednicos discursos de campa\u00f1a desde el 2007 expon\u00eda con claridad los perjuicios de la corrupci\u00f3n pol\u00edtica, certificadas en decenas de videos, de manera que estaba muy consciente de las implicaciones de ese grave delito, sintetizados en su famosa expresi\u00f3n metaf\u00f3rica del \u201ctibur\u00f3n podrido\u201d.<\/p>\n<p>Los dos \u00faltimos hechos que dejan al descubierto las entrepiernas imp\u00fadicas de esta asociaci\u00f3n vand\u00e1lica fue que antes de dejar el poder aprobaron al vapor una ley de \u201camnist\u00eda fiscal\u201d para \u201clegalizar\u201d el lavado de activos de corrupci\u00f3n y la otra, el acto de cobard\u00eda e irresponsabilidad de Danilo Medina al refugiarse en la diputaci\u00f3n del PARLACEN buscando desesperadamente impunidad.<\/p>\n<p>Los contratos \u201cConexiones Norte-Sur, Corredor Vial del Este, Ecov\u00edas Pontezuela, Boulevard Tur\u00edstico del Este (Tramo Aeropuerto de Puntacana-K30), Carretera B\u00e1varo-Uvero Alto-Sabana de la Mar y Terminal Portuaria de Sabana de la Mar\u201d, entre otras, no resisten ning\u00fan an\u00e1lisis forense, pues lo que aconteci\u00f3 ah\u00ed fue un esquema burdo de c\u00f3mo estafar al Estado Dominicano desde las mismas oficinas de Palacio.<\/p>\n<p>De esta manera, como ejemplos de proporci\u00f3n, se firmaban contratos por un monto de 100 millones de d\u00f3lares, se constru\u00eda 50 millones y se pagaban 125 millones, lo que puede ser constatado con solo ver los contratos y sus anexos que est\u00e1n en las Gacetas Oficiales de estas obras y comparar lo que fue contratado con lo que realmente se ejecut\u00f3.<\/p>\n<p>Ah\u00ed podemos ver pasos a desnivel o elevados que nunca se realizaron, carriles que no se construyeron, carreteras m\u00e1s estrechas que las contratadas en el dise\u00f1o de obras, terminal portuaria que nunca se hizo, puentes que no se construyeron, espesores de asfalto menores a los del contrato, menor base y sub base de lo contratado, circunvalaciones que nunca se construyeron.<\/p>\n<p>Se lleg\u00f3 adem\u00e1s hasta el extremo de crear obras sobredimensionadas que el pa\u00eds no necesitaba o que en algunos casos no eran necesarias en su momento, sino dentro de m\u00e1s de treinta a\u00f1os, de acuerdo a los estudios de expertos internacionales, tan solo con el prop\u00f3sito de que estas obras fueran el medio \u201cencubierto\u201d para sacar dinero corrupto de las arcas del Estado.<\/p>\n<p>Los contratos de asfaltado por miles de millones de d\u00f3lares, los esc\u00e1ndalos en la compra de los insumos sobrevaluados en Salud P\u00fablica durante la pandemia del COVID 19, los esc\u00e1ndalos de corrupci\u00f3n en el Ministerio de Educaci\u00f3n, en la OMSA, en el Plan Social de la Presidencia, OISOE y muchos m\u00e1s, demuestran que exist\u00eda una mente macabra y delincuencial que coordinaba una maquinaria tenebrosa de corrupci\u00f3n, sin tener en cuenta que\u00a0 gastaba\u00a0 decenas de miles de millones de d\u00f3lares, en un pa\u00eds pobre, que se endeudaba\u00a0 desmesuradamente solo para saciar la avaricia sin l\u00edmites de un \u201cgrupito\u201d palaciego.<\/p>\n<p>Afortunadamente, nuestro pueblo se puso en pie y la sociedad dijo \u00a1basta ya!, cuando en todos los rincones del pa\u00eds se escuchaba E\u2019PA FUERA QUE VAN y SE VAN, expresi\u00f3n generalizada de un pueblo cansado de los abusos y las decepciones de un grupo de asaltantes que se disfrazaban de santas ovejas. Ahora, ese mismo pueblo espera que no existir\u00e1 m\u00e1s impunidad por los cr\u00edmenes cometidos, ya que seremos todos los ciudadanos los que injustamente pagaremos por todo lo robado, a trav\u00e9s del pago de una abultada deuda externa en que nos involucr\u00f3 el c\u00e1rtel de corruptos dirigido por Danilo Medina.<\/p>\n<p>Este grupo deber\u00e1 pagar no solo por estos hechos, sino que tambi\u00e9n devolver al pa\u00eds todo el dinero que tienen ileg\u00edtimamente. \u00a1JUSTICIA A LA PATRIA!<\/p>\n","protected":false},"excerpt":{"rendered":"<p>Rafael G. Guzm\u00e1n Ferm\u00edn (Listin, 18-11-20) &nbsp; Durante los 8 a\u00f1os de gobierno del PLD que encabez\u00f3 Danilo Medina, la Rep\u00fablica Dominicana fue sistem\u00e1ticamente forzada a cambiar muchos de sus patrones de gesti\u00f3n pol\u00edtica del Estado. Una r\u00e1pida revisi\u00f3n de sus dos per\u00edodos permite descubrir que, desde los primeros meses, se empez\u00f3 a entronizar en [&hellip;]<\/p>\n","protected":false},"author":1,"featured_media":45376,"comment_status":"open","ping_status":"open","sticky":false,"template":"","format":"standard","meta":{"footnotes":""},"categories":[5,12],"tags":[],"class_list":["post-45375","post","type-post","status-publish","format-standard","has-post-thumbnail","hentry","category-nacionales","category-politica-3"],"_links":{"self":[{"href":"https:\/\/debateplural.net\/site\/wp-json\/wp\/v2\/posts\/45375"}],"collection":[{"href":"https:\/\/debateplural.net\/site\/wp-json\/wp\/v2\/posts"}],"about":[{"href":"https:\/\/debateplural.net\/site\/wp-json\/wp\/v2\/types\/post"}],"author":[{"embeddable":true,"href":"https:\/\/debateplural.net\/site\/wp-json\/wp\/v2\/users\/1"}],"replies":[{"embeddable":true,"href":"https:\/\/debateplural.net\/site\/wp-json\/wp\/v2\/comments?post=45375"}],"version-history":[{"count":1,"href":"https:\/\/debateplural.net\/site\/wp-json\/wp\/v2\/posts\/45375\/revisions"}],"predecessor-version":[{"id":45377,"href":"https:\/\/debateplural.net\/site\/wp-json\/wp\/v2\/posts\/45375\/revisions\/45377"}],"wp:featuredmedia":[{"embeddable":true,"href":"https:\/\/debateplural.net\/site\/wp-json\/wp\/v2\/media\/45376"}],"wp:attachment":[{"href":"https:\/\/debateplural.net\/site\/wp-json\/wp\/v2\/media?parent=45375"}],"wp:term":[{"taxonomy":"category","embeddable":true,"href":"https:\/\/debateplural.net\/site\/wp-json\/wp\/v2\/categories?post=45375"},{"taxonomy":"post_tag","embeddable":true,"href":"https:\/\/debateplural.net\/site\/wp-json\/wp\/v2\/tags?post=45375"}],"curies":[{"name":"wp","href":"https:\/\/api.w.org\/{rel}","templated":true}]}}