{"id":45392,"date":"2021-03-02T14:37:46","date_gmt":"2021-03-02T18:37:46","guid":{"rendered":"http:\/\/debateplural.com\/?p=45392"},"modified":"2021-03-02T14:37:46","modified_gmt":"2021-03-02T18:37:46","slug":"se-avecinan-cambios-en-las-relaciones-cuba-eeuu","status":"publish","type":"post","link":"https:\/\/debateplural.net\/site\/2021\/03\/02\/se-avecinan-cambios-en-las-relaciones-cuba-eeuu\/","title":{"rendered":"\u00bfSe avecinan cambios en las relaciones Cuba-EEUU?"},"content":{"rendered":"<div class=\"txt_newworld\">\n<p>Germ\u00e1n Gorraiz L\u00f3pez (teleSur, 1-3-21)<\/p>\n<p>&nbsp;<\/p>\n<p>El cese del bloqueo de Estados Unidos contra Cuba, exigido por vig\u00e9simo octavo a\u00f1o consecutivo en la Asamblea General de la Organizaci\u00f3n de las Naciones Unidas y aprobado de forma abrumadora por 187 votos a favor, 3 en contra (EE.UU., Israel y Brasil) y 2 abstenciones, reafirma la libertad de comercio y navegaci\u00f3n ante un bloqueo anacr\u00f3nico instaurado por Kennedy en 1.962 y que habr\u00eda supuesto para la Isla unas p\u00e9rdidas directas e indirectas estimadas en 110.000 millones $ seg\u00fan el Programa de Naciones Unidas para el Desarrollo (PNUD) y cerca del Bill\u00f3n $ seg\u00fan el Gobierno cubano. Adem\u00e1s, la renovaci\u00f3n autom\u00e1tica por parte de EEUU por un a\u00f1o m\u00e1s del embargo comercial a la isla atentar\u00edan contra el vigente sistema financiero y pol\u00edtico internacional y podr\u00edan suponer para Cuba p\u00e9rdidas estimadas en cerca de 70.000 millones de $, abocando al r\u00e9gimen cubano a la asfixia econ\u00f3mica, siendo \u201cperentorio\u201d el finiquito de un bloqueo que corre el riesgo de convertirse en end\u00e9mico y que puede tornarse letal tras la irrupci\u00f3n de la pandemia del coronavirus.<\/p>\n<div class=\"qnewworld\">Donald Trump adopt\u00f3 como leit motiv de su Presidencia eliminar todo vestigio del legado obamaniano. As\u00ed, tras el intento de finiquitar el Obamacare, el anuncio de revisi\u00f3n del Tratado NAFTA y la retirada de EE.UU. del Acuerdo de Par\u00eds contra el Cambio Clim\u00e1tico, el siguiente paso fue deshacer los avances diplom\u00e1ticos y comerciales alcanzados con Cuba bajo el mandato de Barack Obama. As\u00ed, los cambios propuestos por la administraci\u00f3n Trump ten\u00edan como intenci\u00f3n aumentar las regulaciones y la supervisi\u00f3n para dificultar a las empresas estadounidenses rubricar acuerdos con Cuba as\u00ed como para que los estadounidenses contin\u00faen viajando al pa\u00eds y ser\u00edan fruto de la extenuante presi\u00f3n de los destacados representantes cubano-americanos Marco Rubio y Mario D\u00edaz-Balart, ambos republicanos.<\/div>\n<p>Por su parte, Mike Pence, anunci\u00f3 la implementaci\u00f3n de nuevas medidas contra dos compa\u00f1\u00edas que transportan el crudo venezolano hasta Cuba as\u00ed como contra los 34 buques que utiliza PDVSA para tal cometido con el objetivo confeso de provocar la \u201casfixia energ\u00e9tica de Cuba\u201d mediante la amputaci\u00f3n del cord\u00f3n umbilical que unen Venezuela y Cuba siguiendo la teor\u00eda kentiana del \u201cpalo y la zanahoria \u201c expuesta por Sherman Kent en su libro \u201cInteligencia Estrat\u00e9gica para la Pol\u00edtica Mundial Norteamericana\u201d (1949). En dicho libro, Kent afirma que \u201c la guerra no siempre es convencional: en efecto, una gran parte de la guerra, de las remotas y las m\u00e1s pr\u00f3ximas, ha sido siempre realizada con armas no convencionales: [&#8230;] armas [&#8230;] pol\u00edticas y econ\u00f3micas. La clase de guerra en que se emplean [&#8230;] (son la) guerra pol\u00edtica y la guerra econ\u00f3mica.\u201d<\/p>\n<div id=\"attachment_12499\" style=\"width: 834px\" class=\"wp-caption aligncenter\"><a href=\"http:\/\/localhost\/debateplural\/wp-content\/uploads\/2016\/11\/banderas-Cuba-Unidos-jpg.jpg\"><img loading=\"lazy\" decoding=\"async\" aria-describedby=\"caption-attachment-12499\" class=\" wp-image-12499\" src=\"http:\/\/localhost\/debateplural\/wp-content\/uploads\/2016\/11\/banderas-Cuba-Unidos-jpg.jpg\" alt=\"\" width=\"824\" height=\"565\" srcset=\"https:\/\/debateplural.net\/site\/wp-content\/uploads\/2016\/11\/banderas-Cuba-Unidos-jpg.jpg 474w, https:\/\/debateplural.net\/site\/wp-content\/uploads\/2016\/11\/banderas-Cuba-Unidos-jpg-300x206.jpg 300w, https:\/\/debateplural.net\/site\/wp-content\/uploads\/2016\/11\/banderas-Cuba-Unidos-jpg-145x100.jpg 145w, https:\/\/debateplural.net\/site\/wp-content\/uploads\/2016\/11\/banderas-Cuba-Unidos-jpg-380x260.jpg 380w\" sizes=\"(max-width: 824px) 100vw, 824px\" \/><\/a><p id=\"caption-attachment-12499\" class=\"wp-caption-text\">Banderas de Cuba y Estados Unidos<\/p><\/div>\n<p>Siguiendo con la escalada represiva, el Departamento del Tesoro de EEUU impuso sanciones a la empresa estatal cubana Cubametales por \u201csu continuada importaci\u00f3n de crudo venezolano y apoyo al Gobierno del presidente de Venezuela, Nicol\u00e1s Maduro\u201d. Como consecuencia de esta medida, quedan congelados los activos que la empresa pueda tener bajo jurisdicci\u00f3n estadounidense y quedan prohibidas transacciones financieras con entidades estadounidenses pues Cubametales ser\u00eda seg\u00fan el Gobierno de EE.UU. \u201cresponsable de garantizar el total de las importaciones y exportaciones de combustibles desde y hacia Cuba\u201d. El objetivo confeso era que la Isla se viera abocada a una asfixia de resultados imprevisibles tras el hundimiento del turismo provocado por la irrupci\u00f3n en la Isla de la pandemia del coronavirus y en el paroxismo de la insolidaridad, la Administraci\u00f3n Trump bloque\u00f3 las compras y entregas de mascarillas, ventiladores pulmonares y dem\u00e1s insumos sanitarios b\u00e1sicos para el tratamiento de pacientes con Covid-19 pues el objetivo \u00faltimo de la Administraci\u00f3n Trump ser\u00eda conseguir el desabastecimiento total de petr\u00f3leo, alimentos e insumos sanitarios vitales para hacer tambalear el actual status quo de la Isla y como traca de despedida, Trump volvi\u00f3 a incluir a Cuba en la lista de \u201cEstados Patrocinadores del Terrorismo\u201d.<\/p>\n<p>Sin embargo, Joe Biden en una entrevista concedida a la cadena CBS asegur\u00f3 que \u201cen el supuesto de ganar las elecciones retomar\u00eda la pol\u00edtica llevada a cabo por Barack Obama hacia Cuba\u201d, lo que se traducir\u00e1 en un cambio radical en las relaciones cubano-estadounidenses que se plasmar\u00e1 en la suspensi\u00f3n del bloqueo energ\u00e9tico a la Isla as\u00ed como en el previsible cierre de la prisi\u00f3n de Guant\u00e1namo. Asimismo, la Administraci\u00f3n Biden vista la divisi\u00f3n e inoperancia de la oposici\u00f3n, habr\u00eda dado por amortizado a Juan Guaid\u00f3 y perseguir\u00eda la formaci\u00f3n de un Gobierno de Transici\u00f3n en Venezuela integrado por figuras de consenso tanto de la oposici\u00f3n como del chavismo que deber\u00e1 preparar unas nuevas Elecciones Legislativas y Presidenciales para el 2022, tarea para lo que se antoja imprescindible la colaboraci\u00f3n de Cuba.<\/p>\n<\/div>\n","protected":false},"excerpt":{"rendered":"<p>Germ\u00e1n Gorraiz L\u00f3pez (teleSur, 1-3-21) &nbsp; El cese del bloqueo de Estados Unidos contra Cuba, exigido por vig\u00e9simo octavo a\u00f1o consecutivo en la Asamblea General de la Organizaci\u00f3n de las Naciones Unidas y aprobado de forma abrumadora por 187 votos a favor, 3 en contra (EE.UU., Israel y Brasil) y 2 abstenciones, reafirma la libertad [&hellip;]<\/p>\n","protected":false},"author":1,"featured_media":27323,"comment_status":"open","ping_status":"open","sticky":false,"template":"","format":"standard","meta":{"footnotes":""},"categories":[14,12],"tags":[],"class_list":["post-45392","post","type-post","status-publish","format-standard","has-post-thumbnail","hentry","category-internacionales","category-politica-3"],"_links":{"self":[{"href":"https:\/\/debateplural.net\/site\/wp-json\/wp\/v2\/posts\/45392"}],"collection":[{"href":"https:\/\/debateplural.net\/site\/wp-json\/wp\/v2\/posts"}],"about":[{"href":"https:\/\/debateplural.net\/site\/wp-json\/wp\/v2\/types\/post"}],"author":[{"embeddable":true,"href":"https:\/\/debateplural.net\/site\/wp-json\/wp\/v2\/users\/1"}],"replies":[{"embeddable":true,"href":"https:\/\/debateplural.net\/site\/wp-json\/wp\/v2\/comments?post=45392"}],"version-history":[{"count":1,"href":"https:\/\/debateplural.net\/site\/wp-json\/wp\/v2\/posts\/45392\/revisions"}],"predecessor-version":[{"id":45393,"href":"https:\/\/debateplural.net\/site\/wp-json\/wp\/v2\/posts\/45392\/revisions\/45393"}],"wp:featuredmedia":[{"embeddable":true,"href":"https:\/\/debateplural.net\/site\/wp-json\/wp\/v2\/media\/27323"}],"wp:attachment":[{"href":"https:\/\/debateplural.net\/site\/wp-json\/wp\/v2\/media?parent=45392"}],"wp:term":[{"taxonomy":"category","embeddable":true,"href":"https:\/\/debateplural.net\/site\/wp-json\/wp\/v2\/categories?post=45392"},{"taxonomy":"post_tag","embeddable":true,"href":"https:\/\/debateplural.net\/site\/wp-json\/wp\/v2\/tags?post=45392"}],"curies":[{"name":"wp","href":"https:\/\/api.w.org\/{rel}","templated":true}]}}