{"id":45485,"date":"2021-03-08T11:11:15","date_gmt":"2021-03-08T15:11:15","guid":{"rendered":"http:\/\/debateplural.com\/?p=45485"},"modified":"2021-03-08T11:11:15","modified_gmt":"2021-03-08T15:11:15","slug":"apuntes-por-el-8-de-marzo","status":"publish","type":"post","link":"https:\/\/debateplural.net\/site\/2021\/03\/08\/apuntes-por-el-8-de-marzo\/","title":{"rendered":"Apuntes por el 8 de marzo"},"content":{"rendered":"<div>\n<p>Natalia Rodriguez Blanco (Rebelion, 8-3-21)<\/p>\n<p>&nbsp;<\/p>\n<p>A manera de esbozo, esta columna presenta m\u00e1s inc\u00f3gnitas que respuestas sobre un tema tan mundial como local, tan pasado como presente. A un a\u00f1o de desatarse la crisis sanitaria global, que profundiz\u00f3 las desigualdades entre hombres y mujeres a todo nivel, cabe plantearse algunas interrogantes con el objetivo de encarar este 8 de marzo, D\u00eda internacional de la mujer.<\/p>\n<\/div>\n<div id=\"cols\">\n<p>Ser\u00e1n 46 a\u00f1os de la institucionalizaci\u00f3n de la jornada por la lucha para nuestra emancipaci\u00f3n, aterricemos la reflexi\u00f3n a Bolivia. La noci\u00f3n m\u00e1s b\u00e1sica de emancipaci\u00f3n designa la liberaci\u00f3n frente a alg\u00fan tipo de poder que subordina. Por tanto, conlleva una relaci\u00f3n entre qui\u00e9n detenta el poder y sobre qui\u00e9n se lo ejerce. Estamos, as\u00ed, ante una asimetr\u00eda. \u00bfC\u00f3mo la vivimos, entonces? De modos muy variados, algunos sutiles, otros brutales.<\/p>\n<p>Primero, la reciente riada de denuncias de abuso sufrido por estudiantes de la universidad cat\u00f3lica por parte una red de abusadores, instalada en centros estudiantiles, operada por\u00a0<em>relacionadores<\/em>\u00a0y representantes universitarios por a\u00f1os, es solo un ejemplo. Otro son las recientes denuncias a candidatos ediles por acoso sexual y violencia. La desigualdad radica no solamente en el poder que ejercen los acosadores sobre sus v\u00edctimas mediante diferentes modos de coerci\u00f3n y chantaje, sino en la exposici\u00f3n y omisi\u00f3n a las v\u00edctimas y los victimarios, respectivamente. Exposici\u00f3n de parte de los medios de comunicaci\u00f3n que proyectan sistem\u00e1ticamente im\u00e1genes atroces de v\u00edctimas de feminicidio o violencia; omisi\u00f3n al decidir expresamente obviar de su agenda medi\u00e1tica las denuncias en curso o socapar a los perpetradores, consolidando el pacto de silencio ya prevalente.<\/p>\n<p>Por una parte, tratemos de dimensionar la perversidad multinivel del sistema patriarcal en relaci\u00f3n con los a\u00f1os de silencio y dolor de las v\u00edctimas que buscaron \u201cser fuertes\u201d y aguantar, pero que finalmente decidieron utilizar un Confesionario en Facebook para denunciar masivamente a sus agresores, respaldadas por el apoyo de la comunidad virtual. Que Facebook sea el espacio elegido para denunciar \u2013y lograr captar la atenci\u00f3n de las instituciones y operadores de justicia\u2013 es di\u00e1fana muestra de la urgencia de replantear el sistema judicial, ineficiente frente a la violencia contra la mujer.<\/p>\n<p><a href=\"http:\/\/localhost\/debateplural\/wp-content\/uploads\/2018\/03\/mujer-dia-internacional.jpg\"><img loading=\"lazy\" decoding=\"async\" class=\" wp-image-23257 aligncenter\" src=\"http:\/\/localhost\/debateplural\/wp-content\/uploads\/2018\/03\/mujer-dia-internacional-300x150.jpg\" alt=\"\" width=\"908\" height=\"454\" srcset=\"https:\/\/debateplural.net\/site\/wp-content\/uploads\/2018\/03\/mujer-dia-internacional-300x150.jpg 300w, https:\/\/debateplural.net\/site\/wp-content\/uploads\/2018\/03\/mujer-dia-internacional.jpg 500w\" sizes=\"(max-width: 908px) 100vw, 908px\" \/><\/a><\/p>\n<p>Por otra parte, es indignante que la respuesta a una denuncia p\u00fablica por acoso sea burlarse de la v\u00edctima, arguyendo que se trataba de un #BesoDeNegro (campa\u00f1a en redes sociales que juega con el mote del acusado y el acto no consentido, donde son mujeres quienes legitiman esa conducta), que se \u201cquitaron la mochila\u201d de golpeadores o que la v\u00edctima \u201cno dijo no\u201d, sin mencionar que tampoco dijo s\u00ed al haber sido drogada por sus agresores. Al catalizar estas respuestas, los actores medi\u00e1ticos normalizan la violencia, minimizan y revictimizan a las denunciantes, banalizan las denuncias. Cual prestidigitadores, vuelcan el parlamento violento para que lo repitamos, lo internalicemos. As\u00ed, vivimos la violencia desde la materialidad corporal del discurso. La vivimos desde este cuerpo que nos es tan nuestro como nos es ajeno, dir\u00eda Simone.<\/p>\n<p>Segundo, en este sistema asim\u00e9trico, resultan grandes las palabras como derechos o equidad de g\u00e9nero. Suena a muletilla \u201cel emprededurismo\u201d de la mujer si ella cumple doble trabajo, dentro y fuera de casa. La equidad es irreal mientras, a toda escala, se transmitan y reciclen consignas nocivas que nos calan y condicionan incesantemente nuestra conducta, disciplinando nuestro m\u00e1s esencial modo de ser. Esto lo ilustra ese ex vicepresidente que dec\u00eda tener claro c\u00f3mo educarnos para no ser violadas, acosadas o ultrajadas.<\/p>\n<p>Tercero, los ataques a la mujer, por ser mujer, son pan de cada d\u00eda en lo familiar, laboral, pol\u00edtico. Sigue latente la doble moral a la hora de juzgar nuestro desempe\u00f1o en cada una de esas esferas; moral que a\u00fan hoy nos pretende n\u00edveas, puras y castas, dir\u00eda Alfonsina. No lograremos una sociedad justa mientras se siga determinando que las mujeres ocupen cuantitavemente espacios diferentes que los hombres, infravalorando nuestro aporte, justificando as\u00ed nuestra subordinaci\u00f3n.<\/p>\n<p>En esta jornada electoral, 92% de hombres y 8% de mujeres pugnan por las gobernaciones a nivel nacional en franca contradicci\u00f3n con nuestro derecho a la participaci\u00f3n y representaci\u00f3n pol\u00edtica. Si hoy no votamos por mujeres, perm\u00edtanme que me asombre, dir\u00eda Adela.<\/p>\n<p>En suma, la participaci\u00f3n de la mujer es nuclear en cada esfera de la sociedad, de nuestra existencia como especie humana. La lucha por la emancipaci\u00f3n de la mujer nos atraviesa a todas, calcemos abarcas, deportivos, tacones o chanclas. Y la lucha no ha concluido. Que los derechos y espacios conquistados no se queden en palabras altisonantes, que nos invisibilizan y tratan de frenar la imprescindible transformaci\u00f3n.<\/p>\n<\/div>\n","protected":false},"excerpt":{"rendered":"<p>Natalia Rodriguez Blanco (Rebelion, 8-3-21) &nbsp; A manera de esbozo, esta columna presenta m\u00e1s inc\u00f3gnitas que respuestas sobre un tema tan mundial como local, tan pasado como presente. A un a\u00f1o de desatarse la crisis sanitaria global, que profundiz\u00f3 las desigualdades entre hombres y mujeres a todo nivel, cabe plantearse algunas interrogantes con el objetivo [&hellip;]<\/p>\n","protected":false},"author":1,"featured_media":31600,"comment_status":"open","ping_status":"open","sticky":false,"template":"","format":"standard","meta":{"footnotes":""},"categories":[14,17],"tags":[],"class_list":["post-45485","post","type-post","status-publish","format-standard","has-post-thumbnail","hentry","category-internacionales","category-sociedad"],"_links":{"self":[{"href":"https:\/\/debateplural.net\/site\/wp-json\/wp\/v2\/posts\/45485"}],"collection":[{"href":"https:\/\/debateplural.net\/site\/wp-json\/wp\/v2\/posts"}],"about":[{"href":"https:\/\/debateplural.net\/site\/wp-json\/wp\/v2\/types\/post"}],"author":[{"embeddable":true,"href":"https:\/\/debateplural.net\/site\/wp-json\/wp\/v2\/users\/1"}],"replies":[{"embeddable":true,"href":"https:\/\/debateplural.net\/site\/wp-json\/wp\/v2\/comments?post=45485"}],"version-history":[{"count":1,"href":"https:\/\/debateplural.net\/site\/wp-json\/wp\/v2\/posts\/45485\/revisions"}],"predecessor-version":[{"id":45486,"href":"https:\/\/debateplural.net\/site\/wp-json\/wp\/v2\/posts\/45485\/revisions\/45486"}],"wp:featuredmedia":[{"embeddable":true,"href":"https:\/\/debateplural.net\/site\/wp-json\/wp\/v2\/media\/31600"}],"wp:attachment":[{"href":"https:\/\/debateplural.net\/site\/wp-json\/wp\/v2\/media?parent=45485"}],"wp:term":[{"taxonomy":"category","embeddable":true,"href":"https:\/\/debateplural.net\/site\/wp-json\/wp\/v2\/categories?post=45485"},{"taxonomy":"post_tag","embeddable":true,"href":"https:\/\/debateplural.net\/site\/wp-json\/wp\/v2\/tags?post=45485"}],"curies":[{"name":"wp","href":"https:\/\/api.w.org\/{rel}","templated":true}]}}