{"id":4553,"date":"2016-03-28T14:37:00","date_gmt":"2016-03-28T14:37:00","guid":{"rendered":"http:\/\/debateplural.com\/?p=4553"},"modified":"2016-06-23T13:54:51","modified_gmt":"2016-06-23T13:54:51","slug":"fidel-castro-no-necesitamos-que-el-imperio-nos-regale-nada","status":"publish","type":"post","link":"https:\/\/debateplural.net\/site\/2016\/03\/28\/fidel-castro-no-necesitamos-que-el-imperio-nos-regale-nada\/","title":{"rendered":"Fidel Castro: \"No necesitamos que el Imperio nos regale nada\""},"content":{"rendered":"<div id=\"attachment_1201\" style=\"width: 715px\" class=\"wp-caption aligncenter\"><img loading=\"lazy\" decoding=\"async\" aria-describedby=\"caption-attachment-1201\" class=\"size-full wp-image-1201\" src=\"http:\/\/tripletecnologia.com\/website\/debateplural\/wp-content\/uploads\/2016\/03\/fidel-castro-1.jpg\" alt=\"Fidel Castro\" width=\"705\" height=\"705\" \/><p id=\"caption-attachment-1201\" class=\"wp-caption-text\">Fidel Castro<\/p><\/div>\n<p style=\"text-align:justify;\">\"Somos capaces de producir los alimentos y las riquezas materiales que necesitamos con el esfuerzo y la inteligencia de nuestro pueblo\", escribe el expresidente cubano<a href=\"http:\/\/localhost\/debateplural\/tag\/fidel-castro\"> Fidel Castro<\/a>.<\/p>\n<p style=\"text-align:justify;\">En el marco del hist\u00f3rico viaje del presidente estadounidense\u00a0a <a href=\"http:\/\/localhost\/debateplural\/tag\/cuba\">Cuba<\/a>, el expresidente de este\u00a0pa\u00eds\u00a0<a href=\"https:\/\/actualidad.rt.com\/actualidad\/169815-fidel-castro-cuba-revolucion\" target=\"_blank\">Fidel Castro<\/a>\u00a0ha publicado un art\u00edculo, titulado 'Hermano Obama',\u00a0en\u00a0el portal\u00a0Cuba Debate en que critica las palabras pronunciadas en la isla por <a href=\"https:\/\/actualidad.rt.com\/actualidad\/166596-presidente-barack-obama-eeuu\" target=\"_blank\">Obama<\/a>.\u00a0\"Mi modesta sugerencia es que reflexione y no trate ahora de elaborar teor\u00edas sobre la pol\u00edtica cubana\", se dirige Fidel Castro a Obama.<!--more--><\/p>\n<p style=\"text-align:justify;\">\"Vine aqu\u00ed para dejar atr\u00e1s los \u00faltimos vestigios de la guerra fr\u00eda en las Am\u00e9ricas. Vine aqu\u00ed extendiendo la mano de amistad al pueblo cubano\", cita\u00a0las palabras de Obama en su art\u00edculo\u00a0el l\u00edder de la Revoluci\u00f3n Cubana. Castro vuelve a citar a Obama cuando este afirm\u00f3 que \"ambos [pa\u00edses] vivimos en un nuevo mundo colonizado por europeos\" y que\u00a0\"Cuba, al igual que <a href=\"http:\/\/localhost\/debateplural\/tag\/estados-unidos\">Estados Unidos<\/a>, fue constituida por esclavos tra\u00eddos de \u00c1frica; al igual que Estados Unidos, el pueblo cubano tiene herencias en esclavos y esclavistas\", lo cual, admite el exmandatario cubano, es \"enteramente novedoso para la mayor\u00eda de nosotros [cubanos]\".<\/p>\n<p style=\"text-align:justify;\">Sin embargo, concluye Fidel Castro, las poblaciones nativas no existen para Obama.\u00a0\"Tampoco dice que la discriminaci\u00f3n racial fue barrida por la Revoluci\u00f3n; que el retiro y el salario de todos los cubanos fueron decretados por esta antes de que el se\u00f1or <a href=\"http:\/\/localhost\/debateplural\/tag\/barack-obama\">Barack Obama<\/a> cumpliera 10 a\u00f1os\", sentencia el exl\u00edder cubano.<\/p>\n<h3 style=\"text-align:justify;\">\"Nada podr\u00e1 justificar aquel alevoso ataque\"<\/h3>\n<p style=\"text-align:justify;\">En su art\u00edculo, Fidel Castro recuerda los tr\u00e1gicos sucesos sufridos por los cubanos el a\u00f1o 1961, cuando\u00a0\"apenas un a\u00f1o y tres meses despu\u00e9s del Triunfo de la Revoluci\u00f3n, una fuerza mercenaria con ca\u00f1ones e infanter\u00eda blindada, equipada con aviones, fue entrenada y acompa\u00f1ada por buques de guerra y portaviones de Estados Unidos, atacando por sorpresa a nuestro pa\u00eds\". \"Nada podr\u00e1 justificar aquel alevoso ataque que cost\u00f3 a nuestro pa\u00eds cientos de bajas entre muertos y heridos\", opina el l\u00edder de la Revoluci\u00f3n Cubana.<\/p>\n<h3 style=\"text-align:justify;\">\"Corr\u00edamos el riesgo de un infarto al escucharlo\"<\/h3>\n<p style=\"text-align:justify;\">El expresidente cubano critica tambi\u00e9n uno de los llamamientos de Obama en Cuba: \"Miremos el futuro, mir\u00e9moslo juntos, un futuro de esperanza\". \"Se supone que cada uno de nosotros corr\u00eda el riesgo de un infarto al escuchar estas palabras del Presidente de Estados Unidos\", escribe Fidel\u00a0Castro.<\/p>\n<p style=\"text-align:justify;\">El exmandatario cubano recuerda en su art\u00edculo a las v\u00edctimas de \"los ataques mercenarios a barcos y puertos cubanos,\u00a0m\u00faltiples actos de violencia y de fuerza, un avi\u00f3n de l\u00ednea repleto de pasajeros hecho estallar en pleno vuelo, invasiones mercenarias\".<\/p>\n<p style=\"text-align:justify;\">\"No necesitamos que el imperio nos regale nada\", concluye Fidel Castro. El expresidente cubano remata afirmando que los cubanos \"somos capaces de producir los alimentos y las riquezas materiales que necesitamos con el esfuerzo y la inteligencia de nuestro pueblo\".<\/p>\n<h3>Hito hist\u00f3rico<\/h3>\n<p style=\"text-align:justify;\">El presidente de Estados Unidos,\u00a0<a href=\"https:\/\/actualidad.rt.com\/actualidad\/166596-presidente-barack-obama-eeuu\" target=\"_blank\">Barack Obama<\/a>, estuvo\u00a0en Cuba de <a href=\"https:\/\/actualidad.rt.com\/actualidad\/202556-minuto-visita-obama-cuba\" target=\"_blank\" rel=\"up\">visita<\/a>\u00a0oficial entre el 20 y el 22 de marzo. Se trata de un hito hist\u00f3rico, ya que es\u00a0el primer mandatario norteamericano que acude a la isla en m\u00e1s de 80 a\u00f1os.<\/p>\n<h3 style=\"text-align:justify;\">Leyes anticubanas<\/h3>\n<p style=\"text-align:justify;\">Pese a la suavizaci\u00f3n del r\u00e9gimen de sanciones que ha comenzado el presidente Obama, a\u00fan quedan varias leyes importantes que forman parte del embargo unilateral de EE.UU. contra Cuba, sin cuyo levantamiento ser\u00e1 imposible alcanzar logros esenciales en el proceso de normalizaci\u00f3n.<\/p>\n<p style=\"text-align:justify;\">Por ejemplo, en 1992 EE.UU. adopt\u00f3 la llamada\u00a0<a href=\"https:\/\/actualidad.rt.com\/actualidad\/160697-bloqueo-cuba-eeuu-historia\" target=\"_blank\" rel=\"up\">ley Torricelli<\/a> que, adem\u00e1s de establecer medidas para limitar el transporte mar\u00edtimo a Cuba, proh\u00edbe el comercio con el pa\u00eds caribe\u00f1o a las empresas subsidiarias de compa\u00f1\u00edas estadounidenses establecidas en terceros pa\u00edses.<\/p>\n","protected":false},"excerpt":{"rendered":"<p>\"Somos capaces de producir los alimentos y las riquezas materiales que necesitamos con el esfuerzo y la inteligencia de nuestro pueblo\", escribe el expresidente cubano Fidel Castro. En el marco del hist\u00f3rico viaje del presidente estadounidense\u00a0a Cuba, el expresidente de este\u00a0pa\u00eds\u00a0Fidel Castro\u00a0ha publicado un art\u00edculo, titulado 'Hermano Obama',\u00a0en\u00a0el portal\u00a0Cuba Debate en que critica las palabras [&hellip;]<\/p>\n","protected":false},"author":1,"featured_media":7154,"comment_status":"open","ping_status":"open","sticky":false,"template":"","format":"standard","meta":{"footnotes":""},"categories":[14],"tags":[19,20,8,33],"class_list":["post-4553","post","type-post","status-publish","format-standard","has-post-thumbnail","hentry","category-internacionales","tag-barack-obama","tag-cuba","tag-estados-unidos","tag-fidel-castro"],"_links":{"self":[{"href":"https:\/\/debateplural.net\/site\/wp-json\/wp\/v2\/posts\/4553"}],"collection":[{"href":"https:\/\/debateplural.net\/site\/wp-json\/wp\/v2\/posts"}],"about":[{"href":"https:\/\/debateplural.net\/site\/wp-json\/wp\/v2\/types\/post"}],"author":[{"embeddable":true,"href":"https:\/\/debateplural.net\/site\/wp-json\/wp\/v2\/users\/1"}],"replies":[{"embeddable":true,"href":"https:\/\/debateplural.net\/site\/wp-json\/wp\/v2\/comments?post=4553"}],"version-history":[{"count":1,"href":"https:\/\/debateplural.net\/site\/wp-json\/wp\/v2\/posts\/4553\/revisions"}],"predecessor-version":[{"id":7155,"href":"https:\/\/debateplural.net\/site\/wp-json\/wp\/v2\/posts\/4553\/revisions\/7155"}],"wp:featuredmedia":[{"embeddable":true,"href":"https:\/\/debateplural.net\/site\/wp-json\/wp\/v2\/media\/7154"}],"wp:attachment":[{"href":"https:\/\/debateplural.net\/site\/wp-json\/wp\/v2\/media?parent=4553"}],"wp:term":[{"taxonomy":"category","embeddable":true,"href":"https:\/\/debateplural.net\/site\/wp-json\/wp\/v2\/categories?post=4553"},{"taxonomy":"post_tag","embeddable":true,"href":"https:\/\/debateplural.net\/site\/wp-json\/wp\/v2\/tags?post=4553"}],"curies":[{"name":"wp","href":"https:\/\/api.w.org\/{rel}","templated":true}]}}