{"id":45541,"date":"2021-03-10T11:54:37","date_gmt":"2021-03-10T15:54:37","guid":{"rendered":"http:\/\/debateplural.com\/?p=45541"},"modified":"2021-03-10T11:54:37","modified_gmt":"2021-03-10T15:54:37","slug":"despues-de-la-anulacion-de-las-condenas-a-lula-el-desconcierto-y-silencio-de-los-fans-del-lava-jato-y-sergio-moro-ese-invento-de-los-medios","status":"publish","type":"post","link":"https:\/\/debateplural.net\/site\/2021\/03\/10\/despues-de-la-anulacion-de-las-condenas-a-lula-el-desconcierto-y-silencio-de-los-fans-del-lava-jato-y-sergio-moro-ese-invento-de-los-medios\/","title":{"rendered":"Despu\u00e9s de la anulaci\u00f3n de las condenas a Lula: el desconcierto (y silencio) de los fans del Lava Jato y Sergio Moro, ese invento de los medios"},"content":{"rendered":"<p>Cecilia Gonz\u00e1lez (Russia Today, 9-3-21)<\/p>\n<p>&nbsp;<\/p>\n<p>&nbsp;<\/p>\n<p>Hace pocos a\u00f1os, los adjetivos en la prensa tradicional latinoamericana no alcanzaban para ensalzar a Sergio Moro, el exjuez brasile\u00f1o que encabez\u00f3 la investigaci\u00f3n conocida como Lava Jato, que tuvo impacto en toda la regi\u00f3n, y que logr\u00f3 meter preso ni m\u00e1s ni menos que al expresidente brasile\u00f1o Luiz Inacio Lula da Silva.<\/p>\n<p>Lo calificaron como \"<strong>un h\u00e9roe<\/strong>\", \"<strong>adalid de la lucha contra la corrupci\u00f3n<\/strong>\", \"<strong>s\u00edmbolo de la transparencia<\/strong>\", \"<strong>el guardi\u00e1n de la ley y el orden<\/strong>\", \"emblema de la justicia imparcial\", \"una de las 100 personalidades m\u00e1s influyentes del mundo\", \"l\u00edder internacional\".<\/p>\n<p>Medios, jueces, fiscales y pol\u00edticos lo homenajearon, lo ovacionaron, se disputaron fotos con \u00e9l, lo pusieron como ejemplo de que lo que deb\u00eda ocurrir en Am\u00e9rica Latina. Qu\u00e9 envidia, dec\u00edan, en Brasil s\u00ed hay justicia y encierran a los corruptos aunque sean expresidentes. Personaje mimado del gobierno de Estados Unidos, Moro se convirti\u00f3 en una celebridad internacional. Documentales y series de ficci\u00f3n lo idealizaron. Las camisetas con su rostro se vend\u00edan a granel.<\/p>\n<p>Su endiosamiento comenz\u00f3 a declinar a fines de 2018, cuando acept\u00f3 ser ministro de Justicia de Bolsonaro, quien estaba por asumir el Gobierno. Pero, \u00bfc\u00f3mo? \u00bf<strong>Entonces no era imparcial<\/strong>? \u00bf<strong>Ten\u00eda intereses partidistas<\/strong>? Qu\u00e9 sorpresa. Qu\u00e9 decepci\u00f3n. Para peor, en junio de 2019 se\u00a0<a href=\"https:\/\/theintercept.com\/2019\/06\/09\/brazil-car-wash-prosecutors-workers-party-lula\/\" target=\"_blank\" rel=\"noopener noreferrer\">filtraron<\/a>\u00a0chats que demostraron las maniobras ilegales que hab\u00eda realizado contra Lula, su clara animadversi\u00f3n, su obsesi\u00f3n por impedir que volviera a ser candidato presidencial y, sobre todo, que ganara.<\/p>\n<p>Moro dur\u00f3 apenas 16 meses como ministro del Gobierno de ultraderecha al que, con sus investigaciones plagadas de irregularidades, ayud\u00f3 a llegar al poder. En abril de 2020 renunci\u00f3, enojado por la destituci\u00f3n del entonces director de la Polic\u00eda Federal, Mauricio Valeixo. Y se fue con todo tipo de cr\u00edticas contra Bolsonaro. Parec\u00eda que reci\u00e9n descubr\u00eda su autoritarismo, su corrupci\u00f3n. \"Tengo que preservar mi legado\", dijo. Para entonces, los halagos a Moro ya escaseaban.<\/p>\n<p><a href=\"http:\/\/localhost\/debateplural\/wp-content\/uploads\/2018\/08\/denuncian-activismo-judicial-magistrado-lula_ediima20180709_0586_20.jpg_1718483347.jpg\"><img loading=\"lazy\" decoding=\"async\" class=\" wp-image-27174 aligncenter\" src=\"http:\/\/localhost\/debateplural\/wp-content\/uploads\/2018\/08\/denuncian-activismo-judicial-magistrado-lula_ediima20180709_0586_20.jpg_1718483347-300x169.jpg\" alt=\"\" width=\"911\" height=\"513\" srcset=\"https:\/\/debateplural.net\/site\/wp-content\/uploads\/2018\/08\/denuncian-activismo-judicial-magistrado-lula_ediima20180709_0586_20.jpg_1718483347-300x169.jpg 300w, https:\/\/debateplural.net\/site\/wp-content\/uploads\/2018\/08\/denuncian-activismo-judicial-magistrado-lula_ediima20180709_0586_20.jpg_1718483347.jpg 600w\" sizes=\"(max-width: 911px) 100vw, 911px\" \/><\/a><\/p>\n<p>El lunes, la ya deca\u00edda imagen del exjuez y exministro sufri\u00f3 otro golpe con la noticia de que el juez Edson Fachin\u00a0<a href=\"https:\/\/actualidad.rt.com\/actualidad\/385744-brasil-anulan-condenas-lula-lava-jato\">anulaba\u00a0<\/a>las cuatro condenas que pesaban contra Lula. El impacto es, tambi\u00e9n, contra el\u00a0<a href=\"https:\/\/actualidad.rt.com\/actualidad\/318478-juez-heroe-anticorrupcion-desilusionar-brasil-senado\">Lava Jato<\/a>, la megacausa que se vendi\u00f3 como una cruzada contra la corrupci\u00f3n y que, en realidad, termin\u00f3 siendo usada por Moro y otros poderes para erosionar la democracia en Brasil.<\/p>\n<p>Periodistas, pol\u00edticos y medios latinoamericanos que veneraron al exjuez guardaron silencio. Apenas si publicaron discretas (m\u00e1s bien escondidas) notas con el fallo.\u00a0<strong>Abandonaron por completo a su \u00eddolo<\/strong>.<\/p>\n<p>Ahora lo que resta confirmar es si, efectivamente, Lula recuperar\u00e1 sus derechos pol\u00edticos y podr\u00e1 (y querr\u00e1) presentarse como candidato presidencial el pr\u00f3ximo a\u00f1o. Y develar si Fachin lo que quiso, en realidad, fue m\u00e1s bien\u00a0<strong>proteger a Moro para evitar que sea juzgado por parcialidad<\/strong>.<\/p>\n<h3>Incoherencias<\/h3>\n<p>Estar en contra de la corrupci\u00f3n y, al mismo tiempo, a favor del debido proceso parece una obviedad, pero en Am\u00e9rica Latina no lo es tanto.<\/p>\n<p>El debate se polariz\u00f3\u00a0de tal manera en las \u00faltimas d\u00e9cadas que abogar por investigaciones transparentes y juicios imparciales en contra de las y los acusados, as\u00ed sean expresidentes o exfuncionarios de cualquier nivel, implica, para sus opositores pol\u00edticos y medi\u00e1ticos, avalar delitos.\u00a0<strong>Quieren condenas\u00a0<\/strong>(<strong>y proscripciones<\/strong>)<strong>\u00a0a toda costa.<\/strong><\/p>\n<p>Quienes celebran las an\u00f3malas causas judiciales en contra de Lula, Cristina Fern\u00e1ndez de Kirchner, Rafael Correa y Evo Morales, a pesar de que\u00a0<strong>tienen un tufo m\u00e1s de venganza y de persecuci\u00f3n que de justicia<\/strong>, son los mismos que dudan, minimizan o relativizan las denuncias contra Mauricio Macri, Sebasti\u00e1n Pi\u00f1era, Bolsonaro o \u00c1lvaro Uribe.<\/p>\n<p>La doble vara rige para ambos lados. La indignaci\u00f3n suele inclinarse seg\u00fan la ideolog\u00eda que se milite. La diferencia es que la derecha suele tener mayor poder de amplificaci\u00f3n gracias al control de medios predominantes en cada pa\u00eds.<\/p>\n<p>As\u00ed construyen relatos monocordes. As\u00ed erigen \u00eddolos de barro como Moro, quien, ya fuera del gobierno atraves\u00f3 la puerta giratoria y se fue a trabajar a la iniciativa privada, a Alvarez &amp; Marsal,<strong>\u00a0la firma estadounidense de abogados que administra la quiebra de Odebrecht<\/strong>.<\/p>\n<p>S\u00ed, la misma empresa que, seg\u00fan el Lava Jato, reparti\u00f3 multimillonarios sobornos en Brasil y el resto de Am\u00e9rica Latina, y a cuyos due\u00f1os y ejecutivos Moro les redujo condenas a cambio de confesiones. Porque ser juez y parte, para \u00e9l no parece ser un problema.<\/p>\n<h3>Tragedia<\/h3>\n<p>El resultado es tr\u00e1gico en todas las escalas. En el plano personal, el Lava Jato implic\u00f3 para Lula una persecuci\u00f3n sin precedentes que incluy\u00f3 denuncias de lavado de dinero y corrupci\u00f3n contra su esposa Mar\u00eda Leticia Rocco, fallecida en 2017. \"Muri\u00f3 triste por los canallas, la imbecilidad y las maldades que le hicieron\", advirti\u00f3 el expresidente a l\u00e1grima viva durante su funeral.<\/p>\n<p>En enero de 2019, ya con Lula preso, los jueces le impidieron acudir al funeral de su hermano Genival. Dos meses m\u00e1s tarde, s\u00ed le autorizaron a salir temporalmente para participar del velorio de su nieto Arthur Ar\u00e1ujo, de siete a\u00f1os.\u00a0<strong>Al final<\/strong>,<strong>\u00a0Lula estuvo 580 d\u00edas encarcelado de manera injusta<\/strong>.<\/p>\n<p>Las condenas en su contra le impidieron ser candidato en 2018, justo cuando encabezaba las encuestas y Brasil aspiraba a recuperar la democracia perdida desde el\u00a0<a href=\"https:\/\/actualidad.rt.com\/actualidad\/217584-senado-decidir-destino-rousseff\">golpe<\/a>\u00a0parlamentario sufrido por Dilma Rousseff, en 2016, que dio paso a la presidencia interina de Michel Temer y, despu\u00e9s, al Gobierno de Bolsonaro.<\/p>\n<p>Hoy, las sentencias contra Lula est\u00e1n desacreditadas, pero el da\u00f1o ya est\u00e1 hecho. El largo proceso de ataque a la democracia brasile\u00f1a desemboc\u00f3 en una presidencia encabezada por Bolsonaro, un violador serial de derechos humanos, xen\u00f3fobo, racista, machista, violento y vulgar, que no duda en insultar a otros l\u00edderes mundiales, a los periodistas, a la oposici\u00f3n, que desacredita a la ciencia, que desprecia a la ciudadan\u00eda.<\/p>\n<p>Y que una y otra vez est\u00e1 acusado de genocidio por haber convertido a Brasil en un cementerio, por no haber tomado una sola medida para prevenir los contagios, para atender a los enfermos.\u00a0<strong>Su indolencia lo convirti\u00f3 en el pa\u00eds m\u00e1s afectado por la crisis sanitaria<\/strong>, tan solo despu\u00e9s de Estados Unidos e India, y en fuente de temores por la expansi\u00f3n de nuevas\u00a0<a href=\"https:\/\/actualidad.rt.com\/actualidad\/385478-brasil-peores-dias-pandemia-restricciones-variante\">variantes<\/a>\u00a0del virus.<\/p>\n<p>\"Brasil pide ayuda a gritos\", proclamaron la semana pasada un grupo de personalidades en una\u00a0<a href=\"https:\/\/actualidad.rt.com\/actualidad\/385735-brasil-pide-ayuda-gritos-carta-contra-bolsonaro\">Carta\u00a0<\/a>Abierta a la Humanidad.\u00a0Es cierto. El pa\u00eds necesita apoyo para enfrentar la pandemia y rescatar su maltrecha democracia. En ese clima de urgencias, la anulaci\u00f3n de las condenas de Lula es un insuficiente respiro.<\/p>\n","protected":false},"excerpt":{"rendered":"<p>Cecilia Gonz\u00e1lez (Russia Today, 9-3-21) &nbsp; &nbsp; Hace pocos a\u00f1os, los adjetivos en la prensa tradicional latinoamericana no alcanzaban para ensalzar a Sergio Moro, el exjuez brasile\u00f1o que encabez\u00f3 la investigaci\u00f3n conocida como Lava Jato, que tuvo impacto en toda la regi\u00f3n, y que logr\u00f3 meter preso ni m\u00e1s ni menos que al expresidente brasile\u00f1o [&hellip;]<\/p>\n","protected":false},"author":1,"featured_media":36898,"comment_status":"open","ping_status":"open","sticky":false,"template":"","format":"standard","meta":{"footnotes":""},"categories":[14,12],"tags":[],"class_list":["post-45541","post","type-post","status-publish","format-standard","has-post-thumbnail","hentry","category-internacionales","category-politica-3"],"_links":{"self":[{"href":"https:\/\/debateplural.net\/site\/wp-json\/wp\/v2\/posts\/45541"}],"collection":[{"href":"https:\/\/debateplural.net\/site\/wp-json\/wp\/v2\/posts"}],"about":[{"href":"https:\/\/debateplural.net\/site\/wp-json\/wp\/v2\/types\/post"}],"author":[{"embeddable":true,"href":"https:\/\/debateplural.net\/site\/wp-json\/wp\/v2\/users\/1"}],"replies":[{"embeddable":true,"href":"https:\/\/debateplural.net\/site\/wp-json\/wp\/v2\/comments?post=45541"}],"version-history":[{"count":1,"href":"https:\/\/debateplural.net\/site\/wp-json\/wp\/v2\/posts\/45541\/revisions"}],"predecessor-version":[{"id":45542,"href":"https:\/\/debateplural.net\/site\/wp-json\/wp\/v2\/posts\/45541\/revisions\/45542"}],"wp:featuredmedia":[{"embeddable":true,"href":"https:\/\/debateplural.net\/site\/wp-json\/wp\/v2\/media\/36898"}],"wp:attachment":[{"href":"https:\/\/debateplural.net\/site\/wp-json\/wp\/v2\/media?parent=45541"}],"wp:term":[{"taxonomy":"category","embeddable":true,"href":"https:\/\/debateplural.net\/site\/wp-json\/wp\/v2\/categories?post=45541"},{"taxonomy":"post_tag","embeddable":true,"href":"https:\/\/debateplural.net\/site\/wp-json\/wp\/v2\/tags?post=45541"}],"curies":[{"name":"wp","href":"https:\/\/api.w.org\/{rel}","templated":true}]}}