{"id":45573,"date":"2021-03-11T13:21:41","date_gmt":"2021-03-11T17:21:41","guid":{"rendered":"http:\/\/debateplural.com\/?p=45573"},"modified":"2021-03-11T13:21:41","modified_gmt":"2021-03-11T17:21:41","slug":"sobre-la-cepa-brasilena-del-coronavirus-el-efecto-bolsonaro","status":"publish","type":"post","link":"https:\/\/debateplural.net\/site\/2021\/03\/11\/sobre-la-cepa-brasilena-del-coronavirus-el-efecto-bolsonaro\/","title":{"rendered":"Sobre la cepa brasile\u00f1a del coronavirus: El efecto Bolsonaro"},"content":{"rendered":"<p>Mision Verdad (11-3-21)<\/p>\n<p>&nbsp;<\/p>\n<p>Antes que alcanzar la inmunidad de reba\u00f1o, buena parte del planeta sigue sufriendo los estragos producidos por el virus SARS-CoV-2, causante de la covid-19, enfermedad que ha impactado de modo incalculable al mundo a tan solo un a\u00f1o despu\u00e9s de haber sido declarada pandemia global por parte de la Organizaci\u00f3n Mundial de la Salud (OMS).<\/p>\n<p>Seg\u00fan datos\u00a0<a href=\"https:\/\/ultimasnoticias.com.ve\/noticias\/mundo\/covid-19-ha-provocado-al-menos-2-588-597-muertos-en-el-mundo\/\" target=\"_blank\" rel=\"noopener noreferrer\">actualizados<\/a>\u00a0al pasado domingo (11H00 GMT) desde el comienzo de la epidemia, Europa ha tenido m\u00e1s de 873 mil fallecidos (38 millones de contagios), Am\u00e9rica Latina y el Caribe incursa los\u00a0+696 mil (21 millones), Estados Unidos y Canad\u00e1 con +546 mil (29 millones), Asia va por\u00a0+259 mil\u00a0(16 millones), Asia Occidental (Medio Oriente) tiene 106 mil (5 millones), \u00c1frica con 105 mil\u00a0(3 millones) y\u00a0Ocean\u00eda apenas +950\u00a0(32 mil).<\/p>\n<h3><strong>BRASIL COMO EPICENTRO PAND\u00c9MICO CONSOLIDADO<\/strong><\/h3>\n<p>Brasil, debido a la desastrosa gesti\u00f3n del presidente Jair Bolsonaro, registra\u00a0m\u00e1s de 270 mil muertos (38% de la regi\u00f3n) y m\u00e1s de 11 millones de casos (50% de la regi\u00f3n) al cierre de esta nota. Cerca de los n\u00fameros anteriores se encuentran M\u00e9xico\u00a0con +190 mil muertos (+2 millones de casos), India\u00a0con +157 mil muertos (+11 millones)\u00a0y Reino Unido\u00a0con +124 mil muertos (+4 millones).<\/p>\n<p>Tan solo en los pueblos ind\u00edgenas se han contagiado m\u00e1s de 49 mil brasile\u00f1os originarios con casi 1 mil muertos y +160\u00a0pueblos afectados,\u00a0<a href=\"https:\/\/espanol.almayadeen.net\/news\/politics\/1461938\/ind%C3%ADgenas-de-brasil-denuncian-en-la-cdh-pol%C3%ADtica-de-extermin\" target=\"_blank\" rel=\"noopener noreferrer\">denunci\u00f3<\/a>\u00a0la Articulaci\u00f3n de los Pueblos Ind\u00edgenas de Brasil (APIB) ante el Consejo de Derechos Humanos de Naciones Unidas. El riesgo es mayor debido a que las invasiones ilegales de madereros en zonas de la Amazon\u00eda,\u00a0<a href=\"https:\/\/www.resumenlatinoamericano.org\/2020\/09\/13\/brasil-jair-bolsonaro-culpable-de-biocidio\/\" target=\"_blank\" rel=\"noopener noreferrer\">estimuladas<\/a>\u00a0por la Administraci\u00f3n Bolsonaro, ponen en riesgo 114 pueblos ind\u00edgenas que nunca tuvieron contacto con el exterior.<\/p>\n<p>El pasado 3 de marzo el presidente Nicol\u00e1s Maduro\u00a0advirti\u00f3 la presencia de una cepa o variante del SARS-Cov-2 en las parroquias 23 de Enero y El Junquito de Caracas, con dos casos, en el sector Nueva Casarapa del estado Miranda, tambi\u00e9n con dos casos, y en una zona del estado Bol\u00edvar con seis registros.<\/p>\n<p>La variante P.1, proveniente de Manaos, capital del estado Amazonas de Brasil, probablemente surgi\u00f3 a principios de noviembre, se extendi\u00f3 r\u00e1pidamente hasta volverse dominante y provoc\u00f3 muchas reinfecciones, seg\u00fan\u00a0<a href=\"https:\/\/www.bbc.com\/mundo\/noticias-56267463\" target=\"_blank\" rel=\"noopener noreferrer\">declar\u00f3<\/a>\u00a0un equipo de investigadores de Brasil y del Imperial College de Londres.<\/p>\n<p><a href=\"http:\/\/localhost\/debateplural\/wp-content\/uploads\/2020\/05\/1584978800_149098_1584978944_noticia_normal.jpg\"><img loading=\"lazy\" decoding=\"async\" class=\" wp-image-40298 aligncenter\" src=\"http:\/\/localhost\/debateplural\/wp-content\/uploads\/2020\/05\/1584978800_149098_1584978944_noticia_normal-300x193.jpg\" alt=\"\" width=\"911\" height=\"586\" srcset=\"https:\/\/debateplural.net\/site\/wp-content\/uploads\/2020\/05\/1584978800_149098_1584978944_noticia_normal-300x193.jpg 300w, https:\/\/debateplural.net\/site\/wp-content\/uploads\/2020\/05\/1584978800_149098_1584978944_noticia_normal-1024x660.jpg 1024w, https:\/\/debateplural.net\/site\/wp-content\/uploads\/2020\/05\/1584978800_149098_1584978944_noticia_normal-768x495.jpg 768w, https:\/\/debateplural.net\/site\/wp-content\/uploads\/2020\/05\/1584978800_149098_1584978944_noticia_normal-810x522.jpg 810w, https:\/\/debateplural.net\/site\/wp-content\/uploads\/2020\/05\/1584978800_149098_1584978944_noticia_normal.jpg 1080w\" sizes=\"(max-width: 911px) 100vw, 911px\" \/><\/a><\/p>\n<p>Para esa fecha muchas personas estaban infectadas con la versi\u00f3n original del coronavirus y los resultados de los an\u00e1lisis de sangre suger\u00edan que hasta tres cuartas partes de la poblaci\u00f3n de Manaos hab\u00eda obtenido alg\u00fan grado de protecci\u00f3n o inmunidad debido a esta exposici\u00f3n.<\/p>\n<p>Pero, a pesar de ello, Manaos se vio gravemente afectada por otra ola de coronavirus y la crisis sin precedentes alcanz\u00f3 su punto m\u00e1ximo el 15 de enero, cuando los hospitales abarrotados se quedaron sin ox\u00edgeno. Al estudiar la gen\u00f3mica (composici\u00f3n gen\u00e9tica) del coronavirus en algunos de los pacientes infectados, se supo que esta cepa, como otras dos detectadas en Sur\u00e1frica y Gran Breta\u00f1a, son m\u00e1s infecciosas y pueden evadir parte de la inmunidad generada por una previa infecci\u00f3n de covid.<\/p>\n<p>El pasado martes 9, el director general de la OMS, Tedros Adhanom Ghebreyesus, declar\u00f3 \"emergencia\" para toda Am\u00e9rica Latina se\u00f1alando que \"la situaci\u00f3n es muy seria y estamos muy preocupados. Las medidas sanitarias que Brasil tome deber\u00edan ser agresivas, al mismo tiempo que avanza en la vacunaci\u00f3n\".<\/p>\n<p>Adem\u00e1s, se\u00f1al\u00f3 que \"la preocupaci\u00f3n no gira tan solo en torno a Brasil, sino tambi\u00e9n en torno a los vecinos de Brasil. Es casi Am\u00e9rica Latina en su conjunto\". \"Si Brasil no se lo toma en serio, afectar\u00e1 a todos los vecinos y m\u00e1s all\u00e1\", afirm\u00f3.<\/p>\n<p>De los 27 gobernadores de Brasil, 22 desafiaron a Bolsonaro y\u00a0<a href=\"https:\/\/telesurtv.net\/multimedia\/gobernadores-brasil-firman-pacto-confinamiento-nacional-20210308-0029.html\" target=\"_blank\" rel=\"noopener noreferrer\">suscribieron<\/a>\u00a0el lunes pasado un \"pacto por la vida\" para impedir el colapso del sistema de salud que, en algunos estados, es inminente. Algunos se reunieron con el ministro de Salud, general Eduardo Pazuello, y le transmitieron que el pacto contar\u00eda con el apoyo del Congreso y el gobierno federales para tomar medidas de conjunto y \"aplicar una restricci\u00f3n nacional para frenar el coronavirus\".<\/p>\n<h3><strong>\u00bf<\/strong><strong>POR QU\u00c9 UNA CEPA\u00a0<\/strong><strong>Y POR QU\u00c9\u00a0<\/strong><strong>BRASILE\u00d1A?<\/strong><\/h3>\n<p>\"Cuantas m\u00e1s personas infectadas haya en una poblaci\u00f3n, mayor es la posibilidad de que aparezca una variante\", dijo\u00a0<a href=\"https:\/\/www.bbc.com\/mundo\/noticias-56010414\" target=\"_blank\" rel=\"noopener noreferrer\">a la\u00a0<em>BBC<\/em><\/a>\u00a0la microbi\u00f3loga Ana Paula Fernandes, coordinadora de la red nacional de diagn\u00f3stico e investigadora de la Universidad Federal de Minas Gerais (Brasil).<\/p>\n<p>Los virus, que no son organismos vivos, poseen la capacidad de replicar su informaci\u00f3n gen\u00e9tica \"ayudados\" por las c\u00e9lulas receptoras. Una nueva variante de un virus como el SARS-CoV-2 puede tener una o m\u00e1s mutaciones que la diferencien de las variantes predominantes que ya circulan entre la poblaci\u00f3n general.<\/p>\n<p>Se esperaba que hubieran variantes del SARS-CoV-2 en todo el mundo a lo largo de esta pandemia, lo importante para los cient\u00edficos ha sido vigilar los brotes locales y comprender el panorama nacional, adem\u00e1s comparar las diferencias gen\u00e9ticas entre los virus para identificar las variantes y el grado de parentesco entre ellas.<\/p>\n<p>Seg\u00fan el Centro para el Control y la Prevenci\u00f3n de Enfermedades de Estados Unidos (CDC, por sus siglas en ingl\u00e9s), la\u00a0<a href=\"https:\/\/www.cdc.gov\/coronavirus\/2019-ncov\/cases-updates\/variant-surveillance\/variant-info.html\" target=\"_blank\" rel=\"noopener noreferrer\">variante P.1<\/a>\u00a0del SARS-CoV-2 se identific\u00f3 por primera vez en enero de 2021 en viajeros de Brasil que llegaron a Jap\u00f3n. Tambi\u00e9n ha sido detectada en 24 pa\u00edses m\u00e1s, entre ellos Per\u00fa, Colombia, Estados Unidos, Reino Unido y Venezuela.<\/p>\n<p>Seg\u00fan algunos reportes, P.1 tiene 17 mutaciones \u00fanicas, incluidas tres en la prote\u00edna S ubicada en la espiga (K417T, E484K y N501Y), que es la que interact\u00faa con las c\u00e9lulas receptoras y hacia la cual se dirige gran parte de la respuesta inmune.<\/p>\n<p>No es fortuito que una cepa como la P.1, cuya\u00a0<a href=\"https:\/\/www.bbc.com\/mundo\/noticias-56267463\" target=\"_blank\" rel=\"noopener noreferrer\">probabilidad de reinfecci\u00f3n<\/a>\u00a0est\u00e1 entre el 25% y el 60%, se haya diseminado en un pa\u00eds como Brasil, mucho menos fortuito es que aumenten las hospitalizaciones y las reinfecciones, tampoco que cambien los s\u00edntomas, la gravedad de la enfermedad y hasta los grupos de edad m\u00e1s infectados.<\/p>\n<p>Las condiciones que ha creado el\u00a0<a href=\"https:\/\/mundo.sputniknews.com\/20191206\/bolsonaro-teme-una-revuelta-social-por-sus-medidas-neoliberales-pinochetistas-1089551445.html\" target=\"_blank\" rel=\"noopener noreferrer\">extremismo neoliberal<\/a>\u00a0de la Administraci\u00f3n Bolsonaro pudieran estar facilitando el proceso evolutivo del coronavirus. Hay una\u00a0<a href=\"https:\/\/www.bbc.com\/mundo\/noticias-56010414\" target=\"_blank\" rel=\"noopener noreferrer\">combinaci\u00f3n explosiva<\/a>\u00a0para que P.1 pase a ser artificialmente seleccionada dejando en visto a la selecci\u00f3n natural: altas tasas de infecci\u00f3n y un proceso de vacunaci\u00f3n que todav\u00eda marcha a ritmo lento.<\/p>\n<p>Una alta tasa de contagio no implica alta letalidad, pero en el caso de la P.1 juegan otros factores, solo el alto contagio ha causado preocupaci\u00f3n debido a que hay pruebas que sugieren que algunas de esas mutaciones pueden afectar a la capacidad de los anticuerpos (procedentes de la infecci\u00f3n natural o de la vacunaci\u00f3n) para reconocer y neutralizar el virus. Aunque no se tiene certeza respecto a la gravedad de los s\u00edntomas que causen las mutaciones, se sabe que las cargas virales altas est\u00e1n relacionadas con condiciones m\u00e1s graves de la enfermedad.<\/p>\n<p>Se trata, al menos, de tres\u00a0<a href=\"https:\/\/www.bbc.com\/mundo\/noticias-55842299\" target=\"_blank\" rel=\"noopener noreferrer\">mutaciones<\/a>\u00a0actuando en sinergia:<\/p>\n<ol>\n<li>La mutaci\u00f3n N501Y (Nelly) es com\u00fan a las variantes brit\u00e1nica, sudafricana y brasile\u00f1a, produce un cambio de estructura en la prote\u00edna S que aumenta su capacidad de uni\u00f3n al receptor celular.<\/li>\n<li>La mutaci\u00f3n E484K (Erick), presente en las variantes brasile\u00f1a y sudafricana, adem\u00e1s de favorecer la uni\u00f3n al receptor, har\u00eda que el virus fuera peor neutralizado por los anticuerpos, aumentando as\u00ed las reinfecciones o disminuyendo la eficacia de las vacunas.\n<p>Ambas mutaciones pertenecen a l\u00edneas evolutivas diferentes, lo que indica su posible ventaja sobre los virus que no las contienen.<\/li>\n<li>Otra mutaci\u00f3n interesante es la eliminaci\u00f3n de los amino\u00e1cidos en posiciones 69 y 70 de la prote\u00edna S, es la misma que fue detectada en virus aislados de infecciones masivas que tuvieron lugar en\u00a0<a href=\"https:\/\/www.marca.com\/tiramillas\/actualidad\/2020\/12\/21\/5fe05a90e2704e66268b45c9.html\" target=\"_blank\" rel=\"noopener noreferrer\">varias granjas de visones<\/a>\u00a0hace unos meses en Pa\u00edses Bajos y Dinamarca, demuestra c\u00f3mo la propagaci\u00f3n del virus en especies distintas de la humana puede favorecer la aparici\u00f3n de nuevas variantes m\u00e1s peligrosas para nosotros. Esta mutaci\u00f3n parece actuar en sinergia con la N501Y aumentando a\u00fan m\u00e1s la afinidad por el receptor.<\/li>\n<\/ol>\n<p>Este \u00faltimo dato pudiera generar impactos indeterminados en un pa\u00eds con alta diversidad biol\u00f3gica y alta expansi\u00f3n de la frontera agr\u00edcola a causa de la\u00a0<a href=\"https:\/\/www.lavanguardia.com\/natural\/20201201\/49837355321\/la-deforestacion-en-la-amazonia-de-brasil-se-ha-disparado-desde-que-gobierna-bolsonaro.html\" target=\"_blank\" rel=\"noopener noreferrer\">pol\u00edtica deforestadora<\/a>\u00a0de Bolsonaro, la zoonosis ha sido determinada como el\u00a0<a href=\"https:\/\/www.news-medical.net\/news\/20200407\/147\/Spanish.aspx\" target=\"_blank\" rel=\"noopener noreferrer\">origen probable<\/a>\u00a0de esta y otras epidemias recientes.<\/p>\n<h3><strong>DE TODO MENOS UN PLAN EFICAZ DE VACUNACI\u00d3N<\/strong><\/h3>\n<p>Hoy en d\u00eda la Administraci\u00f3n Bolsonaro conf\u00eda en la vacuna CoronaVac, desarrollada por la firma china Sinovac y cuya eficacia es alrededor del 50% en la prevenci\u00f3n de los contagios y de un 80% en los casos que requieren hospitalizaci\u00f3n. El uso de emergencia de la vacuna en Brasil fue aprobado el 17 de enero pasado y se aprob\u00f3 la compra de 100 millones de dosis luego de que Bolsonaro pasara varios meses atac\u00e1ndola con afirmaciones sin evidencia, como que el producto podr\u00eda matar o inhabilitar a quienes la tomaran.<\/p>\n<p>Incluso hab\u00eda llegado a\u00a0<a href=\"https:\/\/www.pagina12.com.ar\/301761-coronavirus-bolsonaro-se-burla-del-apuro-por-desarrollar-una\" target=\"_blank\" rel=\"noopener noreferrer\">desacreditarla<\/a>\u00a0cuando Jo\u00e3o Doria, gobernador de S\u00e3o Paulo, negoci\u00f3 directamente con China la vacuna de Sinovac y asegur\u00f3 millones de dosis que terminaron siendo entregadas al gobierno federal.<\/p>\n<p>La causa del retraso en la vacunaci\u00f3n tiene que ver con la limitaci\u00f3n en suministros y fallas log\u00edsticas. Contando con un sistema nacional de salud presente en casi todos los miles de municipios mediante hospitales y cl\u00ednicas, adem\u00e1s de una larga historia de vacunaci\u00f3n exitosa de su poblaci\u00f3n, el gobierno federal de Brasil ha demostrado la misma displicencia que su presidente.<\/p>\n<p>Anunciaron inicialmente un plan de implementaci\u00f3n similar al de muchos otros pa\u00edses concentrando el esfuerzo en la fabricaci\u00f3n de 30 millones de dosis de la vacuna de AstraZeneca para finales de enero de 2021 y 200 millones m\u00e1s para fin de a\u00f1o, administrados primero a los trabajadores de la salud y a los ancianos y, luego en el futuro, en orden de vulnerabilidad.<\/p>\n<p>El resultado fue que sus ensayos de vacunas tomaron m\u00e1s tiempo que otros y la\u00a0<a href=\"https:\/\/www.elcomercio.com\/actualidad\/bolsonaro-china-exportacion-vacuna-covid.html\" target=\"_blank\" rel=\"noopener noreferrer\">falta del ingrediente activo<\/a>\u00a0necesario para fabricar la vacuna hizo que los laboratorios brasile\u00f1os esperaran por comenzar la producci\u00f3n hasta mediados de febrero.<\/p>\n<p>Otros pa\u00edses grandes con poder adquisitivo similar negociaron acuerdos el a\u00f1o pasado para comprar otras vacunas de empresas como Moderna y Sinovac, excepto Brasil que tambi\u00e9n rechaz\u00f3 en agosto una oferta de Pfizer para comprar hasta 70 millones de dosis de su vacuna.<\/p>\n<p>En ese caso el gobierno, que\u00a0<a href=\"https:\/\/www.elciudadano.com\/reportaje-investigacion\/brasil-en-venta-bolsonaro-acelera-privatizaciones-para-reducir-al-minimo-el-estado\/02\/12\/\" target=\"_blank\" rel=\"noopener noreferrer\">ha privatizado<\/a>\u00a0activos estrat\u00e9gicos como parte de la empresa petrolera Petrobras, manifest\u00f3 preocupaci\u00f3n por una garant\u00eda de pago y un acuerdo de que los asuntos contractuales se manejaran en un tribunal estadounidense.<\/p>\n<p>El vir\u00f3logo Julian Tang, de la Universidad de Leicester, en Reino Unido,\u00a0<a href=\"https:\/\/www.bbc.com\/mundo\/noticias-56010414\" target=\"_blank\" rel=\"noopener noreferrer\">ha afirmado a la\u00a0<em>BBC<\/em><\/a>\u00a0que el mayor peligro pudiera estar en el contacto de la variante P.1\u00a0con personas reci\u00e9n vacunadas, debido a que al entrar en la c\u00e9lula humana y encontrarse con una cantidad a\u00fan peque\u00f1a de anticuerpos de la vacuna, la variante puede promover mutaciones m\u00e1s resistentes a esos anticuerpos al replicarse.<\/p>\n<p>\"Si esos anticuerpos de la vacuna surgen mientras se produce la infecci\u00f3n y est\u00e1 extendi\u00e9ndose por el cuerpo, el virus puede replicarse de forma que evada los anticuerpos en un proceso de selecci\u00f3n natural\", agreg\u00f3, al explicar que una persona vacunada, pero infectada, puede transmitir ese virus mutado si no hay medidas de control, como cuarentenas y cierres de negocios y espacios de ocio. Medidas que Bolsonaro ha rechazado o relajado.<\/p>\n<p>Las investigaciones preliminares indican una eficacia reducida de la vacuna Oxford-AstraZeneca contra las variantes cargadas con la mutaci\u00f3n E484K, y el Instituto Butatan est\u00e1 investigando su impacto en el porcentaje de protecci\u00f3n que ofrece la CoronaVac.<\/p>\n<p>Varios centros de investigaci\u00f3n est\u00e1n trabajando para redise\u00f1ar o ajustar las vacunas para que se adapten mejor a algunas de estas nuevas \"variantes preocupantes\", aunque las existentes a\u00fan deber\u00edan brindar cierta protecci\u00f3n, particularmente contra s\u00edntomas graves.<\/p>\n<h3><strong>LA LEY BOLSONARO DE LA SELVA PAND\u00c9MICA<\/strong><\/h3>\n<p>Adem\u00e1s de que el contacto entre vacunados y variantes propicia la aparici\u00f3n de mutaciones \"superpotentes\", capaces de burlar totalmente la acci\u00f3n de la inmunizaci\u00f3n, las medidas de confinamiento pueden complicar el escenario debido a que, bajo presi\u00f3n, las variantes m\u00e1s transmisibles tienen una ventaja frente al resto, pudiendo hacerse mayoritarias.<\/p>\n<p>La falla de origen que gener\u00f3 las tres variantes \"preocupantes\" fue que en todos privilegi\u00f3 el \"funcionamiento de la econom\u00eda\" y se obviaron restricciones fronterizas y confinamientos estrictos para contener el virus antes de que pudiera propagarse.<\/p>\n<p>Si se analiza m\u00e1s el fondo del asunto hay otra falla: la no dedicaci\u00f3n de las Big Pharma y los centros de investigaci\u00f3n a desarrollar medidas preventivas ante una\u00a0<a href=\"https:\/\/elpais.com\/elpais\/2019\/09\/25\/planeta_futuro\/1569435266_953355.html\" target=\"_blank\" rel=\"noopener noreferrer\">amenaza que ya avisaba<\/a>\u00a0desde el brote en 2002 de SARS, otro coronavirus, porque no hab\u00eda expectativas de ganancias en ese momento.<\/p>\n<p>Aferrado a su ortodoxia turbocapitalista, el presidente brasile\u00f1o es responsable directo de un lamentable\u00a0<a href=\"https:\/\/twitter.com\/LemusteleSUR\/status\/1369466494892060680?s=20\" target=\"_blank\" rel=\"noopener noreferrer\">r\u00e9cord de muertes<\/a>\u00a0por covid\u00a0en 24 horas: el pasado 9 de marzo se registraron un mil 972 decesos en el territorio y las proyecciones enfilan hacia los 300 mil. La Fundaci\u00f3n Oswaldo Cruz alert\u00f3 que 25 de 27 capitales de estados presentan tasas de ocupaci\u00f3n de camas de cuidados intensivos superiores al 80%, 15 de ellas con 90% y en S\u00e3o Paulo hay hospitales con 100% de ocupaci\u00f3n de camas de cuidados intensivos, ha informado Doria.<\/p>\n<p>Fuentes del gobierno anuncian que hasta inicios de marzo hab\u00edan sido vacunadas en Brasil m\u00e1s de 6,1 millones de personas con la primera dosis (0,02% de la poblaci\u00f3n total), m\u00e1s de 1,6 millones ya hab\u00edan recibido la segunda dosis.<\/p>\n<p>La econom\u00eda que Bolsonaro pretend\u00eda salvar ha ca\u00eddo.\u00a0Comparando datos de 2019, el Producto Interno Bruto (PIB) de Brasil ha ca\u00eddo un 4,1% seg\u00fan el Instituto Brasile\u00f1o de Geograf\u00eda y Estad\u00edstica (IBGE), siendo la menor tasa hist\u00f3rica que se registra desde 1996. El sector de servicios present\u00f3 una ca\u00edda anual de 4,5% y el de industria 3,5% frente al sector agropecuario que reflej\u00f3 una subida del 2%.<\/p>\n<p>La recuperaci\u00f3n econ\u00f3mica de Brasil se debilit\u00f3 en el cuarto trimestre de 2020 cuando \u00e9l mismo suspendi\u00f3 la ayuda econ\u00f3mica por el coronavirus y la segunda ola de casos golpe\u00f3 a los sistemas de salud y a las empresas.<\/p>\n<p>La confluencia entre la fase temprana de vacunaci\u00f3n y un pico de casos de covid\u00a0es ciertamente un escenario complejo mientras Bolsonaro, reiterativamente, se declara en contra de las restricciones. \"En lo que a m\u00ed respecta, nunca tendremos confinamiento. Nunca, es una pol\u00edtica que no ha funcionado en ninguna parte del mundo\", considera, mientras las cifras lo desmienten.<\/p>\n<p>Investigaciones del Imperial College London informaron que el confinamiento en Reino Unido redujo los contagios por covid\u00a0en m\u00e1s del 60%, lo que reduce las infecciones y el riesgo de que surjan variantes ganando tiempo para que la campa\u00f1a de vacunaci\u00f3n avance y para que la investigaci\u00f3n encuentre vacunas adaptadas a las variantes.<\/p>\n<p>El fanatismo de Bolsonaro pone en riesgo a otras naciones, a este respecto Tang ha dicho:<\/p>\n<p class=\"graf--startsWithDoubleQuote\">\"Si tienes un granero de producci\u00f3n de virus en un pa\u00eds, si no controlas la transmisi\u00f3n, vas a tener mutaciones que se produzcan por selecci\u00f3n natural, si esas variantes viajan por el mundo y algunas de ellas escapan a las vacunas total o parcialmente, por supuesto que es un riesgo\".<\/p>\n<p>A este punto pareciera que una salida \u00f3ptima ser\u00eda que todos los gobiernos pudieran vacunar a sus poblaciones, pero la pandemia sigue evidenciando las contradicciones del capitalismo, no solo a trav\u00e9s del acaparamiento de vacunas o de las cifras tr\u00e1gicas generadas por los feligreses del capital, sino de su capacidad para exportar la crisis permanente.<\/p>\n","protected":false},"excerpt":{"rendered":"<p>Mision Verdad (11-3-21) &nbsp; Antes que alcanzar la inmunidad de reba\u00f1o, buena parte del planeta sigue sufriendo los estragos producidos por el virus SARS-CoV-2, causante de la covid-19, enfermedad que ha impactado de modo incalculable al mundo a tan solo un a\u00f1o despu\u00e9s de haber sido declarada pandemia global por parte de la Organizaci\u00f3n Mundial [&hellip;]<\/p>\n","protected":false},"author":1,"featured_media":44755,"comment_status":"open","ping_status":"open","sticky":false,"template":"","format":"standard","meta":{"footnotes":""},"categories":[14,44],"tags":[],"class_list":["post-45573","post","type-post","status-publish","format-standard","has-post-thumbnail","hentry","category-internacionales","category-salud"],"_links":{"self":[{"href":"https:\/\/debateplural.net\/site\/wp-json\/wp\/v2\/posts\/45573"}],"collection":[{"href":"https:\/\/debateplural.net\/site\/wp-json\/wp\/v2\/posts"}],"about":[{"href":"https:\/\/debateplural.net\/site\/wp-json\/wp\/v2\/types\/post"}],"author":[{"embeddable":true,"href":"https:\/\/debateplural.net\/site\/wp-json\/wp\/v2\/users\/1"}],"replies":[{"embeddable":true,"href":"https:\/\/debateplural.net\/site\/wp-json\/wp\/v2\/comments?post=45573"}],"version-history":[{"count":1,"href":"https:\/\/debateplural.net\/site\/wp-json\/wp\/v2\/posts\/45573\/revisions"}],"predecessor-version":[{"id":45574,"href":"https:\/\/debateplural.net\/site\/wp-json\/wp\/v2\/posts\/45573\/revisions\/45574"}],"wp:featuredmedia":[{"embeddable":true,"href":"https:\/\/debateplural.net\/site\/wp-json\/wp\/v2\/media\/44755"}],"wp:attachment":[{"href":"https:\/\/debateplural.net\/site\/wp-json\/wp\/v2\/media?parent=45573"}],"wp:term":[{"taxonomy":"category","embeddable":true,"href":"https:\/\/debateplural.net\/site\/wp-json\/wp\/v2\/categories?post=45573"},{"taxonomy":"post_tag","embeddable":true,"href":"https:\/\/debateplural.net\/site\/wp-json\/wp\/v2\/tags?post=45573"}],"curies":[{"name":"wp","href":"https:\/\/api.w.org\/{rel}","templated":true}]}}