{"id":45702,"date":"2021-03-18T12:32:15","date_gmt":"2021-03-18T16:32:15","guid":{"rendered":"http:\/\/debateplural.com\/?p=45702"},"modified":"2021-03-18T12:32:15","modified_gmt":"2021-03-18T16:32:15","slug":"regresa-america","status":"publish","type":"post","link":"https:\/\/debateplural.net\/site\/2021\/03\/18\/regresa-america\/","title":{"rendered":"\u00bfRegresa \u00abAm\u00e9rica\u00bb?"},"content":{"rendered":"<div>\n<p>Ernesto L\u00f3pez (El Cohete a la Luna, 18-3-21)<\/p>\n<p>&nbsp;<\/p>\n<p>Con Joe Biden s\u00f3lo volvieron los modos y criterios de la gesti\u00f3n Obama<\/p>\n<\/div>\n<div id=\"cols\">\n<p><em>America is back<\/em>,\u00a0inform\u00f3 Joe Biden en m\u00e1s de un discurso despu\u00e9s de su \u00e9xito electoral. Iba sin decir detr\u00e1s de esta breve frase que el incalificable experimento trumpiano hab\u00eda quedado atr\u00e1s y que con su acceso a la presidencia retornaba una manera adecuada de gobernar, especialmente en el campo de las relaciones internacionales. Hay algo de autoelogio \u2013es inevitable decirlo\u2013 en esta forma de presentar las cosas, pues es obvio que quien ha encabezado el presunto regreso del gran pa\u00eds del norte a una buena senda pol\u00edtica ha sido nada menos que \u00e9l. Pero hay tambi\u00e9n algo as\u00ed como una falta de modestia en ese enunciado. Siguiendo una l\u00ednea de tiempo se advierte que lo que m\u00e1s inmediatamente podr\u00eda volver bajo el r\u00f3tulo de Am\u00e9rica en t\u00e9rminos de gesti\u00f3n p\u00fablica ser\u00edan los modos, los criterios y la experiencia legados por el binomio que antecedi\u00f3 a Trump, que fue el compuesto por Barack Obama y\u2026 Joe Biden, presidente y vice, respectivamente, de 2009 a 2017. \u00bfAlarde,\u00a0<em>boutade<\/em>, ingenuidad? Es dif\u00edcil contestar, hoy por hoy, esta pregunta.<\/p>\n<p>Biden ha anunciado la reincorporaci\u00f3n de su pa\u00eds al Acuerdo de Par\u00eds sobre el cambio clim\u00e1tico y el recalentamiento global. Y ha resuelto volver a participar activamente en la Organizaci\u00f3n Mundial del Comercio, abandonando la pol\u00edtica obstructiva de Trump, que imped\u00eda la renovaci\u00f3n del \u00f3rgano de apelaciones de aquella y pr\u00e1cticamente paralizaba su actividad. Y se ha mostrado, en general, partidario de retomar el multilateralimo global, que fue sistem\u00e1ticamente combatido por su antecesor.<\/p>\n<p>Tiene tambi\u00e9n inter\u00e9s en mejorar los v\u00ednculos con la Uni\u00f3n Europea estragados por el desd\u00e9n trumpista. Es probable, por ejemplo, que se muestre propenso a aliviar la relaci\u00f3n con Alemania en lo que respecta a la terminaci\u00f3n del \u00f3leo\/gasoducto\u00a0<em>Nord Stream 2<\/em>, pr\u00e1cticamente prohibido por Trump, que trasladar\u00eda gas y petr\u00f3leo desde Rusia a Alemania. Beneficiar\u00eda el abastecimiento de ambos recursos para los germanos pero tambi\u00e9n para otros pa\u00edses del vecindario. Conviene destacar que el ducto est\u00e1 ya construido en un 95%, pero su finalizaci\u00f3n se detuvo por la presi\u00f3n del ahora ex presidente, no tan interesado por mortificar a Mosc\u00fa como por conseguir que Berl\u00edn le comprara petr\u00f3leo a Estados Unidos. Probablemente Biden acceder\u00e1 a su terminaci\u00f3n.<\/p>\n<p>Los malos tratos propinados por Trump a los miembros europeos de la OTAN motivaron una respuesta de algunos de \u00e9stos. Alemania y Francia encabezaron la puesta en marcha de una pol\u00edtica enfilada a conseguir cierto margen de autonom\u00eda estrat\u00e9gica respecto de aquella organizaci\u00f3n. En junio de 2018, junto con B\u00e9lgica, Dinamarca, Espa\u00f1a, Estonia, Finlandia, Holanda, Portugal, Suecia y el Reino Unido establecieron un acuerdo destinado a alcanzar una nueva cooperaci\u00f3n militar por fuera de la antedicha OTAN, que desarrollara nuevas capacidades para desplegar operaciones combinadas. Hoy no est\u00e1 claro cu\u00e1l ser\u00e1 el futuro de esta iniciativa pues Biden est\u00e1 muy interesado en recuperar aquella alianza atl\u00e1ntica por su importancia militar y por su multilateralidad; adicionalmente, est\u00e1 tambi\u00e9n muy pr\u00f3ximo el retiro de Angela Merkel y habr\u00e1 que ver si su reemplazante est\u00e1 dispuesto a continuar con ese emprendimiento.<\/p>\n<p><a href=\"http:\/\/localhost\/debateplural\/wp-content\/uploads\/2018\/01\/barackobama-headshot.jpg\"><img loading=\"lazy\" decoding=\"async\" class=\" wp-image-22338 aligncenter\" src=\"http:\/\/localhost\/debateplural\/wp-content\/uploads\/2018\/01\/barackobama-headshot-300x176.jpg\" alt=\"\" width=\"909\" height=\"533\" srcset=\"https:\/\/debateplural.net\/site\/wp-content\/uploads\/2018\/01\/barackobama-headshot-300x176.jpg 300w, https:\/\/debateplural.net\/site\/wp-content\/uploads\/2018\/01\/barackobama-headshot.jpg 444w\" sizes=\"(max-width: 909px) 100vw, 909px\" \/><\/a><\/p>\n<p>Vale la pena mencionar, finalmente, que Estados Unidos y Rusia acordaron, a comienzos de febrero, la extensi\u00f3n por cinco a\u00f1os del Nuevo Tratado de Reducci\u00f3n de Armas Estrat\u00e9gicas, que Trump se inclinaba a no renovar. As\u00ed, ha quedado activo el control de estos letales artefactos nucleares.<\/p>\n<p>Hasta aqu\u00ed llegan las m\u00e1s importantes intenciones e iniciativas positivas alcanzadas hasta ahora por el flamante presidente en el plano internacional. Veamos ahora la otra cara de esta luna.<\/p>\n<h3>China y Rusia<\/h3>\n<p>Biden y Xi Jinping tuvieron una primera comunicaci\u00f3n telef\u00f3nica el pasado 11 de febrero. Curiosamente, las versiones de esa charla dadas a conocer por cada parte se refieren a los mismos temas pero con distinto tenor. Seg\u00fan comunic\u00f3 la Casa Blanca, el presidente norteamericano \u201csubray\u00f3 sus preocupaciones sobre las pr\u00e1cticas econ\u00f3micas coercitivas e injustas de Pek\u00edn, la represi\u00f3n en Hong Kong, los abusos a los derechos humanos en Xinjian \u2013regi\u00f3n en la que habitan los uigures, que son mayoritariamente musulmanes (E.L.)\u2013 y las acciones cada vez m\u00e1s autoritarias en la zona, incluso hacia Taiw\u00e1n\u201d. Medios chinos, por su parte, se\u00f1alaron que Xi pidi\u00f3 a Biden \u201cactuar con prudencia respecto a los se\u00f1alamientos que se hacen sobre las pol\u00edticas chinas en Taiw\u00e1n, Hong Kong y Xinjiang\u201d. Es notable: parece aquel juego de ni\u00f1os al que llam\u00e1bamos \u201cel tel\u00e9fono descompuesto\u201d.<\/p>\n<p>M\u00e1s recientemente, en el contexto de la IV Sesi\u00f3n de la XIII Asamblea Nacional Popular, el canciller chino, Wang Yi, reclam\u00f3 el levantamiento de los aranceles impuestos a los productos de su pa\u00eds por Trump, a los que calific\u00f3 de \u201crestricciones irrazonables\u201d. Abog\u00f3 tambi\u00e9n por una \u201ccoexistencia pac\u00edfica\u201d y recomend\u00f3 \u201cno entrometerse en los asuntos externos del otro\u201d. Y remat\u00f3: \u201cEsperamos que la administraci\u00f3n Biden se aleje claramente de las pr\u00e1cticas peligrosas de su antecesor. No habr\u00e1 concesiones\u201d. Fue, al parecer, una agria y tard\u00eda devoluci\u00f3n de gentilezas al nuevo presidente.<\/p>\n<p>Ninguna de las dos partes hizo referencia expl\u00edcita al latente conflicto que se extiende sobre el Mar de la China Meridional.<\/p>\n<p>En lo que respecta a Rusia, luego de un ataque simult\u00e1neo de la milicia Katib Hezbollah a varios objetivos y asentamiento militares que albergaban efectivos y contratistas norteamericanos, realizados en febrero, en Erbil, en la regi\u00f3n kurda de Irak, Estados Unidos llev\u00f3 adelante como represalia un ataque a\u00e9reo sobre posiciones del antedicho grupo, localizadas en \u00a1Siria! Fue un tiro por elevaci\u00f3n contra Rusia, que mantiene un fuerte apoyo militar al presidente Bashar al Assad y opera una base naval en la regi\u00f3n de Latakia. El canciller ruso Serg\u00e9i Lavrov present\u00f3 p\u00fablicamente una protesta al respecto.<\/p>\n<h3>\u201cGuerras interminables\u201d, Ir\u00e1n y Am\u00e9rica Latina<\/h3>\n<p>En Afganist\u00e1n, Trump hab\u00eda puesto en marcha un plan de retirada militar luego de alcanzar un acuerdo con los talibanes y con las actuales autoridades de ese pa\u00eds. Biden, al contrario, parece inclinado a mantener alg\u00fan nivel de efectivos all\u00ed, pues no se f\u00eda de los resultados de esa pacificaci\u00f3n. La jugada es riesgosa pues el incumplimiento de lo acordado podr\u00eda conducir a una nueva espiral de violencia. Ha trascendido, tambi\u00e9n, que tomar\u00eda la decisi\u00f3n de mantener fuerzas militares en Irak. En parte debido a un resabio de desconfianza hacia el gobierno chiita de ese pa\u00eds y tambi\u00e9n porque prefiere evitar un eventual resurgimiento de ISIS o de Al Qaida en la regi\u00f3n. Y se ha mencionado ya su sesgada decisi\u00f3n de atacar retaliativamente a Katib Hezbollah en Siria. Todo lo cual indica que las \u201cguerras interminables\u201d continuar\u00e1n.<\/p>\n<p>Respecto de Ir\u00e1n, Biden ha expresado ya su inter\u00e9s por reincorporarse al Acuerdo 5+1 \u2013del que del que se retir\u00f3 Trump\u2013 que controlaba el desarrollo nuclear persa. Pero fija como condici\u00f3n inicial que Teher\u00e1n retroceda en el enriquecimiento de uranio \u2013se estima que desde la salida norteamericana hab\u00eda alcanzado un 20%\u2013 a lo que la contraparte iran\u00ed se niega pues entiende \u2013no sin raz\u00f3n\u2013 que quien rompi\u00f3 el trato fue Washington. Como en el fondo el convenio es beneficioso para todos es probable que finalmente se consiga un avenimiento. Pero las relaciones est\u00e1n por el momento muy tensas y la presi\u00f3n norteamericana no merma.<\/p>\n<p>Con relaci\u00f3n a Am\u00e9rica Latina es poco lo que se ha visto: no hay nada establecido con firmeza a\u00fan. Y m\u00e1s bien permanecen retazos de las pol\u00edticas de Trump. Biden se mostr\u00f3 preocupado por la represi\u00f3n ejercida por Daniel Ortega en Nicaragua, a quien desde el Departamento de Estado se le reclam\u00f3 \u201cun cambio de rumbo\u201d. El flamante titular de esa cartera, Antony Blinken, tild\u00f3 a Nicol\u00e1s Maduro de \u201cdictador brutal\u201d y, por otra parte, se mantienen todas las pol\u00edticas restrictivas que Trump impuso a Cuba. Sin decirlo expl\u00edcitamente, persiste la inaceptable condena contra la \u201ctroika de la tiran\u00eda\u201d \u2013como llamaba a esos tres pa\u00edses el h\u00edper reaccionario John Bolton, asesor de seguridad de Trump\u2013 que expone la continuidad de un inaceptable intervencionismo norteamericano en la regi\u00f3n.<\/p>\n<p>Puede mencionarse, adicionalmente, que Biden en m\u00e1s de una oportunidad se mostr\u00f3 preocupado por la p\u00e9rdida de influencia de Estados Unidos en Am\u00e9rica Latina, ante la presencia china: el parecido de esto con lo que ha pregonado y actuado Trump es obvio.<\/p>\n<h3>Final<\/h3>\n<p>Haciendo un balance de lo expuesto se llega r\u00e1pidamente a la conclusi\u00f3n de que, hasta ahora, es mucho m\u00e1s lo que viene de antes que las iniciativas instalada por el nuevo presidente en el campo internacional, con pretensiones dizque renovadoras. Es dudoso que Am\u00e9rica \u2013ese ambiguo nombre que, en rigor, en este caso, menta exclusivamente a los Estados Unidos\u2013 haya vuelto. Por el momento, lo \u00fanico que se ve es que quien ha retornado es simplemente Joe Biden.<\/p>\n<\/div>\n","protected":false},"excerpt":{"rendered":"<p>Ernesto L\u00f3pez (El Cohete a la Luna, 18-3-21) &nbsp; Con Joe Biden s\u00f3lo volvieron los modos y criterios de la gesti\u00f3n Obama America is back,\u00a0inform\u00f3 Joe Biden en m\u00e1s de un discurso despu\u00e9s de su \u00e9xito electoral. Iba sin decir detr\u00e1s de esta breve frase que el incalificable experimento trumpiano hab\u00eda quedado atr\u00e1s y que [&hellip;]<\/p>\n","protected":false},"author":1,"featured_media":45544,"comment_status":"open","ping_status":"open","sticky":false,"template":"","format":"standard","meta":{"footnotes":""},"categories":[14,12],"tags":[],"class_list":["post-45702","post","type-post","status-publish","format-standard","has-post-thumbnail","hentry","category-internacionales","category-politica-3"],"_links":{"self":[{"href":"https:\/\/debateplural.net\/site\/wp-json\/wp\/v2\/posts\/45702"}],"collection":[{"href":"https:\/\/debateplural.net\/site\/wp-json\/wp\/v2\/posts"}],"about":[{"href":"https:\/\/debateplural.net\/site\/wp-json\/wp\/v2\/types\/post"}],"author":[{"embeddable":true,"href":"https:\/\/debateplural.net\/site\/wp-json\/wp\/v2\/users\/1"}],"replies":[{"embeddable":true,"href":"https:\/\/debateplural.net\/site\/wp-json\/wp\/v2\/comments?post=45702"}],"version-history":[{"count":1,"href":"https:\/\/debateplural.net\/site\/wp-json\/wp\/v2\/posts\/45702\/revisions"}],"predecessor-version":[{"id":45703,"href":"https:\/\/debateplural.net\/site\/wp-json\/wp\/v2\/posts\/45702\/revisions\/45703"}],"wp:featuredmedia":[{"embeddable":true,"href":"https:\/\/debateplural.net\/site\/wp-json\/wp\/v2\/media\/45544"}],"wp:attachment":[{"href":"https:\/\/debateplural.net\/site\/wp-json\/wp\/v2\/media?parent=45702"}],"wp:term":[{"taxonomy":"category","embeddable":true,"href":"https:\/\/debateplural.net\/site\/wp-json\/wp\/v2\/categories?post=45702"},{"taxonomy":"post_tag","embeddable":true,"href":"https:\/\/debateplural.net\/site\/wp-json\/wp\/v2\/tags?post=45702"}],"curies":[{"name":"wp","href":"https:\/\/api.w.org\/{rel}","templated":true}]}}