{"id":45993,"date":"2021-05-11T12:49:52","date_gmt":"2021-05-11T16:49:52","guid":{"rendered":"http:\/\/debateplural.com\/inicio\/?p=45993"},"modified":"2021-05-11T12:49:52","modified_gmt":"2021-05-11T16:49:52","slug":"kamala-y-blinken-repiten-la-politica-de-trump-para-latinoamerica","status":"publish","type":"post","link":"https:\/\/debateplural.net\/site\/2021\/05\/11\/kamala-y-blinken-repiten-la-politica-de-trump-para-latinoamerica\/","title":{"rendered":"\u00bfKamala y Blinken repiten la pol\u00edtica de Trump para Latinoam\u00e9rica?"},"content":{"rendered":"<div>\n<p>Mirko C. Trudeau (CLAE, 6-5-21)<\/p>\n<p>&nbsp;<\/p>\n<p>La vicepresidenta de Estados Unidos, Kamala Harris reiter\u00f3 la consigna de su gobierno de que Estados Unidos est\u00e1 de regreso y destac\u00f3 este martes que la relaci\u00f3n con Latinoam\u00e9rica va mucho m\u00e1s all\u00e1 del comercio y, pese a reconocer que a veces es complicada, asegur\u00f3 que su Gobierno cree en el potencial de la regi\u00f3n, en un discurso que obvi\u00f3 la dura represi\u00f3n de Colombia, su principal socio pol\u00edtico en la regi\u00f3n.<\/p>\n<\/div>\n<div id=\"cols\">\n<p>Harris fue una de las ponentes de la 51\u00aa Conferencia anual sobre las Am\u00e9ricas, organizada por la Americas Society\/Council of the Americas, en la que intervinieron varios miembros de la Administraci\u00f3n del presidente estadounidense, Joe Biden.<\/p>\n<p>Indic\u00f3 que la respuesta estadounidense a la migraci\u00f3n desde Centroam\u00e9rica y el sur de M\u00e9xico se desarrolla bajo su coordinaci\u00f3n de manera conjunta no s\u00f3lo con esos gobiernos, sino con el sector privado, fundaciones y ONGs, y record\u00f3 que tiene programada una conversaci\u00f3n con el presidente mexicano Andr\u00e9s Manuel L\u00f3pez Obrador el pr\u00f3ximo viernes, y una visita en persona en junio, para abordar este tema.<\/p>\n<p>\u00abDe muchas maneras nuestros destinos est\u00e1n entrelazados, y esto es especialmente cierto con Latinoam\u00e9rica, uno de nuestros socios comerciales que est\u00e1 creciendo m\u00e1s\u00bb, se\u00f1al\u00f3 la vicepresidenta. Consider\u00f3 que es \u00abimperativo\u00bb promover la democracia y el buen gobierno en la regi\u00f3n, as\u00ed como la prosperidad y la seguridad.<\/p>\n<p><a href=\"http:\/\/localhost\/debateplural\/wp-content\/uploads\/2021\/03\/20270307_xl.jpg\"><img loading=\"lazy\" decoding=\"async\" class=\"aligncenter size-full wp-image-45544\" src=\"http:\/\/localhost\/debateplural\/wp-content\/uploads\/2021\/03\/20270307_xl.jpg\" alt=\"\" width=\"880\" height=\"495\" srcset=\"https:\/\/debateplural.net\/site\/wp-content\/uploads\/2021\/03\/20270307_xl.jpg 880w, https:\/\/debateplural.net\/site\/wp-content\/uploads\/2021\/03\/20270307_xl-300x169.jpg 300w, https:\/\/debateplural.net\/site\/wp-content\/uploads\/2021\/03\/20270307_xl-768x432.jpg 768w, https:\/\/debateplural.net\/site\/wp-content\/uploads\/2021\/03\/20270307_xl-810x456.jpg 810w\" sizes=\"(max-width: 880px) 100vw, 880px\" \/><\/a><\/p>\n<p>E hizo hincapi\u00e9 en la lucha contra la corrupci\u00f3n en el Tri\u00e1ngulo Norte -Guatemala, Honduras y El Salvador-, ya que mientras esta lacra persista, avis\u00f3, no es posible el progreso. Dijo que su Administraci\u00f3n est\u00e1 centrada en abordar factores como los huracanes, la pandemia, la sequ\u00eda y la inseguridad alimentaria, as\u00ed como \u00ablas causas de ra\u00edz\u00bb de la inmigraci\u00f3n, como la corrupci\u00f3n, la violencia, la falta de buen gobierno y la pobreza.<\/p>\n<p>Pero por muchos esfuerzos que EEUU ponga en \u00abfrenar la violencia, proporcionar ayuda frente a los desastres, afrontar la inseguridad alimentaria\u2026 No haremos ning\u00fan progreso significativo si la corrupci\u00f3n persiste en la regi\u00f3n\u00bb, remarc\u00f3, aunque se abstuvo de decir quien promueve y financia a los gobiernos corruptos centroamericanos.<\/p>\n<p>Harris afirm\u00f3 que la historia ha demostrado que cuando existe la corrupci\u00f3n un paso adelante supone dos pasos atr\u00e1s, y lanz\u00f3 una advertencia a El Salvador tras las destituciones de jueces de la Corte Suprema de Justicia (CSJ) y del fiscal general.<\/p>\n<p>\u00abJusto este fin de semana supimos que el Parlamento salvadore\u00f1o actu\u00f3 para socavar la corte de mayor instancia de la naci\u00f3n\u00bb, comenz\u00f3 la responsable estadounidense, quien record\u00f3 que un Poder Judicial independiente \u00abes crucial\u00bb para una democracia sana y una econom\u00eda fuerte. \u00abDebemos responder\u00bb, zanj\u00f3 Harris.<\/p>\n<p>Mientras, el\u00a0secretario de Seguridad Nacional Alejandro Mayorkas,\u00a0\u00a0se centr\u00f3 en una de sus principales iniciativas, anunciada esta semana, la reunificaci\u00f3n de las familias inmigrantes separadas\u00a0\u00a0por el gobierno de\u00a0\u00a0Donald Trump (2017-2021).<\/p>\n<p>Este martes, EE.UU. permiti\u00f3 la entrada de cuatro mujeres de M\u00e9xico, Guatemala y Honduras, que en su d\u00eda fueron alejadas de sus hijos en la frontera y deportadas a sus pa\u00edses de origen, para que se puedan reunir con ellos. Mayorkas reiter\u00f3 que despu\u00e9s de estas mujeres habr\u00e1 m\u00e1s familias y que el gobierno estadounidense reunificar\u00e1 a los inmigrantes \u00ablo m\u00e1s r\u00e1pido\u00bb posible. \u00c9sto es compatible con la aplicaci\u00f3n de la ley y el mantenimiento de una frontera segura, a\u00f1adi\u00f3.<\/p>\n<p>El secretario de Estado, Antony Blinken, en un discurso grabado, dijo que la prioridad de la administraci\u00f3n Biden es \u00abrevitalizar\u00bb el apoyo a la democracia, la lucha contra la pandemia y la mejora de las condiciones econ\u00f3micas. Pidi\u00f3 aunar voces para defender la democracia en Latinoam\u00e9rica y solicitar una reforma electoral en Nicaragua.<\/p>\n<p>Tambi\u00e9n inst\u00f3 al gobierno de Hait\u00ed a organizar comicios justos y libres para finales de este a\u00f1o, omiti\u00f3 los sucesos en Colombia\u00a0\u00a0y adelant\u00f3 que su Gobierno seguir\u00e1 trabajando con los aliados en la regi\u00f3n para \u00abaliviar el sufrimiento del pueblo venezolano y ejercer presi\u00f3n sobre el r\u00e9gimen\u00bb.<\/p>\n<p>Indic\u00f3 que aunque EEUU trabajar\u00e1 como un socio con el resto de los pa\u00edses, aparentemente se reserva el derecho de enjuiciar y castigar a algunos. Al se\u00f1alar que nuestras democracias est\u00e1n siendo puestas a prueba y que incluso la estadounidense est\u00e1 enfrentando obst\u00e1culos, pidi\u00f3 redoblar esfuerzos para cumplir con las normas de la Carta Democr\u00e1tica Interamericana de la OEA.<\/p>\n<p>\u201cSeguiremos promoviendo los derechos humanos del pueblo cubano, incluida la libertad de expresi\u00f3n y reuni\u00f3n\u201d, dijo Blinken,\u00a0condenando la represi\u00f3n de los derechos humanos en la isla. Aunque declar\u00f3 que el gobierno de Biden marca un cambio en la pol\u00edtica estadounidense, en el caso de Venezuela y Cuba lo m\u00e1s notable es la continuidad con el gobierno anterior.<\/p>\n<p>Y repiti\u00f3 la misma cantinela del gobierno anterior sobre el gobierno de Nicol\u00e1s Maduro: \u00abSus abusos, la corrupci\u00f3n, la mala gesti\u00f3n\u2026 han alimentado la crisis humanitaria (en Venezuela) dejando a millones sin nada que comer o sin acceso a asistencia m\u00e9dica que salva vidas, y desplazando a millones.<\/p>\n<\/div>\n","protected":false},"excerpt":{"rendered":"<p>Mirko C. Trudeau (CLAE, 6-5-21) &nbsp; La vicepresidenta de Estados Unidos, Kamala Harris reiter\u00f3 la consigna de su gobierno de que Estados Unidos est\u00e1 de regreso y destac\u00f3 este martes que la relaci\u00f3n con Latinoam\u00e9rica va mucho m\u00e1s all\u00e1 del comercio y, pese a reconocer que a veces es complicada, asegur\u00f3 que su Gobierno cree [&hellip;]<\/p>\n","protected":false},"author":1,"featured_media":45994,"comment_status":"open","ping_status":"open","sticky":false,"template":"","format":"standard","meta":{"footnotes":""},"categories":[14,12],"tags":[],"class_list":["post-45993","post","type-post","status-publish","format-standard","has-post-thumbnail","hentry","category-internacionales","category-politica-3"],"_links":{"self":[{"href":"https:\/\/debateplural.net\/site\/wp-json\/wp\/v2\/posts\/45993"}],"collection":[{"href":"https:\/\/debateplural.net\/site\/wp-json\/wp\/v2\/posts"}],"about":[{"href":"https:\/\/debateplural.net\/site\/wp-json\/wp\/v2\/types\/post"}],"author":[{"embeddable":true,"href":"https:\/\/debateplural.net\/site\/wp-json\/wp\/v2\/users\/1"}],"replies":[{"embeddable":true,"href":"https:\/\/debateplural.net\/site\/wp-json\/wp\/v2\/comments?post=45993"}],"version-history":[{"count":1,"href":"https:\/\/debateplural.net\/site\/wp-json\/wp\/v2\/posts\/45993\/revisions"}],"predecessor-version":[{"id":45995,"href":"https:\/\/debateplural.net\/site\/wp-json\/wp\/v2\/posts\/45993\/revisions\/45995"}],"wp:featuredmedia":[{"embeddable":true,"href":"https:\/\/debateplural.net\/site\/wp-json\/wp\/v2\/media\/45994"}],"wp:attachment":[{"href":"https:\/\/debateplural.net\/site\/wp-json\/wp\/v2\/media?parent=45993"}],"wp:term":[{"taxonomy":"category","embeddable":true,"href":"https:\/\/debateplural.net\/site\/wp-json\/wp\/v2\/categories?post=45993"},{"taxonomy":"post_tag","embeddable":true,"href":"https:\/\/debateplural.net\/site\/wp-json\/wp\/v2\/tags?post=45993"}],"curies":[{"name":"wp","href":"https:\/\/api.w.org\/{rel}","templated":true}]}}