{"id":45999,"date":"2021-05-11T15:02:26","date_gmt":"2021-05-11T19:02:26","guid":{"rendered":"http:\/\/debateplural.com\/inicio\/?p=45999"},"modified":"2021-05-11T15:02:26","modified_gmt":"2021-05-11T19:02:26","slug":"joe-biden-reinventa-el-racismo","status":"publish","type":"post","link":"https:\/\/debateplural.net\/site\/2021\/05\/11\/joe-biden-reinventa-el-racismo\/","title":{"rendered":"Joe Biden reinventa el racismo"},"content":{"rendered":"<p>Thierry Meyssan (Red Voltaire, 11-5-21)<\/p>\n<p>&nbsp;<\/p>\n<p>Una vez existi\u00f3 un Estado federal cuyo ministerio de Educaci\u00f3n decidi\u00f3 ense\u00f1ar en las escuelas de \u200elos niveles primario y\u00a0secundario que la humanidad se\u00a0divide en razas diferentes. \u200e<\/p>\n<p>Aun trat\u00e1ndose de razas diferentes, es\u00a0posible que los individuos de cada\u00a0una de\u00a0ellas \u200ese\u00a0acoplen en parejas \u201cinterraciales\u201d, que engendran ni\u00f1os. Pero estos ser\u00e1n est\u00e9riles, como \u200elas\u00a0mulas que resultan de la c\u00f3pula entre yeguas y\u00a0asnos, y es\u00a0por\u00a0eso que las estad\u00edsticas de \u200eese Estado reflejan las cifras de\u00a0blancos, negros, etc., pero no\u00a0incluyen a los\u00a0mestizos. \u200e<\/p>\n<p>Como existe una jerarqu\u00eda impl\u00edcita entre esas razas diferentes y dado\u00a0que \u2013por desgracia\u2013 \u200elos\u00a0mestizos no\u00a0son est\u00e9riles, estos \u00faltimos se\u00a0cuentan como pertenecientes a la raza inferior. \u200eClaro, porque es\u00a0necesario preservar la raza superior. \u200e<\/p>\n<p>Ese Estado federal era el\u00a0Reich nazi. Pero ese es tambi\u00e9n el\u00a0principio de los Estados\u00a0Unidos del \u200epresidente Joe Biden y de Miguel Cardona, su\u00a0secretario de\u00a0Educaci\u00f3n. \u200e<\/p>\n<p>Estamos viendo el regreso del \u00ab<i>racismo cient\u00edfico<\/i>\u00bb, que condujo a la Segunda Guerra Mundial, \u200econ su saldo de 70\u00a0millones de muertos. Pero nadie\u00a0parece consciente del\u00a0peligro y muchos \u200ecreen que los dem\u00f3cratas estadounidenses son ejemplo de apertura. \u200e<\/p>\n<p>No debemos olvidar que el\u00a0racismo de los a\u00f1os\u00a01930 se\u00a0vest\u00eda con todos los atributos de \u200ela\u00a0Ciencia. Incluso era\u00a0objeto de investigaci\u00f3n en numerosos institutos cient\u00edficos y se\u00a0ense\u00f1aba \u200een universidades, tanto en Estados\u00a0Unidos como en\u00a0Europa occidental. Antes de la Primera \u200eGuerra Mundial, numerosos Estados \u00ab<i>modernos<\/i>\u00bb prohibieron los matrimonios interraciales\u2026 \u200epara preservar la raza superior. \u200e<\/p>\n<p><a href=\"http:\/\/localhost\/debateplural\/wp-content\/uploads\/2021\/02\/56461748_401.jpg\"><img loading=\"lazy\" decoding=\"async\" class=\"aligncenter wp-image-45089\" src=\"http:\/\/localhost\/debateplural\/wp-content\/uploads\/2021\/02\/56461748_401.jpg\" alt=\"\" width=\"887\" height=\"499\" srcset=\"https:\/\/debateplural.net\/site\/wp-content\/uploads\/2021\/02\/56461748_401.jpg 700w, https:\/\/debateplural.net\/site\/wp-content\/uploads\/2021\/02\/56461748_401-300x169.jpg 300w\" sizes=\"(max-width: 887px) 100vw, 887px\" \/><\/a><\/p>\n<h3 class=\"spip\">El racismo no\u00a0es de\u00a0derecha ni\u00a0de\u00a0izquierda<\/h3>\n<p>\u200eEn el imaginario colectivo, el\u00a0racismo supuestamente se\u00a0desarrolla s\u00f3lo en los c\u00edrculos de la \u200ederecha nacionalista. Eso\u00a0es absolutamente falso. \u200e<\/p>\n<p>Por ejemplo, a finales de la Primera Guerra Mundial, Francia ocup\u00f3 militarmente la cuenca minera \u200ealemana del\u00a0Ruhr. Entre\u00a0las\u00a0tropas francesas all\u00ed desplegadas hubo durante 2\u00a0a\u00f1os soldados \u200eafricanos de Senegal y Madagascar. R\u00e1pidamente se\u00a0desarroll\u00f3 en\u00a0Alemania, en Reino Unido, \u200eEstados\u00a0Unidos y\u00a0Canad\u00e1 un movimiento de\u00a0protesta que denunciaba como una \u201cignominia\u201d que \u200eFrancia hubiese enviado all\u00ed 20\u00a0000\u00a0negros para dominar a los\u00a0blancos alemanes y violar a \u200esus\u00a0mujeres. Aquel movimiento\u00a0<i>racista<\/i>\u00a0estuvo encabezado por la principal figura\u00a0<i>antirracista<\/i>\u00a0\u200ede principios de\u00a0siglo, E.\u00a0D.\u00a0Morel\u00a0[<a id=\"nh1\" class=\"spip_note\" title=\"E. D. Morel denunci\u00f3 el tratamiento inhumano del rey belga \u200eLeopoldo II\u00a0(...)\" href=\"https:\/\/www.voltairenet.org\/article213020.html#nb1\" rel=\"footnote\">1<\/a>], y reuni\u00f3\u00a0en grandes manifestaciones a todas las \u200eorganizaciones feministas internacionales\u00a0[<a id=\"nh2\" class=\"spip_note\" title=\"\u201cBlack Horror on the Rhine\u201d: Idealism, Pacifism, and \u200eRacism in Feminism and\u00a0(...)\" href=\"https:\/\/www.voltairenet.org\/article213020.html#nb2\" rel=\"footnote\">2<\/a>].\u200e<\/p>\n<p>Incluso en Francia, los socialistas de la\u00a0\u00e9poca se\u00a0unieron al movimiento racista, entre\u00a0ellos \u200elos\u00a0nietos de Karl Marx y Jean Longuet, periodista en el\u00a0diario\u00a0<i>L\u2019Humanit\u00e9<\/i>\u00a0y\u00a0futuro dirigente de \u200ela Secci\u00f3n Francesa de la Internacional Obrera (SFIO), predecesora del Partido Socialista franc\u00e9s. \u200e<\/p>\n<p>Hay que reconocer que, en periodos de confusi\u00f3n \u2013como el\u00a0que se\u00a0vivi\u00f3 entre las\u00a0dos Guerras \u200eMundiales o como el\u00a0que estamos viviendo actualmente\u2013 la\u00a0gente sigue sus impulsos, independientemente \u200ede sus\u00a0ideas. Y a\u00a0menudo se\u00a0ven en plena contradicci\u00f3n consigo mismos sin\u00a0darse cuenta \u200ede\u00a0ello. \u200e<\/p>\n<h3>\u200eEl pasado esclavista y racista de los dem\u00f3cratas estadounidenses<\/h3>\n<p>\u200eEn Estados Unidos, el esclavismo y el\u00a0racismo fueron defendidos principalmente por los miembros \u200edel Partido Dem\u00f3crata frente a los seguidores del Partido Republicano.<br \/>\n<img loading=\"lazy\" decoding=\"async\" class=\"puce\" src=\"https:\/\/www.voltairenet.org\/local\/cache-vignettes\/L9xH11\/puce-cebf5.gif\" alt=\"-\" width=\"9\" height=\"11\" \/>\u00a0Los programas del Partido Dem\u00f3crata correspondientes a los\u00a0a\u00f1os 1840, 1844, 1848, 1852 \u200ey\u00a01856 afirman que el abolicionismo disminuye la\u00a0dicha del\u00a0pueblo y pone en\u00a0peligro la \u200eestabilidad y la permanencia de la Uni\u00f3n.<br \/>\n<img loading=\"lazy\" decoding=\"async\" class=\"puce\" src=\"https:\/\/www.voltairenet.org\/local\/cache-vignettes\/L9xH11\/puce-cebf5.gif\" alt=\"-\" width=\"9\" height=\"11\" \/>\u00a0En 1856, el programa del Partido Dem\u00f3crata establece que los\u00a0Estados miembros de la Uni\u00f3n \u200epueden practicar o\u00a0no el esclavismo dom\u00e9stico e inscribirlo en sus constituciones.<br \/>\n<img loading=\"lazy\" decoding=\"async\" class=\"puce\" src=\"https:\/\/www.voltairenet.org\/local\/cache-vignettes\/L9xH11\/puce-cebf5.gif\" alt=\"-\" width=\"9\" height=\"11\" \/>\u00a0En 1860, el programa del Partido Dem\u00f3crata tilda de subversivos los\u00a0esfuerzos de los Estados \u200eabolicionistas que se\u00a0negaban a detener a los\u00a0esclavos en\u00a0fuga.\u200e<br \/>\n<img loading=\"lazy\" decoding=\"async\" class=\"puce\" src=\"https:\/\/www.voltairenet.org\/local\/cache-vignettes\/L9xH11\/puce-cebf5.gif\" alt=\"-\" width=\"9\" height=\"11\" \/>\u00a0La 14\u00aa Enmienda, que concede la plena ciudadan\u00eda estadounidense a los esclavos liberados, fue adoptada \u200een\u00a01868, con los\u00a0votos a\u00a0favor de todos los parlamentarios del Partido Republicano y 0% de votos del \u200ePartido Dem\u00f3crata.<br \/>\n<img loading=\"lazy\" decoding=\"async\" class=\"puce\" src=\"https:\/\/www.voltairenet.org\/local\/cache-vignettes\/L9xH11\/puce-cebf5.gif\" alt=\"-\" width=\"9\" height=\"11\" \/>\u00a0La 15\u00aa Enmienda, que concede a los esclavos liberados el\u00a0derecho a\u00a0votar, fue adoptada \u200een\u00a01870. Todos los\u00a0parlamentarios del Partido Republicano votaron a\u00a0favor. \u200eNing\u00fan\u00a0parlamentario del Partido Dem\u00f3crata vot\u00f3 a\u00a0favor.<br \/>\n<img loading=\"lazy\" decoding=\"async\" class=\"puce\" src=\"https:\/\/www.voltairenet.org\/local\/cache-vignettes\/L9xH11\/puce-cebf5.gif\" alt=\"-\" width=\"9\" height=\"11\" \/>\u00a0En 1902, el Partido Dem\u00f3crata hizo votar en\u00a0Virginia una ley que suprim\u00eda el\u00a0derecho al\u00a0voto de \u200em\u00e1s del 90% de la poblaci\u00f3n negra.<br \/>\n<img loading=\"lazy\" decoding=\"async\" class=\"puce\" src=\"https:\/\/www.voltairenet.org\/local\/cache-vignettes\/L9xH11\/puce-cebf5.gif\" alt=\"-\" width=\"9\" height=\"11\" \/>\u00a0El presidente dem\u00f3crata Woodrow Wilson (1913-1921) instituy\u00f3 la segregaci\u00f3n racial de los empleados \u200efederales, imponiendo a\u00a0la\u00a0vez como obligatoria la presentaci\u00f3n de una foto en cada solicitud de \u200eempleo.<br \/>\n<img loading=\"lazy\" decoding=\"async\" class=\"puce\" src=\"https:\/\/www.voltairenet.org\/local\/cache-vignettes\/L9xH11\/puce-cebf5.gif\" alt=\"-\" width=\"9\" height=\"11\" \/>\u00a0La Convenci\u00f3n Nacional dem\u00f3crata de\u00a01924, realizada en\u00a0Nueva\u00a0York, en el \u200eMadison Square Garden, fue llamada el \u00ab<i>Klan-Bake<\/i>\u00bb, debido a la gran influencia del \u200eKu\u00a0Klux\u00a0Klan en\u00a0el\u00a0Partido Dem\u00f3crata.\u200e<\/p>\n<p>Esa situaci\u00f3n se mantuvo sin\u00a0verdaderos cambios hasta\u00a01964, cuando, s\u00f3lo despu\u00e9s de los \u200eesfuerzos de los\u00a0Kennedy, el\u00a0presidente Lyndon Johnson hizo adoptar la\u00a0<i>Civil Rights Act<\/i>. Pero \u200ela\u00a0aprobaci\u00f3n fue trabajosa ya\u00a0que parlamentarios del Partido Dem\u00f3crata la\u00a0bloquearon durante \u200e\u200e75\u00a0d\u00edas. \u200e<\/p>\n<p>\u200e<\/p>\n<h3 class=\"spip\">El \u00ab<i>1619 Project<\/i>\u00bb<\/h3>\n<p>\u200e<\/p>\n<p>La administraci\u00f3n Biden se\u00a0dice antirracista y nadie\u00a0duda de su buena\u00a0fe. Pero su antirracismo es \u200ecomo el que rigi\u00f3 el Partido Dem\u00f3crata desde los a\u00f1os\u00a01840 hasta\u00a01961. Lo\u00a0cual quiere decir que \u200ees un antirracismo de\u00a0fachada mientras que en la\u00a0pr\u00e1ctica es precisamente lo\u00a0contrario. \u200e<\/p>\n<p>Las decisiones de la administraci\u00f3n Biden en el sector de la ense\u00f1anza apuntan a promover la \u200eideolog\u00eda del \u00ab<i>1619\u00a0Project<\/i>\u00bb, o Proyecto\u00a01619. Seg\u00fan esa ideolog\u00eda, Estados\u00a0Unidos no\u00a0naci\u00f3 de la \u200eguerra de independencia contra el\u00a0colonialismo brit\u00e1nico sino 2\u00a0siglos antes, en\u00a01619, con la \u200eintenci\u00f3n premeditada de imponer la esclavitud a los negros. \u200e<\/p>\n<p>El \u00ab<i>1619 Project<\/i>\u00bb se inici\u00f3 con la publicaci\u00f3n de una serie de\u00a0suplementos y de art\u00edculos en el \u200e\u200e<i>New York Times<\/i>, a\u00a0partir de\u00a02019. El\u00a0c\u00e9lebre diario estadounidense dejaba as\u00ed de esforzarse \u200epor relatar la\u00a0verdad y se\u00a0convert\u00eda en una herramienta de propaganda de la ideolog\u00eda puritana. \u200e<\/p>\n<p>Seg\u00fan el\u00a0<i>New York Times<\/i>\u00a0los\u00a0amerindios eran tan esclavistas como los\u00a0europeos. Pero \u200elos\u00a0espa\u00f1oles conced\u00edan la libertad a los esclavos amerindios que se convert\u00edan a la \u200e\u200e\u201cfe\u00a0verdadera\u201d, o\u00a0sea al catolicismo. En\u00a0definitiva, las colonias europeas en las Am\u00e9ricas \u200ese\u00a0desarrollaron realmente s\u00f3lo despu\u00e9s de la llegada de esclavos negros tra\u00eddos desde Angola \u200eal\u00a0territorio de los actuales Estados\u00a0Unidos, en\u00a01619. Seg\u00fan la\u00a0versi\u00f3n que ahora divulga el \u200e\u200e<i>New\u00a0York Times<\/i>, la guerra de independencia o \u00ab<i>Revoluci\u00f3n de las Trece\u00a0Colonias<\/i>\u00bb no\u00a0fue un \u200emovimiento contra los impuestos injustos instaurados por la Corona brit\u00e1nica sino una rebeli\u00f3n \u200eque buscaba preservar el sistema esclavista. Eso explicar\u00eda por\u00a0qu\u00e9 Estados\u00a0Unidos es \u200esist\u00e9micamente racista. Por\u00a0consiguiente, cada\u00a0blanco est\u00e1 en el\u00a0deber de tomar conciencia del \u200eprivilegio indebido que goza y de reparar hoy los cr\u00edmenes del patriarcado blanco. \u200e<\/p>\n<p>Esa teor\u00eda no se basa en la historia\u00a0[<a id=\"nh3\" class=\"spip_note\" title=\"The New York Times\u2019 1619 Project: A racialist falsification of \u200eAmerican and\u00a0(...)\" href=\"https:\/\/www.voltairenet.org\/article213020.html#nb3\" rel=\"footnote\">3<\/a>]. Lo\u00a0que hace es mezclar esclavismo y racismo \u2013por\u00a0ejemplo, los amerindios esclavizaban \u200ea sus enemigos vencidos, sin\u00a0ser por\u00a0ello \u201cracistas\u201d. Pasa\u00a0por\u00a0alto la existencia de esclavos \u200eblancos \u2013entre los primeros esclavos en Am\u00e9rica del Norte hab\u00eda ingleses condenados por \u200ela\u00a0justicia. Tambi\u00e9n desde\u00f1a el\u00a0deseo de emancipaci\u00f3n de los colonos frente al yugo colonial brit\u00e1nico. \u200eLo\u00a0cierto es no\u00a0fueron los \u201cestadounidenses\u201d sino los portugueses quienes introdujeron en\u00a0Am\u00e9rica \u200eel esclavismo y la\u00a0trata de esclavos tra\u00eddos desde \u00c1frica. Todo\u00a0ello demuestra que se\u00a0trata de una teor\u00eda \u200eamericanocentrista que simplemente ignora el\u00a0hecho que los\u00a0\u00e1rabes ya hab\u00edan esclavizado \u200enegros africanos durante todo un milenio. \u200e<\/p>\n<p>Esta teor\u00eda es de car\u00e1cter religioso ya\u00a0que retoma el\u00a0mito del\u00a0pecado original, lo\u00a0transforma y \u200ehace responsable de ese pecado al\u00a0hombre blanco. Al\u00a0igual que los iconoclastas, que \u200elos\u00a0puritanos y los\u00a0musulmanes wahabitas, los\u00a0partidarios de esa teor\u00eda destruyen, por \u200e\u200e\u201cimpuras\u201d, las\u00a0representaciones de aquellos que \u201cpecaron\u201d, comenzando por las estatuas de los \u200egenerales sudistas. \u200e<\/p>\n<p>Cada mentira engendra una nueva mentira. Durante la Guerra de Secesi\u00f3n, los\u00a0sudistas \u200eno\u00a0defend\u00edan el esclavismo (de\u00a0hecho, lo\u00a0abolieron antes del\u00a0fin de la\u00a0guerra) sino el\u00a0derecho \u200ede cada\u00a0Estado confederado a tener su propia aduana. \u200e<\/p>\n<p>Los partidarios del \u00ab<i>Proyecto\u00a01619<\/i>\u00bb act\u00faan hoy exactamente igual que aquellos a\u00a0quienes \u200epretenden combatir. Para\u00a0ellos, los\u00a0hombres no\u00a0son culpables por lo\u00a0que han hecho sino que \u200enacen culpables, siendo portadores de una culpa hereditaria. \u200e<\/p>\n<h3 class=\"spip\">La institucionalizaci\u00f3n du racismo por Joe Biden<\/h3>\n<p>\u200e<\/p>\n<p>Cuando Miguel Cardona, el secretario de Educaci\u00f3n de la administraci\u00f3n Biden, decidi\u00f3 promover \u200eel \u00ab<i>Proyecto\u00a01619<\/i>\u00bb en\u00a0las escuelas primarias y en la ense\u00f1anza secundaria, un\u00a0movimiento de \u200erechazo atraves\u00f3 todo el\u00a0pa\u00eds. \u200e<\/p>\n<p>La reacci\u00f3n m\u00e1s interesante se\u00a0registr\u00f3 en el Estado de Oklahoma. El\u00a0Congreso local adopt\u00f3 una \u200eley, que el\u00a0gobernador Kevin Stitt firm\u00f3 de\u00a0inmediato. El\u00a0gobernador Kevin Stitt es miembro de la \u200eNaci\u00f3n Cherokee\u00a0[<a id=\"nh4\" class=\"spip_note\" title=\"La Naci\u00f3n Cherokee \u2013antes llamada Naci\u00f3n Cherokee de Oklahoma\u2013 es la \u200emayor de\u00a0(...)\" href=\"https:\/\/www.voltairenet.org\/article213020.html#nb4\" rel=\"footnote\">4<\/a>] y, como el ex\u00a0presidente Donald Trump, \u200ees un jacksoniano\u00a0[<a id=\"nh5\" class=\"spip_note\" title=\"Nota del Autor: La historiograf\u00eda del Partido Dem\u00f3crata, atribuye a Andrew\u00a0(...)\" href=\"https:\/\/www.voltairenet.org\/article213020.html#nb5\" rel=\"footnote\">5<\/a>]. Esa\u00a0ley, identificada como HB\u00a01775 (disponible en PDF para su descarga a\u00a0partir del \u200ev\u00ednculo incluido al\u00a0final de este art\u00edculo), proh\u00edbe expresamente la ense\u00f1anza de las 8\u00a0premisas \u200eracistas enumeradas a continuaci\u00f3n:<i><\/i><\/p>\n<p>&nbsp;<\/p>\n<ul>\n<li><i>Una raza o un sexo es intr\u00ednsecamente superior a otra\u00a0raza o\u00a0sexo.<\/i><\/li>\n<li><i>Un individuo, debido a su\u00a0raza o\u00a0sexo, es intr\u00ednsecamente racista, sexista u opresor, \u200econsciente o inconscientemente.<\/i><\/li>\n<li><i>Una persona deber\u00eda ser v\u00edctima de discriminaci\u00f3n o sufrir un tratamiento desfavorable \u200e\u00fanicamente o en\u00a0parte debido a su\u00a0raza o\u00a0sexo.<\/i><\/li>\n<li><i>Los miembros de una raza o\u00a0sexo no\u00a0pueden y no\u00a0deben intentar tratar a otros \u200esin\u00a0tener en cuenta su\u00a0raza o\u00a0sexo.<\/i><\/li>\n<li><i>El car\u00e1cter moral de un individuo est\u00e1 necesariamente determinado por su\u00a0raza o\u00a0sexo.<\/i><\/li>\n<li><i>Un individuo, debido a su\u00a0raza o\u00a0sexo, es portador de la responsabilidad de los actos \u200ecometidos en el\u00a0pasado por otros miembros de la misma raza o\u00a0sexo.<\/i><\/li>\n<li><i>Todo individuo debe sentir incomodidad, culpabilidad, angustia o cualquier otra forma de tensi\u00f3n psicol\u00f3gica debido a su\u00a0raza o\u00a0sexo.<\/i><\/li>\n<\/ul>\n<p>&nbsp;<\/p>\n<ol class=\"spip\">\n<li><i>La meritocracia o rasgos como profesar una \u00e9tica del trabajo tenaz son racistas y sexistas o han sido \u200ecreados por miembros de una raza en\u00a0particular para oprimir a los miembros de otra raza.<\/i><\/li>\n<\/ol>\n<p>El texto de ley que proh\u00edbe la\u00a0ense\u00f1anza total o\u00a0parcial \u200ede\u00a0esas 8\u00a0premisas en las escuelas del Estado de\u00a0Oklahoma fue\u00a0aprobado con los votos del 100% de los parlamentarios republicanos de \u200eLegislatura de\u00a0Oklahoma. Ning\u00fan dem\u00f3crata vot\u00f3 a\u00a0favor de esa\u00a0ley. \u200e<\/p>\n<p>Estamos obligados a reflexionar con detenimiento y sensatez sobre las consecuencias de la ideolog\u00eda del \u200e\u200e\u00ab<i>Proyecto\u00a01619<\/i>\u00bb, que el\u00a0Partido Dem\u00f3crata estadounidense y la administraci\u00f3n Biden \u200epretenden imponer a los estadounidenses y al\u00a0mundo entero. Es\u00a0algo que s\u00f3lo puede llevar a \u200ehechos de violencia de proporciones gigantescas. \u200e<\/p>\n","protected":false},"excerpt":{"rendered":"<p>Thierry Meyssan (Red Voltaire, 11-5-21) &nbsp; Una vez existi\u00f3 un Estado federal cuyo ministerio de Educaci\u00f3n decidi\u00f3 ense\u00f1ar en las escuelas de \u200elos niveles primario y\u00a0secundario que la humanidad se\u00a0divide en razas diferentes. \u200e Aun trat\u00e1ndose de razas diferentes, es\u00a0posible que los individuos de cada\u00a0una de\u00a0ellas \u200ese\u00a0acoplen en parejas \u201cinterraciales\u201d, que engendran ni\u00f1os. Pero estos [&hellip;]<\/p>\n","protected":false},"author":1,"featured_media":43966,"comment_status":"open","ping_status":"open","sticky":false,"template":"","format":"standard","meta":{"footnotes":""},"categories":[14,12],"tags":[],"class_list":["post-45999","post","type-post","status-publish","format-standard","has-post-thumbnail","hentry","category-internacionales","category-politica-3"],"_links":{"self":[{"href":"https:\/\/debateplural.net\/site\/wp-json\/wp\/v2\/posts\/45999"}],"collection":[{"href":"https:\/\/debateplural.net\/site\/wp-json\/wp\/v2\/posts"}],"about":[{"href":"https:\/\/debateplural.net\/site\/wp-json\/wp\/v2\/types\/post"}],"author":[{"embeddable":true,"href":"https:\/\/debateplural.net\/site\/wp-json\/wp\/v2\/users\/1"}],"replies":[{"embeddable":true,"href":"https:\/\/debateplural.net\/site\/wp-json\/wp\/v2\/comments?post=45999"}],"version-history":[{"count":1,"href":"https:\/\/debateplural.net\/site\/wp-json\/wp\/v2\/posts\/45999\/revisions"}],"predecessor-version":[{"id":46000,"href":"https:\/\/debateplural.net\/site\/wp-json\/wp\/v2\/posts\/45999\/revisions\/46000"}],"wp:featuredmedia":[{"embeddable":true,"href":"https:\/\/debateplural.net\/site\/wp-json\/wp\/v2\/media\/43966"}],"wp:attachment":[{"href":"https:\/\/debateplural.net\/site\/wp-json\/wp\/v2\/media?parent=45999"}],"wp:term":[{"taxonomy":"category","embeddable":true,"href":"https:\/\/debateplural.net\/site\/wp-json\/wp\/v2\/categories?post=45999"},{"taxonomy":"post_tag","embeddable":true,"href":"https:\/\/debateplural.net\/site\/wp-json\/wp\/v2\/tags?post=45999"}],"curies":[{"name":"wp","href":"https:\/\/api.w.org\/{rel}","templated":true}]}}