{"id":46039,"date":"2021-05-13T14:40:47","date_gmt":"2021-05-13T18:40:47","guid":{"rendered":"http:\/\/debateplural.com\/inicio\/?p=46039"},"modified":"2021-05-13T14:40:47","modified_gmt":"2021-05-13T18:40:47","slug":"colombia-la-guerra-o-la-paz-1ra-parte","status":"publish","type":"post","link":"https:\/\/debateplural.net\/site\/2021\/05\/13\/colombia-la-guerra-o-la-paz-1ra-parte\/","title":{"rendered":"Colombia: \u00bfLa Guerra o la Paz? (1ra parte)"},"content":{"rendered":"<p>Tony L\u00f3pez R. (Sin Permiso, 13-5-21)<\/p>\n<p>&nbsp;<\/p>\n<p>La urgente necesidad de que Colombia logre la paz, est\u00e1 condicionada a que se realicen profundos e importantes cambios estructurales. Esa oportunidad la desperdiciaron cuando el gobierno de Iv\u00e1n Duque incumpli\u00f3 con los Acuerdos de Paz, firmados el 26 de noviembre del 2016 en Bogot\u00e1, Colombia.<\/p>\n<p>No es el presidente Nicolas Maduro el causante de los acontecimientos en Colombia, como anunci\u00f3 desde Miami el presidente de Ecuador, Lenin Moreno sin ninguna \u00e9tica, irresponsable y cobardemente, sin presentar una sola prueba todo para congraciarse con Estados Unidos. Tampoco el castrochavismo, ni Nicaragua, como se\u00f1alan algunos derechistas medios de prensa en Miami y en Am\u00e9rica Latina. Analicemos seriamente los or\u00edgenes y las causas de este lamentable conflicto.<\/p>\n<p>El verdadero origen y causa de la explosi\u00f3n social en Colombia se ha provocado por la propuesta del gobierno de la Ley Tributaria, pero no es la causa ni origen de estos grandes reclamos del pueblo. Estas deudas vienen de muchos a\u00f1os acumulados de injusticia social, pol\u00edtica, econ\u00f3mica y militar. La oligarqu\u00eda colombiana est\u00e1 negada a realizar los cambios y la actual sublevaci\u00f3n popular solo vienen de esa profunda crisis.<\/p>\n<p>Los cambios que hoy exige la ciudadan\u00eda, se han venido planteando no solo a este gobierno, ha sido a la mayor\u00eda de los gobiernos, que tutelado por la oligarqu\u00eda y apoyados por los grandes intereses de Washington, son los que llevan la rienda del poder, desde hace 190 a\u00f1os en Colombia. Basados en una Constituci\u00f3n, bipartidista (liberal-conservadora), aprobada en agosto de 1886, que rein\u00f3 en Colombia por 105 a\u00f1os, la sociedad colombiana ha sido testigo de los m\u00e1s abusivos y horribles sucesos al amparo de ella.<\/p>\n<p>La guerra de los mil d\u00edas, un fratricida enfrentamiento entre liberales y conservadores, que dio paso a gobiernos conservadores y estos, entregaron a EEUU, el territorio istme\u00f1o y dio origen al nacimiento de la Rep\u00fablica de Panam\u00e1 y a EE: UU de apropiarse del Canal de Panam\u00e1, que constitu\u00eda su principal objetivo econ\u00f3mico, comercial y militar y la raz\u00f3n por la que alentaron esa guerra.<\/p>\n<p><a href=\"http:\/\/localhost\/debateplural\/wp-content\/uploads\/2021\/05\/16199239457442.jpg\"><img loading=\"lazy\" decoding=\"async\" class=\"aligncenter  wp-image-45989\" src=\"http:\/\/localhost\/debateplural\/wp-content\/uploads\/2021\/05\/16199239457442.jpg\" alt=\"\" width=\"902\" height=\"507\" srcset=\"https:\/\/debateplural.net\/site\/wp-content\/uploads\/2021\/05\/16199239457442.jpg 660w, https:\/\/debateplural.net\/site\/wp-content\/uploads\/2021\/05\/16199239457442-300x169.jpg 300w\" sizes=\"(max-width: 902px) 100vw, 902px\" \/><\/a><\/p>\n<p>En los 30 a\u00f1os que gobernaron los conservadores, a inicios del siglo XX, se provocaron graves enfrentamientos con los liberales, las masacres de cientos de obreros a fines del 20 en las bananeras coste\u00f1as y el asesinato del general Rafael Uribe Uribe, un prestigioso l\u00edder liberal que abrazaba las ideas socialdem\u00f3cratas, la violencia y odio caracterizaron estas tres d\u00e9cadas. El desprestigio conservador, facilit\u00f3 el triunfo del liberal Enrique Olaya Herrera, que gan\u00f3 la presidencia en 1930 y en 1934 le sucedi\u00f3 el liberal Alfonso L\u00f3pez Pumarejo.<\/p>\n<p>El gobierno liberal de Olaya se caracteriz\u00f3 por dictar varias leyes de car\u00e1cter social, gan\u00f3 la simpat\u00eda, pero tambi\u00e9n la fuerte oposici\u00f3n del senador conservador Laureano G\u00f3mez. La ley, que m\u00e1s preocup\u00f3 a los conservadores y a sectores de la derecha liberal, fue la de dominio y posesi\u00f3n de las tierras. Esa ley abr\u00eda las puertas a una reforma agraria, ley que fue aprobada en el gobierno de L\u00f3pez Pumarejo (1934-38). La oligarqu\u00eda latifundista feudal, liberal-conservadora, le declar\u00f3 la guerra a la Revoluci\u00f3n en Marcha, con una gran ola de violencia y el gobierno no pudo realizar su programa pol\u00edtico social.<\/p>\n<p>Los gobiernos de Eduardo Santos de 1938-42 y de Alfonso L\u00f3pez Pumarejo de 1942-45 fueron sacudidos por las peleas internas dentro del Partido Liberal. Las contradicciones se hicieron tensas para elegir al candidato presidencial que por este Partido se presentar\u00eda en las elecciones para el periodo 1946-50. El prestigioso l\u00edder antimperialista, revolucionario y liberal Jorge Eliecer Gait\u00e1n, era uno de los dos candidatos, una maniobra de la derecha de ese Partido impidi\u00f3 que fuera Gait\u00e1n y llevaron como candidato a Gabriel Turbay Turbay, quien fue derrotado por el conservador Mariano Ospina P\u00e9rez.<\/p>\n<p>Los gobiernos de Ospina P\u00e9rez, (1946-50) y de Laureano G\u00f3mez (1950-51) y Rafael Urdaneta (1951-53) fueron los gobiernos m\u00e1s horrorosos de aquella \u00e9poca en Colombia. La fuerte oposici\u00f3n a esos gobiernos conservadores, provoc\u00f3 miles de asesinatos contra los liberales gaitanitas, el punto m\u00e1s \u00e1lgido de ese periodo y para impedir que Jorge Eliecer Gait\u00e1n ganara la presidencia de la rep\u00fablica, el 9 de abril de 1948 fue asesinado.<\/p>\n<p>Una conspiraci\u00f3n de la oligarqu\u00eda liberal conservadora, en total complicidad con Estados Unidos y en medio de una desenfrenada pol\u00edtica macartista, bajo la \"doctrina Truman\", decidieron eliminar al gran l\u00edder revolucionario Jorge Eliecer Gait\u00e1n. Su asesinato provoc\u00f3 una de la m\u00e1s grandes explosiones violentas y sociales que recuerde la historia colombiana, conocida como \"El Bogotazo\". La falta de un liderazgo liberal y el arreglo de las elites pol\u00edtico liberal-conservador, con el presidente Ospina P\u00e9rez y Laureano G\u00f3mez, puso en evidencia la complicidad en ese criminal magnicidio.<\/p>\n<p>Luego de este luctuoso suceso, se arreciaron en Colombia las persecuciones y cr\u00edmenes contra, el cada vez m\u00e1s creciente movimiento liberal gaitanista, fue una labor de exterminio a mano de los paramilitares, en esa \u00e9poca conocidos como \"p\u00e1jaros\", \"chulavitas\" y \"aplanchadores\" todos miembros de la fuerza p\u00fablica, especialmente de la polic\u00eda o para-policial. La pol\u00edtica de odio, era tan grande que, hasta las mujeres embarazadas liberales gaitanistas, eran ejecutadas y sus fetos extra\u00eddos de sus vientres y acuchillados para que no sobrevivieran.<\/p>\n<p>Mientras Juan de la Cruz Varela importante l\u00edder agrario, liberal y gaitanista, tom\u00f3 distancia con la direcci\u00f3n liberal, cuando estos pactaron con el presidente Ospina P\u00e9rez. Frente a la gran represi\u00f3n los liberales gaitanistas y comunistas entre ellos Varela, organizaron en sus defensas las guerrillas liberales y comunistas que operaron en el Tolima, en el Sumapaz y los Llanos orientales. Mientras que en Santander del Sur y el Magdalena Medio las guerrillas el mocho Rafael Rangel enfrentaron las criminales acciones de la violencia olig\u00e1rquica.<\/p>\n<p>La ola de violencia y la continuidad y fortalecimiento de las guerrillas liberales y comunistas en ese periodo y las insatisfacciones de la sociedad y de un sector militar, facilit\u00f3 el golpe de Estado Militar el 13 de junio de 1953, que llev\u00f3 al general Gustavo Rojas Pinilla a encabezar el gobierno de facto.<\/p>\n<p>El mandato de Rojas Pinilla, tampoco logr\u00f3 solucionar la crisis, a pesar de la amnist\u00eda que otorgo a las guerrillas que dur\u00f3 dos a\u00f1os, en abril de 1955 producto de una fuerte represi\u00f3n contra los campesinos de la zona en Villarrica, Tolima, los campesinos resistieron, y se abri\u00f3 un frente guerrillero en la zona de Cabrera y la guerra se traslado al Alto Sumapaz, guerra donde Varela se convirti\u00f3 en el l\u00edder y jefe de una guerrilla con militantes gaitanistas y comunistas.<\/p>\n<p>Mientras que Guadalupe Salcedo con las guerrillas de los Llanos, continuo operando, hasta que Rojas Pinilla fue depuesto y la Junta Militar que asumi\u00f3, dict\u00f3 una amnist\u00eda y Juan de la Cruz Varela quien desde 1950 militaba en el Partido Comunista, acept\u00f3 parar la lucha armada, tambi\u00e9n lo hizo Salcedo, pero este fue enga\u00f1ado y le hicieron ir a Bogot\u00e1 para negociar y fue asesinado.<\/p>\n<p>Con la ca\u00edda el 10 de mayo de 1957 del general Rojas Pinilla, se produjo un acuerdo con la Junta Militar, que form\u00f3 un gobierno paritario entre liberales y conservadores, gracias primero a los acuerdos en 1956 de Benidorm, en Barcelona, Espa\u00f1a, que hab\u00edan logrado el liberal Alberto Lleras Camargo y el conservador Laureano G\u00f3mez. Esos acuerdos dan lugar al Pacto de Sitges y conforman el Frente Nacional, que acuerdan la alternancia en el gobierno de ambos partidos. Las elecciones celebradas en 1958 eligen a Alberto Lleras Camargo, quien gobierna hasta 1962 y es sucedido por el conservador Guillermo Le\u00f3n Valencia. El Frente Nacional solo dur\u00f3 16 a\u00f1os, termin\u00f3 en 1974.<\/p>\n<p>En el gobierno del liberal Alberto Lleras Camargo, se producen dos hechos que deben ser recogidos, en el mismo a\u00f1o que fue elegido, se trat\u00f3 de una importante divisi\u00f3n en el partido liberal encabezada por Alfonso L\u00f3pez Michelsen, corriente pol\u00edtica progresista, que adopt\u00f3 el nombre de Movimiento Revolucionario Liberal (MRL) y que cuestionaba fuertemente al Frente Nacional.<\/p>\n<p>Por otra parte, los atropellos por ex guerrilleros liberales devenidos en bandoleros, liderados entre otros por Jes\u00fas Mar\u00eda Oviedo, alias \"Mariachi\", sirvi\u00e9ndole a los terratenientes, atacaba a los campesinos pobres. El l\u00edder comunista y miembro de su Comit\u00e9 Central, Jacobo Prias Alape c\/p Charro Negro, los enfrent\u00f3, pero \"Mariachi\" le tendi\u00f3 una trampa y lo asesin\u00f3. Este acontecimiento producido en 1960, prendi\u00f3 las alarmas y atiz\u00f3 la violencia en ese periodo.<\/p>\n<p>En ese periodo, siendo l\u00edder en el Congreso el conservador \u00c1lvaro G\u00f3mez Hurtado, apoyo a la oligarqu\u00eda agraria y comienzan a crear conflictos con los campesinos de diversas zonas del pa\u00eds, pero principalmente en el Tolima, Huila, Cundinamarca y comenzaron a ser atacados por sicarios y paramilitares, en respuesta a esa pol\u00edtica, se crearon las Autodefensas Campesinas.<\/p>\n<p>El senador \u00c1lvaro G\u00f3mez acus\u00f3 a estos campesinos de haberse convertido en unas \"republiquetas independientes\" y dio lugar a que en 1964, el gobierno de Le\u00f3n Valencia con el apoyo del Congreso, decidi\u00f3 utilizar a las Fuerzas Militares, en esta ocasi\u00f3n con un fuerte apoyo de Estados Unidos, bajo el nombre del Plan LASO.<\/p>\n<p>Esa intervenci\u00f3n militar con un fuerte ataque a la zona de Marquetalia, y la heroica defensa de ese territorio, dio origen a que el 27 de mayo de 1964 surgiera el movimiento guerrillero FARC, (Fuerzas Armadas Revolucionarias de Colombia) Mientras que un 4 de Julio, se fund\u00f3 en la zona de Laputana, Santander del Sur, el Ejercito de Liberaci\u00f3n Nacional (ELN). Las FARC comandado por el legendario guerrillero Pedro Antonio Mar\u00edn (Manuel Marulanda V\u00e9lez) y el ELN por el comandante Fabio V\u00e1zquez Casta\u00f1o.<\/p>\n<p>Hasta aqu\u00ed una muy apretada s\u00edntesis de los sucesos de violencia, explotaci\u00f3n, abusos contra el campesinado y el pueblo colombiano pueblo que, en Colombia de acuerdo a informaciones oficiales, entre los a\u00f1os 1948 y 58 en diez a\u00f1os, 300,000 mil muertos. Las investigaciones del Grupo de la Memoria Hist\u00f3rica, permiten confirmar que los muertos entre 1958 al 2012 ascienden a 220.000. Todas estas lamentables perdidas, solo recoge la de los fallecidos, pero no los miles de desaparecidos y heridos.<\/p>\n<p>No fue hasta 1991 cuando luego de las negociaciones de paz con el movimiento revolucionario y guerrillero AD-M-19, que se iniciaron conversaciones con el gobierno liberal de Virgilio Barco y lo continu\u00f3 C\u00e9sar Gaviria. Nunca una negociaci\u00f3n de la insurgencia hab\u00eda logrado tantos beneficios de car\u00e1cter jur\u00eddico, civil y p\u00fablico. La Constituci\u00f3n del 91 puso fin al cintur\u00f3n de hierro que representaba la vieja carta magna de 1886, que solo amparaba los intereses de la oligarqu\u00eda.<\/p>\n<p>La Constituci\u00f3n del 91 abri\u00f3 el espacio democr\u00e1tico y el ordenamiento judicial del pa\u00eds. Se crearon las siguientes instituciones jur\u00eddicas, Fiscal\u00eda de la Naci\u00f3n, Corte Suprema de Justicia, Corte Constitucional, Consejo de Estado, Procuradur\u00eda, Defensor\u00eda del Pueblo, Consejo Nacional Electoral y Contralor\u00eda Nacional. Todo comenz\u00f3 a funcionar muy bien en los primeros a\u00f1os, de su aplicaci\u00f3n, pero est\u00e1, se fue extinguiendo y deformando con el tiempo. En el periodo de mayores cambios internos a la Constituci\u00f3n, lo fue a partir del 2002, durante el gobierno de \u00c1lvaro Uribe V\u00e9lez.<\/p>\n<p>En todos estos a\u00f1os, el pa\u00eds ha vivido de un conflicto en otro y es ah\u00ed donde est\u00e1n las causas y razones que vienen acumuladas desde hace muchos, pero muchos a\u00f1os, que se agudizaron luego del asesinato de Jorge Eliecer Gait\u00e1n en 1948. En la segunda parte de este art\u00edculo, abordar\u00e9 el periodo del 2000 hasta la fecha. Pero lo que s\u00ed queda claro, que no hay ninguna fuerza extranjera, ni militar ni pol\u00edtica latinoamericana, que tenga que ver con este estallido social y pol\u00edtico en Colombia.<\/p>\n<p>Las \u00fanicas fuerzas extranjeras y militares en Colombia, son las unidades de la 82 divisi\u00f3n, que Estados Unidos tiene posesionadas e ilegalmente ocupando parte del territorio en esa Naci\u00f3n. Si alguien tiene dudas de la ilegalidad que le pregunten a Tribunal Superior de Cundinamarca y al Senado de la Naci\u00f3n. De eso no habl\u00f3 en la CNN el ex presidente \u00c1lvaro Uribe V\u00e9lez, solo culpo a la Disidencia de las FARC, al ELN, a Venezuela, Cuba y Nicaragua. Es la forma de los culpables y cobardes de desvirtuar la realidad y los medios de prensa como la CNN de proporcionar las falsas noticias.<\/p>\n<p>El autor es: Periodista, polit\u00f3logo y analista internacional<\/p>\n","protected":false},"excerpt":{"rendered":"<p>Tony L\u00f3pez R. (Sin Permiso, 13-5-21) &nbsp; La urgente necesidad de que Colombia logre la paz, est\u00e1 condicionada a que se realicen profundos e importantes cambios estructurales. Esa oportunidad la desperdiciaron cuando el gobierno de Iv\u00e1n Duque incumpli\u00f3 con los Acuerdos de Paz, firmados el 26 de noviembre del 2016 en Bogot\u00e1, Colombia. No es [&hellip;]<\/p>\n","protected":false},"author":1,"featured_media":45975,"comment_status":"open","ping_status":"open","sticky":false,"template":"","format":"standard","meta":{"footnotes":""},"categories":[14,12],"tags":[],"class_list":["post-46039","post","type-post","status-publish","format-standard","has-post-thumbnail","hentry","category-internacionales","category-politica-3"],"_links":{"self":[{"href":"https:\/\/debateplural.net\/site\/wp-json\/wp\/v2\/posts\/46039"}],"collection":[{"href":"https:\/\/debateplural.net\/site\/wp-json\/wp\/v2\/posts"}],"about":[{"href":"https:\/\/debateplural.net\/site\/wp-json\/wp\/v2\/types\/post"}],"author":[{"embeddable":true,"href":"https:\/\/debateplural.net\/site\/wp-json\/wp\/v2\/users\/1"}],"replies":[{"embeddable":true,"href":"https:\/\/debateplural.net\/site\/wp-json\/wp\/v2\/comments?post=46039"}],"version-history":[{"count":1,"href":"https:\/\/debateplural.net\/site\/wp-json\/wp\/v2\/posts\/46039\/revisions"}],"predecessor-version":[{"id":46040,"href":"https:\/\/debateplural.net\/site\/wp-json\/wp\/v2\/posts\/46039\/revisions\/46040"}],"wp:featuredmedia":[{"embeddable":true,"href":"https:\/\/debateplural.net\/site\/wp-json\/wp\/v2\/media\/45975"}],"wp:attachment":[{"href":"https:\/\/debateplural.net\/site\/wp-json\/wp\/v2\/media?parent=46039"}],"wp:term":[{"taxonomy":"category","embeddable":true,"href":"https:\/\/debateplural.net\/site\/wp-json\/wp\/v2\/categories?post=46039"},{"taxonomy":"post_tag","embeddable":true,"href":"https:\/\/debateplural.net\/site\/wp-json\/wp\/v2\/tags?post=46039"}],"curies":[{"name":"wp","href":"https:\/\/api.w.org\/{rel}","templated":true}]}}