{"id":4612,"date":"2016-03-31T14:42:26","date_gmt":"2016-03-31T14:42:26","guid":{"rendered":"http:\/\/debateplural.com\/?p=4612"},"modified":"2016-06-23T13:53:46","modified_gmt":"2016-06-23T13:53:46","slug":"assad-se-muestra-a-favor-de-las-elecciones-presidenciales-anticipadas","status":"publish","type":"post","link":"https:\/\/debateplural.net\/site\/2016\/03\/31\/assad-se-muestra-a-favor-de-las-elecciones-presidenciales-anticipadas\/","title":{"rendered":"Assad se muestra a favor de las elecciones presidenciales anticipadas"},"content":{"rendered":"<div id=\"attachment_1350\" style=\"width: 660px\" class=\"wp-caption aligncenter\"><img loading=\"lazy\" decoding=\"async\" aria-describedby=\"caption-attachment-1350\" class=\"size-full wp-image-1350\" src=\"http:\/\/tripletecnologia.com\/website\/debateplural\/wp-content\/uploads\/2016\/03\/bashar-al-assad-1.jpg\" alt=\"Bashar Al Assad\" width=\"650\" height=\"450\" \/><p id=\"caption-attachment-1350\" class=\"wp-caption-text\">Bashar Al Assad<\/p><\/div>\n<p style=\"text-align:justify;\">En una entrevista concedida a la agencia de noticias RIA Novosti el presidente sirio expresa su postura respecto a las elecciones anticipadas.<\/p>\n<p style=\"text-align:justify;\">El presidente sirio<a href=\"http:\/\/localhost\/debateplural\/tag\/bashar-al-asad\"> Bashar al Asad<\/a> se pronuncia\u00a0a favor de elecciones presidenciales anticipadas, si as\u00ed lo decide pueblo sirio.<!--more--><\/p>\n<h3 style=\"text-align:justify;\">\"No es ning\u00fan problema para m\u00ed\"<\/h3>\n<p style=\"text-align:justify;\">\"Todo depende del pueblo sirio, si la voluntad de los ciudadanos es que se celebren elecciones presidenciales anticipadas. Si esto es lo que quiere el pueblo, no es ning\u00fan problema para m\u00ed. Es l\u00f3gico responder a los deseos de todos los sirios y no solo a los intereses de las fuerzas de oposici\u00f3n. Este asunto toca a cada ciudadano sirio, porque cada uno elige a su presidente\", coment\u00f3 el mandatario.<\/p>\n<p style=\"text-align:justify;\">Yo no tengo nada en contra, porque ning\u00fan presidente puede desempe\u00f1ar sus funciones de una manera eficaz sin el apoyo de su pueblo. Mientras que el presidente que cuenta con el apoyo de sus votantes, siempre est\u00e1 listo para una decisi\u00f3n de este tipo\".<\/p>\n<p style=\"text-align:justify;\">\"Se prev\u00e9 celebrar las elecciones parlamentarias tras la aprobaci\u00f3n de nueva constituci\u00f3n. Las urnas mostraran el balance de las fuerzas pol\u00edticas en Siria. Despu\u00e9s, vamos a formar un nuevo gobierno, que se corresponda con la representaci\u00f3n parlamentaria.\"<\/p>\n<h3 style=\"text-align:justify;\">Las elecciones parlamentarias<\/h3>\n<p style=\"text-align:justify;\">El presidente de Siria,\u00a0<a href=\"https:\/\/actualidad.rt.com\/actualidad\/169246-bashar-assad-presidente-siria\" target=\"_blank\">Bashar al Assad<\/a>, anunci\u00f3 el 22 de febrero que su pa\u00eds celebrar\u00e1elecciones parlamentarias\u00a0el pr\u00f3ximo 13 de abril. Seg\u00fan notific\u00f3 el presidente sirio, el decreto n\u00famero 63 indica que el 13 de abril el pa\u00eds elegir\u00e1 a los nuevos miembros de su Asamblea Popular, en un proceso electoral que supondr\u00e1 el comienzo de su octava legislatura.<\/p>\n<p style=\"text-align:justify;\">Este anuncio supone un antes y un despu\u00e9s en Siria pues, por primera vez en cinco a\u00f1os de conflicto, Gobierno y oposici\u00f3n podr\u00edan alcanzar alg\u00fan acuerdo para cesar las hostilidades.\u00a0Los \u00faltimos comicios de esta \u00edndole realizados en esa naci\u00f3n, tuvieron lugar en el a\u00f1o 2012.<\/p>\n<h3 style=\"text-align:justify;\">Los sistemas m\u00f3viles S-400 Triumf en Siria<\/h3>\n<p style=\"text-align:justify;\"><a href=\"http:\/\/localhost\/debateplural\/tag\/rusia\">Rusia<\/a> dejar\u00e1 en servicio en sus bases militares en <a href=\"http:\/\/localhost\/debateplural\/tag\/siria\">Siria<\/a> varias unidades de los sistemas m\u00f3viles S-400 Triumf, establecidas en el pa\u00eds para las tareas de defensa antia\u00e9rea y antimisiles de las fuerzas militares rusas. No obstante, el presidente sirio subray\u00f3 que no se trata de la entrega a Siria de los sistemas S-400. \"No discutimos esta cuesti\u00f3n por ahora. Y la decisi\u00f3n no est\u00e1 relacionada con la presencia de los S-400 en Latakia\".<\/p>\n","protected":false},"excerpt":{"rendered":"<p>En una entrevista concedida a la agencia de noticias RIA Novosti el presidente sirio expresa su postura respecto a las elecciones anticipadas. El presidente sirio Bashar al Asad se pronuncia\u00a0a favor de elecciones presidenciales anticipadas, si as\u00ed lo decide pueblo sirio.<\/p>\n","protected":false},"author":1,"featured_media":0,"comment_status":"open","ping_status":"open","sticky":false,"template":"","format":"standard","meta":{"footnotes":""},"categories":[14],"tags":[60,40,41],"class_list":["post-4612","post","type-post","status-publish","format-standard","hentry","category-internacionales","tag-bashar-al-asad","tag-rusia","tag-siria"],"_links":{"self":[{"href":"https:\/\/debateplural.net\/site\/wp-json\/wp\/v2\/posts\/4612"}],"collection":[{"href":"https:\/\/debateplural.net\/site\/wp-json\/wp\/v2\/posts"}],"about":[{"href":"https:\/\/debateplural.net\/site\/wp-json\/wp\/v2\/types\/post"}],"author":[{"embeddable":true,"href":"https:\/\/debateplural.net\/site\/wp-json\/wp\/v2\/users\/1"}],"replies":[{"embeddable":true,"href":"https:\/\/debateplural.net\/site\/wp-json\/wp\/v2\/comments?post=4612"}],"version-history":[{"count":1,"href":"https:\/\/debateplural.net\/site\/wp-json\/wp\/v2\/posts\/4612\/revisions"}],"predecessor-version":[{"id":7115,"href":"https:\/\/debateplural.net\/site\/wp-json\/wp\/v2\/posts\/4612\/revisions\/7115"}],"wp:attachment":[{"href":"https:\/\/debateplural.net\/site\/wp-json\/wp\/v2\/media?parent=4612"}],"wp:term":[{"taxonomy":"category","embeddable":true,"href":"https:\/\/debateplural.net\/site\/wp-json\/wp\/v2\/categories?post=4612"},{"taxonomy":"post_tag","embeddable":true,"href":"https:\/\/debateplural.net\/site\/wp-json\/wp\/v2\/tags?post=4612"}],"curies":[{"name":"wp","href":"https:\/\/api.w.org\/{rel}","templated":true}]}}