{"id":46208,"date":"2021-05-25T12:51:24","date_gmt":"2021-05-25T16:51:24","guid":{"rendered":"http:\/\/debateplural.com\/inicio\/?p=46208"},"modified":"2021-05-25T12:51:24","modified_gmt":"2021-05-25T16:51:24","slug":"colombia-el-regimen-esta-dispuesto-a-masacrar-al-pueblo-para-defender-sus-intereses","status":"publish","type":"post","link":"https:\/\/debateplural.net\/site\/2021\/05\/25\/colombia-el-regimen-esta-dispuesto-a-masacrar-al-pueblo-para-defender-sus-intereses\/","title":{"rendered":"Colombia. \"El r\u00e9gimen est\u00e1 dispuesto a masacrar al pueblo para defender sus intereses\""},"content":{"rendered":"<p>Carlos Aznarez (teleSur, 24-5-21)<\/p>\n<p>&nbsp;<\/p>\n<p>Contin\u00faa el paro nacional que comenzara el 28 de abril, el pueblo sigue saliendo a la calle, hay marchas y protestas, tambi\u00e9n mucha represi\u00f3n y el di\u00e1logo famoso anunciado por el gobierno no se hace ver por ning\u00fan lado. M\u00e1s all\u00e1 de fuegos artificiales que Iv\u00e1n Duque anuncia para demostrar que quiere arreglar lo que el r\u00e9gimen desarregl\u00f3, la realidad es muy otra: persecuci\u00f3n a la militancia, cientos de detenidos, cientos de desaparecidos y medio centenar de asesinados. Para hablar de todo esto, convocamos a Jimmy Moreno, vocero del Congreso de los Pueblos de Colombia.<\/p>\n<p>Colombia. \"El r\u00e9gimen est\u00e1 dispuesto a masacrar al pueblo para defender sus intereses\"<br \/>\n-Nos podr\u00edas hacer un balance de c\u00f3mo est\u00e1n las cosas en cuanto a la movilizaci\u00f3n y tambi\u00e9n a la represi\u00f3n.<\/p>\n<p>-Ya estamos arribando a casi un mes de paro nacional, sostener esta medida hasta este momento demuestra un poco la fuerza y la unidad de las comunidades que se viene desarrollando en estas din\u00e1micas de movilizaci\u00f3n que se expresa en todo el pa\u00eds. A la vez, est\u00e1 demostrando la situaci\u00f3n tan compleja y precaria que ten\u00edan las comunidades, y que ven\u00edan expresadas desde tiempo atr\u00e1s, y ahora se muestran en el marco de lo que la gente viene proponiendo en el paro nacional. Creemos que es un balance bastante positivo todo lo hecho. Esta fuerza de movilizaci\u00f3n est\u00e1 centrada especialmente en los j\u00f3venes, en las mujeres, en los sectores organizados ind\u00edgenas, campesinos, afro, movimiento sindical y los estudiantes.<\/p>\n<p>-Hubo adem\u00e1s importantes logros.<\/p>\n<p>-Evidentemente, este paro nos muestra que con la din\u00e1mica de esta fuerza se han logrado triunfos importantes. La primera fue la ca\u00edda de la reforma tributaria, luego la renuncia del ministro Carrasquilla, posteriormente tuvo que renunciar la canciller. Tambi\u00e9n, en el marco de la movilizaci\u00f3n, por la presi\u00f3n les toc\u00f3 tambi\u00e9n archivar el proyecto que iba a reformar y terminar de privatizar la salud en Colombia. Este es un logro importante que se da en el marco del paro nacional y demuestra que las mesas de negociaci\u00f3n no son tan efectivas y m\u00e1s en este tipo de gobiernos que no cumplen y no brindan ning\u00fan tipo de garant\u00edas. Es la fuerza del paro nacional la que le ha enviado un mensaje a los gobernadores colombianos de eliminar esa agenda y ese paquete neoliberal que iba a seguir profundizando la crisis en el pa\u00eds.<\/p>\n<p>-\u00bfUstedes como Congreso de los Pueblos participan de la idea de di\u00e1logo con el gobierno de Duque?<\/p>\n<p>-Est\u00e1 el tema de derechos humanos que es bastante preocupante. Nosotros como Congreso de los Pueblos no estamos participando del proceso de negociaci\u00f3n, porque pensamos que sentarnos a dialogar con un gobierno que tiene las manos manchadas de sangre y no asume responsabilidades, eso no es coherente con lo que la gente est\u00e1 expresando en las calles. En ese sentido, ni siquiera hay espacios de debate para quienes se han sentado, no se ha podido avanzar en garant\u00edas.<\/p>\n<p><a href=\"http:\/\/localhost\/debateplural\/wp-content\/uploads\/2018\/07\/img_significado_de_la_bandera_y_el_escudo_de_colombia_42869_600.jpg\"><img loading=\"lazy\" decoding=\"async\" class=\"aligncenter  wp-image-26576\" src=\"http:\/\/localhost\/debateplural\/wp-content\/uploads\/2018\/07\/img_significado_de_la_bandera_y_el_escudo_de_colombia_42869_600.jpg\" alt=\"\" width=\"836\" height=\"557\" srcset=\"https:\/\/debateplural.net\/site\/wp-content\/uploads\/2018\/07\/img_significado_de_la_bandera_y_el_escudo_de_colombia_42869_600.jpg 600w, https:\/\/debateplural.net\/site\/wp-content\/uploads\/2018\/07\/img_significado_de_la_bandera_y_el_escudo_de_colombia_42869_600-300x200.jpg 300w\" sizes=\"(max-width: 836px) 100vw, 836px\" \/><\/a><\/p>\n<p>El mensaje que est\u00e1 dando el gobierno es reforzar la estrategia militar para seguir dando este tratamiento a la protesta nacional. Es una militarizaci\u00f3n total del territorio nacional y esas balas que est\u00e1n matando al pueblo que est\u00e1 sosteniendo la movilizaci\u00f3n, es mediante la actuaci\u00f3n paramilitar que tiene el ej\u00e9rcito y la polic\u00eda nacional. Es preocupante porque est\u00e1 mostrando el car\u00e1cter autoritario de este gobierno que est\u00e1 en manos de las fuerzas militares. El r\u00e9gimen no quiere perder nada y est\u00e1 dispuesto a masacrar al pueblo colombiano para defender sus intereses. El mi\u00e9rcoles pasado fue un d\u00eda importante en la convocatoria que se hizo de movilizaci\u00f3n nacional. Vimos una represi\u00f3n fuerte sobre todo en el paro minero que se est\u00e1 desarrollando en Caucasia, los corrieron a balas y a gases lacrim\u00f3genos de manera desproporcionada, donde hab\u00eda mujeres y ni\u00f1os, gasearon hasta las escuelas.<\/p>\n<p>En Bucaramanga la movilizaci\u00f3n fue atacada por la polic\u00eda, por el ESMAD, hasta alta horas de la madrugada, en la Universidad de Santander se dieron enfrentamientos fuertes con la polic\u00eda, con unos 30 heridos, seis de ellos alcanzados por balas. Es una manera sistem\u00e1tica de este gobiernos tratar la protesta social. En Pasto, Popay\u00e1n, Medell\u00edn y Bogot\u00e1, tenemos la misma circunstancia, en el sentido de la forma violenta con la que el estado respondi\u00f3 a la movilizaci\u00f3n, con amenazas permanente y no con cumplir con lo que la gente le est\u00e1 expresando en las calles.<\/p>\n<p>Internacionalmente es un imperativo exigir al estado que pare la guerra al paro y que el gobierno se responsabilice de esta situaci\u00f3n de masacre que se est\u00e1 dando en el marco de la protesta. Estamos exigiendo la renuncia de los responsables de esta masacre, de esos asesinatos. Este martes habr\u00e1 una moci\u00f3n de censura al ministro de defensa por sus actuaciones y responsabilidades y esperamos que el Congreso de la Rep\u00fablica dentro del marco del estado de derecho se le de la moci\u00f3n de censura y se destituya a ese ministro de defensa que le ha declarado la guerra al pueblo colombiano<\/p>\n<p>-Las exigencias de las que est\u00e1s hablando est\u00e1n escritas en un emplazamiento que est\u00e1n haciendo con m\u00e1s de 900 firmas de organizaciones sociales, pol\u00edticas y tambi\u00e9n muchas personalidades. Lo hemos publicando en Resumen Latinoamericano. Si el gobierno no cumple y no acepta dicho emplazamiento, \u00bfc\u00f3mo seguir\u00e1 este paro y esta presi\u00f3n que hacen en las calles?<\/p>\n<p>-Digamos que le radicamos al gobierno nacional un emplazamiento p\u00fablico que tiene alcance nacional e internacional, respaldado como t\u00fa dices por muchas firmas de organizaciones nacionales e internacionales. El emplazamiento es un mandato que se viene dando alrededor de la movilizaci\u00f3n social, es una manera directa de decirle al gobierno colombiano que pare el genocidio y que detenga estas medidas neoliberales que est\u00e1n profundizando la crisis social en nuestro pa\u00eds. Ese emplazamiento tiene dos puntos gruesos. Uno, es que se le exige al gobierno para que pare la guerra y en ese marco reclamamos verdad, justicia y castigo para los responsables de estos cr\u00edmenes que se dieron el marco del paro nacional.<\/p>\n<p>Exigimos la renuncia del ministro de defensa, del comandante de la polic\u00eda nacional y del comandante de las fuerzas militares que son los responsables directos por estar al mando de las tropas que est\u00e1n asesinando a las comunidades en paro. Por otro lado, estamos diciendo que evidentemente, no creemos en los espacios de negociaci\u00f3n, tenemos muchas experiencias y sabemos que el gobierno hace un proceso de dilataci\u00f3n para no cumplir con los acuerdos y que en ese sentido, lo que el gobierno tiene que hacer si muestra voluntad pol\u00edtica es cumplir con lo que la gente est\u00e1 expresando en las calles y es el retiro de esa agenda neoliberal y que se deroguen las leyes que oprimen al pueblo hist\u00f3ricamente, y evidentemente nosotros tener la posibilidad de crear un nuevo gobierno y vision de pa\u00eds.<\/p>\n<p>El gobierno no va a cumplir, es lo m\u00e1s posible, por la actitud que tiene en este momento, el mensaje es que vamos a seguir en las calles, vamos a seguir en las carreteras y se va a seguir levantando la consigna de \u201cfuera mal gobierno\u201d como expresi\u00f3n de rechazo a este r\u00e9gimen, a esta oligarqu\u00eda que gobierna para los ricos y no para los pobres. Adem\u00e1s, se est\u00e1 llevando a cabo un genocidio hacia el pueblo colombiano y la oposici\u00f3n pol\u00edtica. Estamos haciendo un llamado a la comunidad internacional no solo para que hagan ejercicio de unidad, sino para que en las instancias internacionales de car\u00e1cter jur\u00eddico, se enjuicie al presidente de la rep\u00fablica por estas acciones. Duque es el responsable directo, quien ha dado las \u00f3rdenes de militarizar y levantar el paro por la fuerza militar.<\/p>\n<p>En ese sentido estamos diciendo que se lo debe juzgar internacionalmente por m\u00e1s de 50 muertes, m\u00e1s de 300 desaparecidos ya que no sabemos d\u00f3nde est\u00e1n esas personas, las violaciones a las mujeres que se han venido haciendo por parte de la polic\u00eda nacional, m\u00e1s de 30 personas con lesiones en los ojos y las detenciones arbitrarias y el actuar paramilitar del estado colombiano. Este emplazamiento es en respuesta a ese ejercicio de negociaci\u00f3n, que como Congreso de los Pueblos y muchas comunidades rechazamos porque el car\u00e1cter no es el de cambio y de transformaciones profundas sino de querer desmovilizar el paro nacional. Seguiremos en las calles, as\u00ed como ha ca\u00eddo la reforma seguiremos tumbando las leyes opresoras, pudiendo construir una posibilidad de un pa\u00eds para la vida digna.<\/p>\n<p>-Gracias por la entrevista, te dejo el cierre para que expreses lo que desees.<\/p>\n<p>-Gracias a ustedes, desde Colombia un mensaje de mucha lucha, mucha resistencia y un mensaje de solidaridad a esos procesos de resistencia que se vienen dando en Nuestra Am\u00e9rica con Brasil, Chile y tambi\u00e9n nuestra solidaridad con el pueblo palestino que tambi\u00e9n resiste ante la agresi\u00f3n imperialista. Somos los pueblos los que evidentemente venimos en esa lucha y esa resistencia por nuestra dignidad, nuestra soberan\u00eda y nuestra autonom\u00eda. Desde esta lucha que damos en Colombia, est\u00e1 este sentimiento de hermandad ante otros pueblos y nuestra visi\u00f3n de internacionalismo popular. Agradecemos el espacio y seguiremos ah\u00ed conociendo tambi\u00e9n esta din\u00e1mica de nuestro continente, del mundo y aliment\u00e1ndonos para fortalecer nuestras luchas.<\/p>\n","protected":false},"excerpt":{"rendered":"<p>Carlos Aznarez (teleSur, 24-5-21) &nbsp; Contin\u00faa el paro nacional que comenzara el 28 de abril, el pueblo sigue saliendo a la calle, hay marchas y protestas, tambi\u00e9n mucha represi\u00f3n y el di\u00e1logo famoso anunciado por el gobierno no se hace ver por ning\u00fan lado. M\u00e1s all\u00e1 de fuegos artificiales que Iv\u00e1n Duque anuncia para demostrar [&hellip;]<\/p>\n","protected":false},"author":1,"featured_media":45989,"comment_status":"open","ping_status":"open","sticky":false,"template":"","format":"standard","meta":{"footnotes":""},"categories":[14,12],"tags":[],"class_list":["post-46208","post","type-post","status-publish","format-standard","has-post-thumbnail","hentry","category-internacionales","category-politica-3"],"_links":{"self":[{"href":"https:\/\/debateplural.net\/site\/wp-json\/wp\/v2\/posts\/46208"}],"collection":[{"href":"https:\/\/debateplural.net\/site\/wp-json\/wp\/v2\/posts"}],"about":[{"href":"https:\/\/debateplural.net\/site\/wp-json\/wp\/v2\/types\/post"}],"author":[{"embeddable":true,"href":"https:\/\/debateplural.net\/site\/wp-json\/wp\/v2\/users\/1"}],"replies":[{"embeddable":true,"href":"https:\/\/debateplural.net\/site\/wp-json\/wp\/v2\/comments?post=46208"}],"version-history":[{"count":1,"href":"https:\/\/debateplural.net\/site\/wp-json\/wp\/v2\/posts\/46208\/revisions"}],"predecessor-version":[{"id":46209,"href":"https:\/\/debateplural.net\/site\/wp-json\/wp\/v2\/posts\/46208\/revisions\/46209"}],"wp:featuredmedia":[{"embeddable":true,"href":"https:\/\/debateplural.net\/site\/wp-json\/wp\/v2\/media\/45989"}],"wp:attachment":[{"href":"https:\/\/debateplural.net\/site\/wp-json\/wp\/v2\/media?parent=46208"}],"wp:term":[{"taxonomy":"category","embeddable":true,"href":"https:\/\/debateplural.net\/site\/wp-json\/wp\/v2\/categories?post=46208"},{"taxonomy":"post_tag","embeddable":true,"href":"https:\/\/debateplural.net\/site\/wp-json\/wp\/v2\/tags?post=46208"}],"curies":[{"name":"wp","href":"https:\/\/api.w.org\/{rel}","templated":true}]}}