{"id":4624,"date":"2016-03-31T16:28:21","date_gmt":"2016-03-31T16:28:21","guid":{"rendered":"http:\/\/debateplural.com\/?p=4624"},"modified":"2016-06-23T13:53:35","modified_gmt":"2016-06-23T13:53:35","slug":"fuerza-aerea-de-irak-abatio-a-60-yihadistas-de-daesh","status":"publish","type":"post","link":"https:\/\/debateplural.net\/site\/2016\/03\/31\/fuerza-aerea-de-irak-abatio-a-60-yihadistas-de-daesh\/","title":{"rendered":"Fuerza a\u00e9rea de Irak abati\u00f3 a 60 yihadistas de Daesh"},"content":{"rendered":"<div id=\"attachment_4625\" style=\"width: 715px\" class=\"wp-caption aligncenter\"><img loading=\"lazy\" decoding=\"async\" aria-describedby=\"caption-attachment-4625\" class=\"size-full wp-image-4625\" src=\"http:\/\/tripletecnologia.com\/website\/debateplural\/wp-content\/uploads\/2016\/03\/bombardeo-del-dash-en-irak.jpg\" alt=\"Bombardeo del Dash en Irak\" width=\"705\" height=\"381\" \/><p id=\"caption-attachment-4625\" class=\"wp-caption-text\">Bombardeo del Dash en Irak<\/p><\/div>\n<p class=\"b-article__lead\" style=\"text-align:justify;\">La Fuerza A\u00e9rea de <a href=\"http:\/\/localhost\/debateplural\/tag\/irak\">Irak <\/a>abati\u00f3 al menos 60 yihadistas de Daesh en el marco de las operaciones que llevan a cabo en Anbar y Saladino, inform\u00f3 la agencia Shafaq News, citando el comando iraqu\u00ed.<!--more--><\/p>\n<p class=\"b-article__lead\" style=\"text-align:justify;\">Los militares iraqu\u00edes anteriormente iniciaron el asalto de la ciudad de Hit en la provincia de Anbar.<\/p>\n<div class=\"b-article__text\">\n<p style=\"text-align:justify;\">\"Los aviones F-16 de la Fuerza A\u00e9rea iraqu\u00ed derrotaron cuatro bastiones de <a href=\"http:\/\/mundo.sputniknews.com\/trend\/grupo_yihadista_estado_islamico_2014\/\">Daesh<\/a> en Hit y Shergat (gobernaci\u00f3n de Saladino) y eliminaron al menos 60 terroristas\", indic\u00f3.<\/p>\n<p style=\"text-align:justify;\">Daesh, proscrito en <a href=\"http:\/\/localhost\/debateplural\/tag\/rusia\">Rusia<\/a> y otros pa\u00edses, se ha convertido en una de las amenazas principales a la seguridad global. En tres a\u00f1os ha logrado apoderarse de un vasto territorio en Irak y <a href=\"http:\/\/localhost\/debateplural\/tag\/siria\">Siria<\/a> y, adem\u00e1s, est\u00e1 intentando extender su dominio a \u00c1frica del Norte, en particular, a <a href=\"http:\/\/localhost\/debateplural\/tag\/libia\">Libia<\/a>.<\/p>\n<\/div>\n<p style=\"text-align:justify;\">La base, situada cerca de la localidad de Majmur, comenz\u00f3 a funcionar tan hace unos d\u00edas; el Pent\u00e1gono iba a revelar su existencia pr\u00f3ximamente, pero el ataque yihadista los oblig\u00f3 a reconocerla antes.<\/p>\n<div class=\"b-inject m-inject-min\"><\/div>\n<p style=\"text-align:justify;\">Unos 200 marines de EEUU que se encontraban en la base para desarrollar un programa de asesor\u00eda y ayuda militar al Ej\u00e9rcito iraqu\u00ed estaban realizando pruebas de tiro con obuses.<\/p>\n<p style=\"text-align:justify;\">Al parecer, los combatientes de Daesh se percataron de los desplazamientos de los militares estadounidenses y dispararon dos cohetes desde una distancia de aproximadamente 15 kil\u00f3metros matando a un soldado e hiriendo a varios m\u00e1s.<\/p>\n<p style=\"text-align:justify;\">Hasta la fecha, el Pent\u00e1gono no reconoc\u00eda tener bases en territorio iraqu\u00ed y afirmaba que sus militares solo se dedicaban a asesorar al Ej\u00e9rcito de Irak y no participaban en los combates.<\/p>\n<p style=\"text-align:justify;\">La v\u00edctima mortal del ataque es la segunda baja mortal de las fuerzas de la coalici\u00f3n liderada por <a href=\"http:\/\/localhost\/debateplural\/tag\/estados-unidos\">Estados Unidos<\/a> desde el inicio de sus bombardeos contra Daesh, grupo terrorista proscrito en Rusia y otros pa\u00edses) en 2014.<\/p>\n<p>&nbsp;<\/p>\n","protected":false},"excerpt":{"rendered":"<p>La Fuerza A\u00e9rea de Irak abati\u00f3 al menos 60 yihadistas de Daesh en el marco de las operaciones que llevan a cabo en Anbar y Saladino, inform\u00f3 la agencia Shafaq News, citando el comando iraqu\u00ed.<\/p>\n","protected":false},"author":1,"featured_media":7104,"comment_status":"open","ping_status":"open","sticky":false,"template":"","format":"standard","meta":{"footnotes":""},"categories":[14],"tags":[8,45,71,40,41],"class_list":["post-4624","post","type-post","status-publish","format-standard","has-post-thumbnail","hentry","category-internacionales","tag-estados-unidos","tag-irak","tag-libia","tag-rusia","tag-siria"],"_links":{"self":[{"href":"https:\/\/debateplural.net\/site\/wp-json\/wp\/v2\/posts\/4624"}],"collection":[{"href":"https:\/\/debateplural.net\/site\/wp-json\/wp\/v2\/posts"}],"about":[{"href":"https:\/\/debateplural.net\/site\/wp-json\/wp\/v2\/types\/post"}],"author":[{"embeddable":true,"href":"https:\/\/debateplural.net\/site\/wp-json\/wp\/v2\/users\/1"}],"replies":[{"embeddable":true,"href":"https:\/\/debateplural.net\/site\/wp-json\/wp\/v2\/comments?post=4624"}],"version-history":[{"count":1,"href":"https:\/\/debateplural.net\/site\/wp-json\/wp\/v2\/posts\/4624\/revisions"}],"predecessor-version":[{"id":7105,"href":"https:\/\/debateplural.net\/site\/wp-json\/wp\/v2\/posts\/4624\/revisions\/7105"}],"wp:featuredmedia":[{"embeddable":true,"href":"https:\/\/debateplural.net\/site\/wp-json\/wp\/v2\/media\/7104"}],"wp:attachment":[{"href":"https:\/\/debateplural.net\/site\/wp-json\/wp\/v2\/media?parent=4624"}],"wp:term":[{"taxonomy":"category","embeddable":true,"href":"https:\/\/debateplural.net\/site\/wp-json\/wp\/v2\/categories?post=4624"},{"taxonomy":"post_tag","embeddable":true,"href":"https:\/\/debateplural.net\/site\/wp-json\/wp\/v2\/tags?post=4624"}],"curies":[{"name":"wp","href":"https:\/\/api.w.org\/{rel}","templated":true}]}}