{"id":4627,"date":"2016-03-31T20:17:50","date_gmt":"2016-03-31T20:17:50","guid":{"rendered":"http:\/\/debateplural.com\/?p=4627"},"modified":"2016-03-31T20:17:50","modified_gmt":"2016-03-31T20:17:50","slug":"un-rechazado-erdogan-se-desahoga-contra-la-administracion-de-obama","status":"publish","type":"post","link":"https:\/\/debateplural.net\/site\/2016\/03\/31\/un-rechazado-erdogan-se-desahoga-contra-la-administracion-de-obama\/","title":{"rendered":"Un rechazado Erdogan se desahoga contra la administraci\u00f3n de Obama"},"content":{"rendered":"<div id=\"attachment_4556\" style=\"width: 616px\" class=\"wp-caption aligncenter\"><img loading=\"lazy\" decoding=\"async\" aria-describedby=\"caption-attachment-4556\" class=\"size-full wp-image-4556\" src=\"https:\/\/debateplural.files.wordpress.com\/2016\/03\/barack-obama-y-recep-tayyip-erdogan.jpeg\" alt=\"Barack Obama y Recep Tayyip Erdogan\" width=\"606\" height=\"340\" \/><p id=\"caption-attachment-4556\" class=\"wp-caption-text\">Barack Obama y Recep Tayyip Erdogan<\/p><\/div>\n<p class=\"b-article__lead\" style=\"text-align:justify;\">Tras la negaci\u00f3n de un encuentro oficial entre el presidente de <a href=\"http:\/\/localhost\/debateplural\/tag\/estados-unidos\">Estados Unidos<\/a>, <a href=\"http:\/\/localhost\/debateplural\/tag\/barack-obama\">Barack Obama<\/a>, y el mandatario de Turqu\u00eda, Recep Tayyip Erdogan, el l\u00edder turco critic\u00f3 la pol\u00edtica exterior estadounidense durante reuniones con varios centros de reflexi\u00f3n (think tank) en Washington.<!--more--><\/p>\n<div class=\"b-article__text\" style=\"text-align:justify;\">\n<p style=\"text-align:justify;\">A pesar de las informaciones iniciales de que Erdogan no ser\u00eda recibido por Obama a lo largo de su estancia de 5 d\u00edas en EEUU para tomar parte en la Cumbre nuclear, est\u00e1 programada una entrevista con el vicepresidente de EEUU, Joe Biden y adem\u00e1s, al parecer, Erdogan tendr\u00e1 una breve reuni\u00f3n con Obama.<\/p>\n<p>La ausencia de una confirmaci\u00f3n diplom\u00e1tica es calificada como una se\u00f1al de las tensas relaciones que existen entre <a href=\"http:\/\/localhost\/debateplural\/tag\/turquia\">Turqu\u00eda<\/a> y EEUU, caracterizadas por desacuerdos sobre la situaci\u00f3n de los kurdos turcos y una administraci\u00f3n cada vez m\u00e1s tir\u00e1nica de Erdogan.<\/p>\n<p style=\"text-align:justify;\">Durante una cena privada en el hotel San Regis de Nueva York, Erdogan expres\u00f3 sus propias frustraciones de forma ampliamente clara, atacando al gabinete de Obama por su apoyo a los kurdos en la lucha contra Daesh (autodenominado <a href=\"http:\/\/localhost\/debateplural\/tag\/estado-islamico\">Estado Isl\u00e1mico<\/a>, proscrito en Rusia y otros pa\u00edses).<\/p>\n<p style=\"text-align:justify;\">\"-Erdogan- segu\u00eda reiterando: Terroristas son terroristas, no hay buenos\", comunic\u00f3 un asistente de la velada, vinculado a la revista estadounidense Foreign Policy, en condici\u00f3n de anonimato.<\/p>\n<p style=\"text-align:justify;\">Erdogan aparentemente us\u00f3 las cenas para persuadir a los principales pensadores pol\u00edticos de EEUU del papel crucial que desempe\u00f1a Turqu\u00eda.<\/p>\n<p style=\"text-align:justify;\">\"El mensaje m\u00e1s importante que pronunci\u00f3 Erdogan fue: \u2018Nos necesitan. No podr\u00e1n ganar la guerra en Siria sin nosotros'\", destac\u00f3 el asistente.<\/p>\n<p style=\"text-align:justify;\">Su discurso dur\u00f3 aproximadamente 3 horas, dentro de las que se incluy\u00f3 respuestas a las preguntas.<\/p>\n<p style=\"text-align:justify;\">\"No recibi\u00f3 ni una pregunta provocativa, pero s\u00ed hubo unas que si hubiera sido un pol\u00edtico flaco, habr\u00eda fracasado\", se\u00f1al\u00f3 el asistente. \"Quer\u00eda hablar directamente con nosotros sin filtros\".<\/p>\n<p>En una entrevista al programa Loud &amp; Clear de Sputnik Radio, el activista Kani Xulan explic\u00f3 la causa de todos los desacuerdos en las relaciones turco-estadounidenses.<\/p>\n<p style=\"text-align:justify;\">\"Desafortunadamente, EEUU \u00a0se siente desgarrado al elegir entre Turqu\u00eda y los kurdos. Turqu\u00eda dispone de la base a\u00e9rea de Incirlik y los kurdos act\u00faan por tierra, resulta que EEUU necesita a ambas partes\", opina Xulan.<\/p>\n<p style=\"text-align:justify;\">\"Pues quiere usar a los dos, por eso Turqu\u00eda no est\u00e1 feliz y las relaciones han empeorado\", agrega.<\/p>\n<p style=\"text-align:justify;\">El equipo de Erdogan est\u00e1 lanzando una dura campa\u00f1a contra la libertad de prensa. Recientemente Ankara cerr\u00f3 Zaman, el peri\u00f3dico m\u00e1s grande de Turqu\u00eda, por criticar al gobierno.<\/p>\n<p style=\"text-align:justify;\">\"Pienso que miles de personas son acusadas directamente por el ofensivo Erdogan\", se\u00f1ala a Sputnik Radio el periodista Kemal Okuyan.<\/p>\n<p style=\"text-align:justify;\">Durante su visita, el presidente turco se reunir\u00e1 con los l\u00edderes de varias organizaciones jud\u00edas, intervendr\u00e1 durante un almuerzo organizado por el Consejo Atl\u00e1ntico, y participar\u00e1 en un encuentro en la Instituci\u00f3n Brookings.<\/p>\n<\/div>\n<p style=\"text-align:justify;\">\n","protected":false},"excerpt":{"rendered":"<p>Tras la negaci\u00f3n de un encuentro oficial entre el presidente de Estados Unidos, Barack Obama, y el mandatario de Turqu\u00eda, Recep Tayyip Erdogan, el l\u00edder turco critic\u00f3 la pol\u00edtica exterior estadounidense durante reuniones con varios centros de reflexi\u00f3n (think tank) en Washington.<\/p>\n","protected":false},"author":1,"featured_media":0,"comment_status":"open","ping_status":"open","sticky":false,"template":"","format":"standard","meta":{"footnotes":""},"categories":[14],"tags":[19,54,8,51],"class_list":["post-4627","post","type-post","status-publish","format-standard","hentry","category-internacionales","tag-barack-obama","tag-estado-islamico","tag-estados-unidos","tag-turquia"],"_links":{"self":[{"href":"https:\/\/debateplural.net\/site\/wp-json\/wp\/v2\/posts\/4627"}],"collection":[{"href":"https:\/\/debateplural.net\/site\/wp-json\/wp\/v2\/posts"}],"about":[{"href":"https:\/\/debateplural.net\/site\/wp-json\/wp\/v2\/types\/post"}],"author":[{"embeddable":true,"href":"https:\/\/debateplural.net\/site\/wp-json\/wp\/v2\/users\/1"}],"replies":[{"embeddable":true,"href":"https:\/\/debateplural.net\/site\/wp-json\/wp\/v2\/comments?post=4627"}],"version-history":[{"count":0,"href":"https:\/\/debateplural.net\/site\/wp-json\/wp\/v2\/posts\/4627\/revisions"}],"wp:attachment":[{"href":"https:\/\/debateplural.net\/site\/wp-json\/wp\/v2\/media?parent=4627"}],"wp:term":[{"taxonomy":"category","embeddable":true,"href":"https:\/\/debateplural.net\/site\/wp-json\/wp\/v2\/categories?post=4627"},{"taxonomy":"post_tag","embeddable":true,"href":"https:\/\/debateplural.net\/site\/wp-json\/wp\/v2\/tags?post=4627"}],"curies":[{"name":"wp","href":"https:\/\/api.w.org\/{rel}","templated":true}]}}