{"id":46409,"date":"2021-06-07T11:34:38","date_gmt":"2021-06-07T15:34:38","guid":{"rendered":"https:\/\/debateplural.com\/inicio\/?p=46409"},"modified":"2021-06-07T11:34:38","modified_gmt":"2021-06-07T15:34:38","slug":"diez-puntos-sobre-las-manifestaciones-del-29m","status":"publish","type":"post","link":"https:\/\/debateplural.net\/site\/2021\/06\/07\/diez-puntos-sobre-las-manifestaciones-del-29m\/","title":{"rendered":"Diez puntos sobre las manifestaciones del 29M"},"content":{"rendered":"<div>\n<p>Igor Felippe Santos (Brasil de Fato, 7-6-21)<\/p>\n<p>&nbsp;<\/p>\n<p><i>A lo largo de la jornada del 29 de mayo de 2021 se registraron actos multitudinarios en todos los estados de Brasil, as\u00ed como en el distrito federal; en total hubo movilizaciones en 213 ciudades y se manifestaron m\u00e1s de 420 mil personas. En este art\u00edculo el autor analiza esa movilizaci\u00f3n del pueblo brasile\u00f1o.<\/i><\/p>\n<\/div>\n<div id=\"cols\">\n<hr class=\"wp-block-separator\" \/>\n<p>1- Las manifestaciones del 29 de mayo fueron muy significativas, tanto por su distribuci\u00f3n a lo largo de la naci\u00f3n como por el n\u00famero de participantes. Fueron registrados actos en todos los estados y en el distrito federal, en 213 ciudades, y movilizaron a m\u00e1s de 420 mil personas.<\/p>\n<p>Las manifestaciones en S\u00e3o Paulo, R\u00edo de Janeiro y Brasilia fueron las m\u00e1s numerosas, por lo que tuvieron repercusi\u00f3n nacional. Bello Horizonte, Salvador, Recife y Porto Alegre tambi\u00e9n fueron escenario de actos multitudinarios.<\/p>\n<p>2- La jornada tuvo una repercusi\u00f3n grande en las redes sociales, aislando el campo bolsonarista y anulando a la derecha liberal. En Twitter, los movimientos en torno al hashtag\u00a0<a href=\"https:\/\/twitter.com\/hashtag\/29MForaBolsonaro?src=hashtag_click\">#29 MForaBolsonaro<\/a>\u00a0implicaron a 202 mil participantes, que realizaron casi 2 millones de tuits.<\/p>\n<p>3- Las manifestaciones contaron con la participaci\u00f3n de un importante contingente de personas de clase media, de la juventud estudiantil y de militantes de las organizaciones de la clase trabajadora. Fue baja la participaci\u00f3n de la base de la clase trabajadora y de los campesinos en las capitales, pero tuvo presencia importante en las ciudades m\u00e1s peque\u00f1as. En diversos estados, especialmente en el Nordeste y a\u00fan en el centro-oeste, tuvo una composici\u00f3n social con mayor participaci\u00f3n popular.<\/p>\n<p>4- A pesar de la dificultad de promover actos callejeros evitando aglomeraciones, se realiz\u00f3 un notable esfuerzo, por parte de la organizaci\u00f3n, para mantener la distancia de seguridad y garantizar que todos los manifestantes llevasen mascarilla. Tanto las manifestaciones m\u00e1s masivas (especialmente en SP, R\u00edo y Bello Horizonte), como el esfuerzo con las medidas sanitarias, fueron destacadas por los medios de comunicaci\u00f3n empresariales, a diferencia del trato que dan a las protestas bolsonaristas.<\/p>\n<p><a href=\"http:\/\/localhost\/debateplural\/wp-content\/uploads\/2019\/12\/bolsonaro-20-c2-a9-20afp-2.jpg\"><img loading=\"lazy\" decoding=\"async\" class=\"aligncenter size-full wp-image-37969\" src=\"http:\/\/localhost\/debateplural\/wp-content\/uploads\/2019\/12\/bolsonaro-20-c2-a9-20afp-2.jpg\" alt=\"\" width=\"960\" height=\"640\" srcset=\"https:\/\/debateplural.net\/site\/wp-content\/uploads\/2019\/12\/bolsonaro-20-c2-a9-20afp-2.jpg 960w, https:\/\/debateplural.net\/site\/wp-content\/uploads\/2019\/12\/bolsonaro-20-c2-a9-20afp-2-300x200.jpg 300w, https:\/\/debateplural.net\/site\/wp-content\/uploads\/2019\/12\/bolsonaro-20-c2-a9-20afp-2-768x512.jpg 768w, https:\/\/debateplural.net\/site\/wp-content\/uploads\/2019\/12\/bolsonaro-20-c2-a9-20afp-2-810x540.jpg 810w\" sizes=\"(max-width: 960px) 100vw, 960px\" \/><\/a><\/p>\n<p>5- La jornada tendr\u00e1 un impacto importante en la coyuntura y marcar\u00e1 un nuevo periodo en la lucha pol\u00edtica, en la estela de la crisis de Manaus y las manifestaciones de autom\u00f3viles (enero), la elecci\u00f3n del presidente de la C\u00e1mara (febrero), la vuelta de Lula a la escena pol\u00edtica con plenos con derechos pol\u00edticos (marzo), la reforma ministerial (abril) y la CPI de la Covid en el Senado (mayo).<\/p>\n<p>6- El desgaste de Bolsonaro aumenta. La recuperaci\u00f3n de los derechos pol\u00edticos de Lula ya hab\u00eda encendido la se\u00f1al alarma en el gobierno. Despu\u00e9s, la CPI de la Covid supuso un desgaste permanente en relaci\u00f3n a las pol\u00edticas desplegadas para hacer frente a la pandemia. Ahora, con las manifestaciones callejeras, Bolsonaro es rechazado en las calles, ya que el lema que unific\u00f3 la jornada fue \u00abFuera Bolsonaro\u00bb.<\/p>\n<p>Paralelamente, ha disminuido la intensidad de la actuaci\u00f3n de las milicias bolsonaristas en las redes sociales hasta tal punto que ya no consiguieron manipular el significado de los actos.<\/p>\n<p>7- Ante eso, la factura que el centr\u00e3o presente al gobierno tendr\u00e1 que cotizarse m\u00e1s y tendr\u00e1n que cobrarse en medidas que puedan recomponer su apoyo en las elecciones, con el aumento de gastos p\u00fablicos.<\/p>\n<p>El ministro de Econom\u00eda Paulo Guedes, de acuerdo con lo dicho por la prensa, estar\u00eda persuadido de la necesidad de abrir las arcas p\u00fablicas al gasto. Valdemar de la Costa Neto, presidente del PL y consejero de Bolsonaro, propuso recuperar la ayuda de 600 reales que hab\u00eda sido suspendida.<\/p>\n<p>8- La derecha no-bolsonarista pierde a\u00fan m\u00e1s espacio. Ya estaba contenida electoralmente entre Lula y Bolsonaro, pero ahora ve aumentar el protagonismo de la izquierda en la oposici\u00f3n al gobierno en la sociedad. Hasta ahora, era la red Globo quien intentaba desempe\u00f1ar ese papel.<\/p>\n<p>La derecha no bolsonarista tendr\u00e1 que aumentar la presi\u00f3n contra Bolsonaro, incluso proponiendo el\u00a0<em>impeachment<\/em>; de lo contrario, tendr\u00e1 dificultades para substituir al presidente y hacer posible una tercera v\u00eda frente a Lula.<\/p>\n<p>9- La izquierda hizo una demostraci\u00f3n de fuerza con estas manifestaciones. Vuelve a las calles y expresa en la lucha multitudinaria las insatisfacciones crecientes contra el gobierno. La campa\u00f1a \u00abFuera Bolsonaro\u00bb gana referencia, especialmente con la extensi\u00f3n nacional de la jornada, y tendr\u00e1 que plantearse la realizaci\u00f3n de nuevos actos u otras formas efectivas de desgaste al gobierno.<\/p>\n<p>10- La presencia masiva de la juventud en los actos, con gran peso en todo el pa\u00eds, se\u00f1ala cu\u00e1l es la oportunidad, que muchas veces surge en las redes sociales, que se debe aprovechar pol\u00edticamente. Fomentar la organizaci\u00f3n m\u00e1s org\u00e1nica de la juventud, m\u00e1s all\u00e1 de actos espor\u00e1dicos, es fundamental para construir una fuerza social y un nuevo ciclo de luchas.<\/p>\n<\/div>\n","protected":false},"excerpt":{"rendered":"<p>Igor Felippe Santos (Brasil de Fato, 7-6-21) &nbsp; A lo largo de la jornada del 29 de mayo de 2021 se registraron actos multitudinarios en todos los estados de Brasil, as\u00ed como en el distrito federal; en total hubo movilizaciones en 213 ciudades y se manifestaron m\u00e1s de 420 mil personas. En este art\u00edculo el [&hellip;]<\/p>\n","protected":false},"author":1,"featured_media":26209,"comment_status":"open","ping_status":"open","sticky":false,"template":"","format":"standard","meta":{"footnotes":""},"categories":[14,12],"tags":[],"class_list":["post-46409","post","type-post","status-publish","format-standard","has-post-thumbnail","hentry","category-internacionales","category-politica-3"],"_links":{"self":[{"href":"https:\/\/debateplural.net\/site\/wp-json\/wp\/v2\/posts\/46409"}],"collection":[{"href":"https:\/\/debateplural.net\/site\/wp-json\/wp\/v2\/posts"}],"about":[{"href":"https:\/\/debateplural.net\/site\/wp-json\/wp\/v2\/types\/post"}],"author":[{"embeddable":true,"href":"https:\/\/debateplural.net\/site\/wp-json\/wp\/v2\/users\/1"}],"replies":[{"embeddable":true,"href":"https:\/\/debateplural.net\/site\/wp-json\/wp\/v2\/comments?post=46409"}],"version-history":[{"count":1,"href":"https:\/\/debateplural.net\/site\/wp-json\/wp\/v2\/posts\/46409\/revisions"}],"predecessor-version":[{"id":46410,"href":"https:\/\/debateplural.net\/site\/wp-json\/wp\/v2\/posts\/46409\/revisions\/46410"}],"wp:featuredmedia":[{"embeddable":true,"href":"https:\/\/debateplural.net\/site\/wp-json\/wp\/v2\/media\/26209"}],"wp:attachment":[{"href":"https:\/\/debateplural.net\/site\/wp-json\/wp\/v2\/media?parent=46409"}],"wp:term":[{"taxonomy":"category","embeddable":true,"href":"https:\/\/debateplural.net\/site\/wp-json\/wp\/v2\/categories?post=46409"},{"taxonomy":"post_tag","embeddable":true,"href":"https:\/\/debateplural.net\/site\/wp-json\/wp\/v2\/tags?post=46409"}],"curies":[{"name":"wp","href":"https:\/\/api.w.org\/{rel}","templated":true}]}}