{"id":46536,"date":"2021-06-15T12:22:29","date_gmt":"2021-06-15T16:22:29","guid":{"rendered":"https:\/\/debateplural.com\/inicio\/?p=46536"},"modified":"2021-06-15T12:22:29","modified_gmt":"2021-06-15T16:22:29","slug":"el-14-de-junio-en-la-historia","status":"publish","type":"post","link":"https:\/\/debateplural.net\/site\/2021\/06\/15\/el-14-de-junio-en-la-historia\/","title":{"rendered":"El 14 de Junio en la historia"},"content":{"rendered":"<p data-kiosked-context-name=\"kskdUIContext_01f88ak46jnrprrw0dkdg8eyy0\">El 14 de Junio de 1959 se inscribe en la tradici\u00f3n de lucha por la libertad que el pueblo dominicano ha librado heroicamente desde 1844.<\/p>\n<p>La dictadura de Trujillo y la de Lil\u00eds han sido las dictaduras m\u00e1s sanguinarias que ha tenido la Rep\u00fablica Dominicana en su historia.<\/p>\n<p>La dictadura de Trujillo que alcanz\u00f3 la categor\u00eda de tiran\u00eda se extendi\u00f3 desde el 1929 hasta el 30 de Mayo de 1961.<\/p>\n<p data-kiosked-context-name=\"kskdUIContext_01f88ak46jnrprrw0dkdg8eyy0\">Parec\u00eda que el curso de la historia se hab\u00eda congelado en la demon\u00edaca dictadura y tiran\u00eda de Trujillo.<\/p>\n<p>La gesta del 14 de Junio marc\u00f3 el inicio del fin de la f\u00e9rrea tiran\u00eda de Trujillo.<\/p>\n<p>Trujillo se hab\u00eda encargado de monopolizar el desarrollo del capitalismo en el pa\u00eds a trav\u00e9s de m\u00e9todos primitivos y sangrientos de acumulaci\u00f3n originaria de capital.<\/p>\n<div id=\"attachment_12702\" style=\"width: 1034px\" class=\"wp-caption aligncenter\"><a href=\"http:\/\/localhost\/debateplural\/wp-content\/uploads\/2016\/12\/Manolo-Tavarez-Justo.jpg\"><img loading=\"lazy\" decoding=\"async\" aria-describedby=\"caption-attachment-12702\" class=\"size-full wp-image-12702\" src=\"http:\/\/localhost\/debateplural\/wp-content\/uploads\/2016\/12\/Manolo-Tavarez-Justo.jpg\" alt=\"\" width=\"1024\" height=\"680\" srcset=\"https:\/\/debateplural.net\/site\/wp-content\/uploads\/2016\/12\/Manolo-Tavarez-Justo.jpg 1024w, https:\/\/debateplural.net\/site\/wp-content\/uploads\/2016\/12\/Manolo-Tavarez-Justo-300x199.jpg 300w, https:\/\/debateplural.net\/site\/wp-content\/uploads\/2016\/12\/Manolo-Tavarez-Justo-768x510.jpg 768w, https:\/\/debateplural.net\/site\/wp-content\/uploads\/2016\/12\/Manolo-Tavarez-Justo-810x538.jpg 810w\" sizes=\"(max-width: 1024px) 100vw, 1024px\" \/><\/a><p id=\"caption-attachment-12702\" class=\"wp-caption-text\">Manolo Tavarez Justo<\/p><\/div>\n<p>Pero nadie por poderoso y arbitrario que sea en el ejercicio del poder puede evitar el desarrollo de las contradicciones en la historia y en la sociedad.<\/p>\n<p data-kiosked-context-name=\"kskdUIContext_01f88ak46jnrprrw0dkdg8eyy0\">Diferentes sectores de la sociedad enfrentaron con denuedo y determinaci\u00f3n el r\u00e9gimen dictatorial de Trujillo desde dentro y desde fuera.<\/p>\n<p>Las torturas y las muertes en las c\u00e1rceles y en las calles no mataron ni extinguieron la llama de la libertad.<\/p>\n<p>El tirano se crey\u00f3 el cuento de que el pueblo dominicano estaba postrado a sus pies y que todo se resolv\u00eda en loas y v\u00edtores a su dictadura.<\/p>\n<p data-kiosked-context-name=\"kskdUIContext_01f88ak46jnrprrw0dkdg8eyy0\">Aunque en honor a la verdad hay que reconocer que la mayor\u00eda de los sectores de la sociedad, incluyendo la Iglesia Cat\u00f3lica, se postraron vilmente a los pies del tirano.<\/p>\n<p>En la expedici\u00f3n del 14 de Junio, que comand\u00f3 Enrique Jim\u00e9nez Moya, la mayor\u00eda de los participantes o luchadores eran dominicanos pero hab\u00eda algunos extranjeros como el legendario Delio Guzm\u00e1n, que abraz\u00f3 la causa de la libertad del pueblo dominicano siendo un mozalbete.<\/p>\n<p>El triunfo de la expedici\u00f3n del 14 de Junio no fue militar, fue moral y pol\u00edtico: se ense\u00f1ore\u00f3 sobre las debilidades hist\u00f3ricas de la dictadura y de la tiran\u00eda que hab\u00eda establecido violentamente Trujillo.<\/p>\n<p>En ese hist\u00f3rico proceso de lucha y de entrega por la causa de la libertad hay que destacar el imperecedero y ennoblecedor ejemplo de las hermanas Mirabal.<\/p>\n<p data-kiosked-context-name=\"kskdUIContext_01f88ak46jnrprrw0dkdg8eyy0\">Y que esa dictadura y esa tiran\u00eda no contaban con el verdadero apoyo del pueblo dominicano.<\/p>\n<p>Si ello es as\u00ed, y fue as\u00ed, \u00bfpor qu\u00e9 ha sido tan dif\u00edcil borrar la siniestra y tenebrosa imagen de Trujillo que a\u00fan permanece como pesada sombra, y al parecer imborrable sombra, en el ejercicio del poder en Rep\u00fablica no obstante el hecho de que tenemos 60 a\u00f1os viviendo en democracia y en libertad?<\/p>\n<p>El orden logrado en base a la vigencia del Estado de derecho, y muy especialmente del Estado democr\u00e1tico, social y constitucional de derecho es la cara totalmente opuesta al \u201corden\u201d impuesto por la fuerza, la violencia y la muerte como ocurre en toda dictadura o tiran\u00eda.<\/p>\n<p>El orden logrado en democracia y en libertad es siempre preferible al \u201corden\u201d impuesto a sangre y fuego por la tiran\u00eda o la dictadura.<\/p>\n<p>Creo que hay grandes lastres y defectos en el desarrollo de la conciencia hist\u00f3rica, social y pol\u00edtica del pueblo dominicano.<\/p>\n<p>La educaci\u00f3n dominicana debe ser una educaci\u00f3n cr\u00edtica orientada a concienciar al pueblo dominicano hist\u00f3rica, social y pol\u00edticamente.<\/p>\n<p>\u00a1Loor eterno a los h\u00e9roes y hero\u00ednas del 14 de Junio de 1959 por haber sembrado la semilla de la libertad y de la democracia!<\/p>\n<p>\u00a1Loor eterno a las hermanas Mirabal que abonaron con su sangre el camino de la libertad!<\/p>\n","protected":false},"excerpt":{"rendered":"<p>El 14 de Junio de 1959 se inscribe en la tradici\u00f3n de lucha por la libertad que el pueblo dominicano ha librado heroicamente desde 1844. La dictadura de Trujillo y la de Lil\u00eds han sido las dictaduras m\u00e1s sanguinarias que ha tenido la Rep\u00fablica Dominicana en su historia. La dictadura de Trujillo que alcanz\u00f3 la [&hellip;]<\/p>\n","protected":false},"author":10,"featured_media":14226,"comment_status":"open","ping_status":"open","sticky":false,"template":"","format":"standard","meta":{"footnotes":""},"categories":[5,17],"tags":[],"class_list":["post-46536","post","type-post","status-publish","format-standard","has-post-thumbnail","hentry","category-nacionales","category-sociedad"],"_links":{"self":[{"href":"https:\/\/debateplural.net\/site\/wp-json\/wp\/v2\/posts\/46536"}],"collection":[{"href":"https:\/\/debateplural.net\/site\/wp-json\/wp\/v2\/posts"}],"about":[{"href":"https:\/\/debateplural.net\/site\/wp-json\/wp\/v2\/types\/post"}],"author":[{"embeddable":true,"href":"https:\/\/debateplural.net\/site\/wp-json\/wp\/v2\/users\/10"}],"replies":[{"embeddable":true,"href":"https:\/\/debateplural.net\/site\/wp-json\/wp\/v2\/comments?post=46536"}],"version-history":[{"count":1,"href":"https:\/\/debateplural.net\/site\/wp-json\/wp\/v2\/posts\/46536\/revisions"}],"predecessor-version":[{"id":46537,"href":"https:\/\/debateplural.net\/site\/wp-json\/wp\/v2\/posts\/46536\/revisions\/46537"}],"wp:featuredmedia":[{"embeddable":true,"href":"https:\/\/debateplural.net\/site\/wp-json\/wp\/v2\/media\/14226"}],"wp:attachment":[{"href":"https:\/\/debateplural.net\/site\/wp-json\/wp\/v2\/media?parent=46536"}],"wp:term":[{"taxonomy":"category","embeddable":true,"href":"https:\/\/debateplural.net\/site\/wp-json\/wp\/v2\/categories?post=46536"},{"taxonomy":"post_tag","embeddable":true,"href":"https:\/\/debateplural.net\/site\/wp-json\/wp\/v2\/tags?post=46536"}],"curies":[{"name":"wp","href":"https:\/\/api.w.org\/{rel}","templated":true}]}}