{"id":46609,"date":"2021-06-19T09:41:09","date_gmt":"2021-06-19T13:41:09","guid":{"rendered":"http:\/\/debateplural.com\/inicio\/?p=46609"},"modified":"2021-06-19T09:41:09","modified_gmt":"2021-06-19T13:41:09","slug":"el-machismo-mata-el-negacionismo-mata-el-patriarcado-mata","status":"publish","type":"post","link":"https:\/\/debateplural.net\/site\/2021\/06\/19\/el-machismo-mata-el-negacionismo-mata-el-patriarcado-mata\/","title":{"rendered":"El machismo mata, el negacionismo mata, el patriarcado mata"},"content":{"rendered":"<p>\u00c1ngela Gonz\u00e1lez, Itziar Prats, Ruth Ort\u00edz (Publico, 19-6-21)<\/p>\n<p>&nbsp;<\/p>\n<p>Y de nuevo nos preguntan a las v\u00edctimas. \u00bfQu\u00e9 est\u00e1 fallando?<\/p>\n<p>Un padre maltratador no es un buen padre, ni un buen marido, ni un buen hombre. En algunos casos llega a ser el asesino de su mujer y\/o de sus hijos e hijas. Ya son demasiados asesinatos para continuar mirando hacia otro lado.\u00a0<strong>Dejemos de preguntarnos qu\u00e9 hacer y actuemos.<\/strong><\/p>\n<p>No se nace machista, se aprende a serlo. Se trasmiten de generaci\u00f3n en generaci\u00f3n los mismos patrones, las mismas pautas, que marcan que los ni\u00f1os tienen que ser fuertes y valientes y las ni\u00f1as sumisas y protectoras.<\/p>\n<p>La \u00fanica soluci\u00f3n es no lanzar a la sociedad hombres y mujeres machistas que acepten con normalidad y den continuidad al patriarcado. Es educar en el respeto y no en la sumisi\u00f3n, ni el sometimiento. Es entender que somos personas diferentes, aunque complementarias, etc. Y ser ejemplo de ello para que desde la infancia lo aprendan, de manera natural, hijos e hijas.<\/p>\n<p>Pero esto no se cambia de un d\u00eda para otro. Solamente cuando haya generaciones y generaciones, educadas en la igualdad, terminaremos con esta lacra. Por eso es importante empezar, ya, a implantar en los centros educativos y en todos los niveles de formaci\u00f3n, un sistema educativo basado en la igualdad y el respeto entre personas. Solo as\u00ed lograremos un cambio en nuestra sociedad.<\/p>\n<p><a href=\"http:\/\/localhost\/debateplural\/wp-content\/uploads\/2017\/10\/3.jpg\"><img loading=\"lazy\" decoding=\"async\" class=\"aligncenter  wp-image-20089\" src=\"http:\/\/localhost\/debateplural\/wp-content\/uploads\/2017\/10\/3.jpg\" alt=\"\" width=\"906\" height=\"583\" srcset=\"https:\/\/debateplural.net\/site\/wp-content\/uploads\/2017\/10\/3.jpg 320w, https:\/\/debateplural.net\/site\/wp-content\/uploads\/2017\/10\/3-300x193.jpg 300w\" sizes=\"(max-width: 906px) 100vw, 906px\" \/><\/a><\/p>\n<p>A corto plazo tenemos que hacer hincapi\u00e9 en varios aspectos:<\/p>\n<p>El trabajo de los profesionales que trabajan en violencia de g\u00e9nero. Estos profesionales tienen que estar formados adecuadamente en violencia de g\u00e9nero y tener, en todas sus intervenciones, una perspectiva de g\u00e9nero que les permita conocer las particularidades de estos casos.<\/p>\n<p>Sin esta formaci\u00f3n no deben estar trabajando con personas, ya que de lo que aqu\u00ed hablamos es de vidas, de vidas de personas.<\/p>\n<p>1.098 mujeres v\u00edctimas mortales contabilizadas desde 2003 en Espa\u00f1a.<\/p>\n<p>Los y las menores que sufren maltrato deben ser la prioridad por su especial vulnerabilidad. No nos vamos a cansar de repetir que hay que escucharles, que tienen mucho que decir y que de lo que se est\u00e1 hablando es de sus vidas. A ellos y ellas tambi\u00e9n hay que respetarles. Y hay que hacerlo d\u00e1ndoles prioridad ante los agresores.<\/p>\n<p>Hay que escucharles en entornos adecuados y de forma adecuada a su edad, por profesionales con formaci\u00f3n espec\u00edfica. No, no vale cualquiera.<\/p>\n<p>Los ni\u00f1os y las ni\u00f1as son el principal objetivo en la violencia vicaria. Pasan de ser hijos e hijas a instrumentos para producir dolor a la madre. Y as\u00ed es como dejan de verlos como personas. Esta \u00abdespersonalizaci\u00f3n\u00bb facilita cualquier tipo de agresi\u00f3n, incluso la m\u00e1s cruel y perversa, el asesinato. \u00bfCu\u00e1l es el mayor da\u00f1o que se puede provocar a una madre?<\/p>\n<p>Este deber\u00eda ser el motivo principal por el que\u00a0<strong>se debe retirar de forma inmediata la custodia a un hombre que ejerce violencia de g\u00e9nero<\/strong>. Repetimos, un padre maltratador no es un buen padre, en ning\u00fan caso.<\/p>\n<p>Cuando se pone una orden de alejamiento a un agresor, ser\u00eda m\u00e1s eficaz y m\u00e1s justo controlar al agresor, que es el que provoca el da\u00f1o, en lugar de a la v\u00edctima. Actualmente se les pone doble castigo a las v\u00edctimas: el miedo a su agresor y la limitaci\u00f3n de las salidas y entradas bajo control.<\/p>\n<p>Si se tuviera control sobre el agresor la v\u00edctima podr\u00eda tratar de darle normalidad a su d\u00eda a d\u00eda. Tarea que ya es muy complicada por el da\u00f1o que ha sufrido. \u00bfPor qu\u00e9 hay que a\u00f1adir m\u00e1s da\u00f1o?<\/p>\n<p>Hay que prevenir sin contemplaciones. Es urgente. Algo, o m\u00e1s bien mucho, est\u00e1 fallando en esta sociedad cuando menores est\u00e1n siendo asesinados por aquellos en los que conf\u00edan y los deben proteger. Y algo peor a\u00fan, no se hace nada por evitarlo.<\/p>\n<p>Algo sangra en esta sociedad, \u00bfnos vamos a quedar sin actuar?<\/p>\n<p>Toda la sociedad debe implicarse y actuar frente a cualquier tipo de violencia y mucho m\u00e1s cuando se dirige hac\u00eda menores.<\/p>\n<p>Dejemos de preguntarnos por qu\u00e9 y actuemos.<\/p>\n","protected":false},"excerpt":{"rendered":"<p>\u00c1ngela Gonz\u00e1lez, Itziar Prats, Ruth Ort\u00edz (Publico, 19-6-21) &nbsp; Y de nuevo nos preguntan a las v\u00edctimas. \u00bfQu\u00e9 est\u00e1 fallando? Un padre maltratador no es un buen padre, ni un buen marido, ni un buen hombre. En algunos casos llega a ser el asesino de su mujer y\/o de sus hijos e hijas. Ya son [&hellip;]<\/p>\n","protected":false},"author":1,"featured_media":46610,"comment_status":"open","ping_status":"open","sticky":false,"template":"","format":"standard","meta":{"footnotes":""},"categories":[14,17],"tags":[],"class_list":["post-46609","post","type-post","status-publish","format-standard","has-post-thumbnail","hentry","category-internacionales","category-sociedad"],"_links":{"self":[{"href":"https:\/\/debateplural.net\/site\/wp-json\/wp\/v2\/posts\/46609"}],"collection":[{"href":"https:\/\/debateplural.net\/site\/wp-json\/wp\/v2\/posts"}],"about":[{"href":"https:\/\/debateplural.net\/site\/wp-json\/wp\/v2\/types\/post"}],"author":[{"embeddable":true,"href":"https:\/\/debateplural.net\/site\/wp-json\/wp\/v2\/users\/1"}],"replies":[{"embeddable":true,"href":"https:\/\/debateplural.net\/site\/wp-json\/wp\/v2\/comments?post=46609"}],"version-history":[{"count":1,"href":"https:\/\/debateplural.net\/site\/wp-json\/wp\/v2\/posts\/46609\/revisions"}],"predecessor-version":[{"id":46611,"href":"https:\/\/debateplural.net\/site\/wp-json\/wp\/v2\/posts\/46609\/revisions\/46611"}],"wp:featuredmedia":[{"embeddable":true,"href":"https:\/\/debateplural.net\/site\/wp-json\/wp\/v2\/media\/46610"}],"wp:attachment":[{"href":"https:\/\/debateplural.net\/site\/wp-json\/wp\/v2\/media?parent=46609"}],"wp:term":[{"taxonomy":"category","embeddable":true,"href":"https:\/\/debateplural.net\/site\/wp-json\/wp\/v2\/categories?post=46609"},{"taxonomy":"post_tag","embeddable":true,"href":"https:\/\/debateplural.net\/site\/wp-json\/wp\/v2\/tags?post=46609"}],"curies":[{"name":"wp","href":"https:\/\/api.w.org\/{rel}","templated":true}]}}