{"id":46749,"date":"2021-06-26T19:45:54","date_gmt":"2021-06-26T23:45:54","guid":{"rendered":"http:\/\/debateplural.com\/inicio\/?p=46749"},"modified":"2021-06-26T19:45:54","modified_gmt":"2021-06-26T23:45:54","slug":"el-apartheid-de-las-vacunas-y-la-variante-delta","status":"publish","type":"post","link":"https:\/\/debateplural.net\/site\/2021\/06\/26\/el-apartheid-de-las-vacunas-y-la-variante-delta\/","title":{"rendered":"El apartheid de las vacunas y la variante delta"},"content":{"rendered":"<div>\n<p>Amy Goodman &#8211; Denis Moynihan (Democracy Now, 26-6-21)<\/p>\n<p>&nbsp;<\/p>\n<p>El t\u00e9rmino \u201cdelta\u201d en ciencias y matem\u00e1ticas denota una diferencia o una brecha; como el delta entre dos valores. En geograf\u00eda, el delta es el lugar donde un r\u00edo se encuentra con el mar, se dispersa y alcanza la mayor extensi\u00f3n de todo su curso. En referencia a la pandemia de COVID-19, delta es una variante altamente contagiosa del virus SARS-CoV-2 que est\u00e1 arrasando poblaciones no vacunadas en todo el mundo.<\/p>\n<\/div>\n<div id=\"cols\">\n<p>Inicialmente denominada por los cient\u00edficos B.1.617.2, la variante delta es m\u00e1s contagiosa que otras y puede provocar cuadros m\u00e1s graves de COVID-19. La mejor protecci\u00f3n contra esta u otras variantes del coronavirus es vacunarse. En pa\u00edses ricos como Estados Unidos, donde m\u00e1s del 62% de la poblaci\u00f3n objetivo ha recibido al menos una dosis de la vacuna, las tasas de nuevos casos de COVID-19 y las muertes por la enfermedad son las m\u00e1s bajas desde marzo de 2020 y contin\u00faan disminuyendo. Por el contrario, en los pa\u00edses m\u00e1s pobres del mundo, solo entre el 0,3% y el 0,9% de la poblaci\u00f3n ha recibido una dosis de la vacuna y el virus se est\u00e1 propagando de forma descontrolada.<\/p>\n<p>Este delta entre ricos y pobres es el resultado del \u201capartheid\u201d de las vacunas. Mientras persista esta inequidad, ninguno de nosotros estar\u00e1 realmente a salvo.<\/p>\n<p>\u201cLa pandemia ha mutado\u201d, dijo recientemente en Democracy Now! Achal Prabhala, coordinador del proyecto AccessIBSA, que promueve el acceso a los medicamentos en India, Brasil y Sud\u00e1frica. \u201cLo que antes era una calamidad de alcance mundial es ahora en gran parte un problema de los pa\u00edses en desarrollo\u201d.<\/p>\n<p><a href=\"http:\/\/localhost\/debateplural\/wp-content\/uploads\/2021\/02\/covid-19-vaccine-1500x856-1.jpg\"><img loading=\"lazy\" decoding=\"async\" class=\"aligncenter  wp-image-45102\" src=\"http:\/\/localhost\/debateplural\/wp-content\/uploads\/2021\/02\/covid-19-vaccine-1500x856-1.jpg\" alt=\"\" width=\"1067\" height=\"609\" srcset=\"https:\/\/debateplural.net\/site\/wp-content\/uploads\/2021\/02\/covid-19-vaccine-1500x856-1.jpg 650w, https:\/\/debateplural.net\/site\/wp-content\/uploads\/2021\/02\/covid-19-vaccine-1500x856-1-300x171.jpg 300w\" sizes=\"(max-width: 1067px) 100vw, 1067px\" \/><\/a><\/p>\n<p>Prabhala habl\u00f3 con DN! desde su casa en India, que es el pa\u00eds donde se detect\u00f3 por primera vez la variante delta. India, con una poblaci\u00f3n de 1.400 millones de habitantes, est\u00e1 experimentando un brote devastador de casos de COVID-19 y est\u00e1 registrando hasta 4.000 muertes por d\u00eda a causa de la enfermedad. Prabhala continu\u00f3: \u201cNuestro sistema de salud p\u00fablica simplemente no puede brindar un tratamiento adecuado a las personas de este pa\u00eds\u201d.<\/p>\n<p>A pesar de las malas noticias, Achal Prabhala tiene esperanzas. D\u00edas atr\u00e1s, el activista indio copresidi\u00f3 una sesi\u00f3n de la Cumbre por el Internacionalismo de las Vacunas, que se llev\u00f3 a cabo aproximadamente una semana despu\u00e9s de la cumbre del G7 que tuvo lugar en el Reino Unido. La cumbre, organizada por la Internacional Progresista, fue convocada con car\u00e1cter de urgente y cont\u00f3 con la participaci\u00f3n de los gobiernos de Argentina, M\u00e9xico, Bolivia, Cuba y Venezuela, representantes de los gobiernos regionales de Kisumu, Kenia y el estado indio de Kerala, as\u00ed como tambi\u00e9n l\u00edderes pol\u00edticos, activistas sociales y otras personalidades de m\u00e1s de 20 pa\u00edses.<\/p>\n<p>En conversaci\u00f3n con Democracy Now!, Carina Vance Mafla, ex ministra de Salud de Ecuador, que presidi\u00f3 junto a Prabhala la sesi\u00f3n, expres\u00f3: \u201cBuscamos una alternativa a un sistema que b\u00e1sicamente ha permitido que las vacunas contra la COVID-19 est\u00e9n por completo concentradas en los pa\u00edses de mayores ingresos. Tenemos frente a nosotros soluciones pr\u00e1cticas que podr\u00edan resolver esta terrible desigualdad que estamos viendo a nivel mundial\u201d.<\/p>\n<p>Los participantes de la cumbre acordaron explorar una amplia gama de soluciones para abordar la pandemia. Estas incluyen una colaboraci\u00f3n abierta para desarrollar tecnolog\u00edas para la producci\u00f3n de vacunas contra la COVID-19; la fijaci\u00f3n de precios justos y \u201csolidarios\u201d para dichas vacunas; compartir recursos en materia de regulaci\u00f3n y capacidad de fabricaci\u00f3n para acelerar la producci\u00f3n de vacunas y equipos m\u00e9dicos. Finalmente, tambi\u00e9n se hizo un llamamiento para sumarse a una campa\u00f1a de desobediencia colectiva e ignorar el sistema de monopolio de las patentes impuesto por las grandes corporaciones farmac\u00e9uticas multinacionales y la Organizaci\u00f3n Mundial del Comercio (OMC).<\/p>\n<p>Los l\u00edderes de los pa\u00edses del G7 se comprometieron durante la \u00faltima cumbre a donar mil millones de dosis de vacunas, pero la agencia de noticias Bloomberg inform\u00f3 que la cifra real de las donaciones, sin contar las dosis ya prometidas, es en realidad m\u00e1s cercana a las 613 millones de dosis. Seg\u00fan se estima, se necesitan entre nueve y once mil millones de dosis para vacunar completamente a todos los habitantes del planeta.<\/p>\n<p>Achal Prabhala se\u00f1al\u00f3 sobre este plan de donaci\u00f3n de vacunas: \u201c[Esas vacunas] llegar\u00e1n a estos pa\u00edses pobres reci\u00e9n a fines de 2021 o principios de 2022. Tengamos en cuenta que el mes pasado hubo un promedio de [\u2026] 15.000 muertes por d\u00eda en todo el mundo. Cuando vemos este tipo de cifras, un d\u00eda de retraso, una semana de retraso, un mes de retraso, un a\u00f1o de retraso es casi criminal\u201d.<\/p>\n<p>En octubre de 2020, India y Sud\u00e1frica propusieron una suspensi\u00f3n de los derechos de propiedad intelectual de las vacunas contra la COVID-19 que est\u00e1n amparados por el acuerdo comercial conocido como TRIPS, un acuerdo sobre aspectos comerciales de los derechos de propiedad intelectual suscrito por los pa\u00edses miembro en el marco de la OMC. En mayo, el Gobierno de Biden sorprendi\u00f3 a muchos al respaldar la propuesta sobre la exenci\u00f3n de las patentes. Dicha suspensi\u00f3n requerir\u00eda el consentimiento un\u00e1nime de los 164 pa\u00edses miembros de la OMC. Los grupos activistas temen que ello no podr\u00eda obtenerse antes de la pr\u00f3xima conferencia ministerial de la organizaci\u00f3n que se llevar\u00e1 a cabo a principios de diciembre.<\/p>\n<p>La revista The New England Journal of Medicine public\u00f3 el mi\u00e9rcoles un informe especial sobre las variantes de la COVID-19, en el que advierte que \u201clas vacunas se est\u00e1n distribuyendo con lentitud, en parte debido a las limitaciones en la capacidad de producci\u00f3n y en parte debido al \u2018nacionalismo de las vacunas\u2019\u201d. La revista m\u00e9dica agreg\u00f3 que \u201cel desarrollo de las vacunas [\u2026] deber\u00eda considerarse una iniciativa internacional coordinada por la Organizaci\u00f3n Mundial de la Salud que ayude a que los beneficios lleguen a todo el mundo\u201d.<\/p>\n<p>Terminar con el apartheid de las vacunas no puede esperar al calendario de la OMC. La donaci\u00f3n de vacunas por parte de los pa\u00edses ricos se necesita con urgencia. Pero las naciones pobres y en v\u00edas de desarrollo, y pa\u00edses como Cuba y Venezuela que padecen las agobiantes sanciones de Estados Unidos, quiz\u00e1s simplemente tengan que recurrir a esa desobediencia colectiva que propone la Internacional Progresista. Si lo hacen, el apoyo de los movimientos populares de Estados Unidos y de otros pa\u00edses privilegiados cuyas poblaciones ya est\u00e1n vacunadas ser\u00e1 esencial, y eso podr\u00e1 salvarnos a todos.<\/p>\n<\/div>\n","protected":false},"excerpt":{"rendered":"<p>Amy Goodman &#8211; Denis Moynihan (Democracy Now, 26-6-21) &nbsp; El t\u00e9rmino \u201cdelta\u201d en ciencias y matem\u00e1ticas denota una diferencia o una brecha; como el delta entre dos valores. En geograf\u00eda, el delta es el lugar donde un r\u00edo se encuentra con el mar, se dispersa y alcanza la mayor extensi\u00f3n de todo su curso. En [&hellip;]<\/p>\n","protected":false},"author":1,"featured_media":46350,"comment_status":"open","ping_status":"open","sticky":false,"template":"","format":"standard","meta":{"footnotes":""},"categories":[14,44],"tags":[],"class_list":["post-46749","post","type-post","status-publish","format-standard","has-post-thumbnail","hentry","category-internacionales","category-salud"],"_links":{"self":[{"href":"https:\/\/debateplural.net\/site\/wp-json\/wp\/v2\/posts\/46749"}],"collection":[{"href":"https:\/\/debateplural.net\/site\/wp-json\/wp\/v2\/posts"}],"about":[{"href":"https:\/\/debateplural.net\/site\/wp-json\/wp\/v2\/types\/post"}],"author":[{"embeddable":true,"href":"https:\/\/debateplural.net\/site\/wp-json\/wp\/v2\/users\/1"}],"replies":[{"embeddable":true,"href":"https:\/\/debateplural.net\/site\/wp-json\/wp\/v2\/comments?post=46749"}],"version-history":[{"count":1,"href":"https:\/\/debateplural.net\/site\/wp-json\/wp\/v2\/posts\/46749\/revisions"}],"predecessor-version":[{"id":46750,"href":"https:\/\/debateplural.net\/site\/wp-json\/wp\/v2\/posts\/46749\/revisions\/46750"}],"wp:featuredmedia":[{"embeddable":true,"href":"https:\/\/debateplural.net\/site\/wp-json\/wp\/v2\/media\/46350"}],"wp:attachment":[{"href":"https:\/\/debateplural.net\/site\/wp-json\/wp\/v2\/media?parent=46749"}],"wp:term":[{"taxonomy":"category","embeddable":true,"href":"https:\/\/debateplural.net\/site\/wp-json\/wp\/v2\/categories?post=46749"},{"taxonomy":"post_tag","embeddable":true,"href":"https:\/\/debateplural.net\/site\/wp-json\/wp\/v2\/tags?post=46749"}],"curies":[{"name":"wp","href":"https:\/\/api.w.org\/{rel}","templated":true}]}}