{"id":46755,"date":"2021-06-28T12:24:29","date_gmt":"2021-06-28T16:24:29","guid":{"rendered":"https:\/\/debateplural.com\/inicio\/?p=46755"},"modified":"2021-06-28T12:24:29","modified_gmt":"2021-06-28T16:24:29","slug":"jair-bolsonaro-y-la-corrupcion","status":"publish","type":"post","link":"https:\/\/debateplural.net\/site\/2021\/06\/28\/jair-bolsonaro-y-la-corrupcion\/","title":{"rendered":"Jair Bolsonaro y la corrupci\u00f3n"},"content":{"rendered":"<div>\n<p>Eric Nepomuceno (Rebelion, 28-6-21)<\/p>\n<p>&nbsp;<\/p>\n<p>El ultraderechista presidente brasile\u00f1o\u00a0<b>Jair Bolsonaro<\/b>\u00a0est\u00e1 actuando de manera cada vez m\u00e1s descontrolada y agresiva.<\/p>\n<\/div>\n<div id=\"cols\">\n<p>Dicen los especialistas que se trata de una reacci\u00f3n normal en los psic\u00f3patas: cada vez que se sienten acorralados, reaccionan con violencia creciente. Y, m\u00e1s que acorralado, lo que se ve en Brasil es un presidente que se derrite a cada d\u00eda.<\/p>\n<p>Para colmo, ahora explota un esc\u00e1ndalo de corrupci\u00f3n que podr\u00e1 llevar a los militares que lo rodean y al empresariado que todav\u00eda lo respalda, con destaque para el agronegocio, a alejarse poco a poco.<\/p>\n<p>A lo largo de la campa\u00f1a electoral de 2018, que lo llev\u00f3 a la presidencia, Bolsonaro reiteraba: no ir\u00eda unirse al llamado \u201ccentrao\u201d, grupo de partidos de derecha que no se venden, se alquilan (desde la redemocratizaci\u00f3n, en 1985, estuvieron en todos \u2013 todos \u2013 los gobiernos), y dar\u00eda combate incesante a la corrupci\u00f3n.<\/p>\n<p>Se trataba, a prop\u00f3sito, del mismo \u201ccentrao\u201d que ahora alquil\u00f3 su gobierno. Bolsonaro olvid\u00f3 que \u00e9l mismo, como diputado nacional, era integrante, aunque especialmente oscuro, del \u201ccentrao\u201d.<\/p>\n<p><a href=\"http:\/\/localhost\/debateplural\/wp-content\/uploads\/2019\/12\/bolsonaro-20-c2-a9-20afp-2.jpg\"><img loading=\"lazy\" decoding=\"async\" class=\"aligncenter size-full wp-image-37969\" src=\"http:\/\/localhost\/debateplural\/wp-content\/uploads\/2019\/12\/bolsonaro-20-c2-a9-20afp-2.jpg\" alt=\"\" width=\"960\" height=\"640\" srcset=\"https:\/\/debateplural.net\/site\/wp-content\/uploads\/2019\/12\/bolsonaro-20-c2-a9-20afp-2.jpg 960w, https:\/\/debateplural.net\/site\/wp-content\/uploads\/2019\/12\/bolsonaro-20-c2-a9-20afp-2-300x200.jpg 300w, https:\/\/debateplural.net\/site\/wp-content\/uploads\/2019\/12\/bolsonaro-20-c2-a9-20afp-2-768x512.jpg 768w, https:\/\/debateplural.net\/site\/wp-content\/uploads\/2019\/12\/bolsonaro-20-c2-a9-20afp-2-810x540.jpg 810w\" sizes=\"(max-width: 960px) 100vw, 960px\" \/><\/a><\/p>\n<p>En cuanto a corrupci\u00f3n, se olvidaba que,<strong>\u00a0junto a sus tres hijos que act\u00faan como parlamentarios, manten\u00eda el esquema de contratar falsos asesores y quedarse con la mayor parte de sus sueldos.<\/strong><\/p>\n<p>Si eso no es desvio de dinero p\u00fablico, o sea, corrupci\u00f3n, no se sabe qu\u00e9 ser\u00e1. Tambi\u00e9n olvid\u00f3 que<strong>\u00a0la actual primera dama (el gran defensor de la familia tradicional se cas\u00f3 tres veces) recibi\u00f3 dep\u00f3sitos raros, para decir lo m\u00ednimo, del administrador de los dineros de la familia.<\/strong><\/p>\n<h4>Bomba<\/h4>\n<p>Pues ahora una bomba cay\u00f3 en sus rodillas.<\/p>\n<p>El pasado viernes, en una sesi\u00f3n de la Comisi\u00f3n de Investigaci\u00f3n del Senado que investiga los equ\u00edvocos y fallas en el enfrentamiento de la pandemia de covid-19 que ya mat\u00f3 a por lo menos 515 mil brasile\u00f1os, el pa\u00eds se sacudi\u00f3 oyendo la denuncia \u2013con sobradas pruebas\u2013 de\u00a0<strong>un intento de corrupci\u00f3n en la compra de vacunas.<\/strong><\/p>\n<p>Supo tambi\u00e9n que Bolsonaro fue advertido de la maniobra, y que no hizo nada para impedirla. Y que \u00e9l mismo dijo que el responsable era Ricardo Barros, vocero del gobierno en la C\u00e1mara de Diputados.<\/p>\n<p>La denuncia fue presentada en la Comisi\u00f3n de Investigaci\u00f3n por un diputado que hasta ahora era aliado de Bolsonaro, y que tiene un hermano que es funcionario estable del ministerio de Salud.<\/p>\n<p>El diputado se llama<strong>\u00a0Luis Claudio Miranda,<\/strong>\u00a0y el hermano funcionario\u00a0<strong>Luis Ricardo Miranda.<\/strong><\/p>\n<p>Lo que ambos dijeron a los senadores que los interrogaron fue amparado por pruebas, grabaciones inclusive.<\/p>\n<p>Se trat\u00f3 de un esquema sencillo: Ricardo Barros, desde los tiempos en que fue ministro de Salud del gobierno de\u00a0<strong>Michel Temer<\/strong>\u00a0luego del golpe institucional que destituy\u00f3 a la presidenta\u00a0<strong>Dilma Rousseff<\/strong>\u00a0en 2016, mantiene v\u00ednculos con una industria farmac\u00e9utica llamada Precisa, involucrada en ventas al gobierno nacional que jam\u00e1s fueron realizadas. Ya se comprobaron desviaciones por al menos cuatro millones de d\u00f3lares.<\/p>\n<p>Desde el a\u00f1o pasado el gobierno de Bolsonaro posterg\u00f3 al m\u00e1ximo la compra de vacunas que eran ofertadas insistentemente. Solo de la Pfizer fueron m\u00e1s de 30 ofertas, desde mediados el a\u00f1o pasado.<\/p>\n<p>Hubo una \u00fanica excepci\u00f3n: la oferta de la vacuna indiana Covaxin, cuya eficacia es tan dudosa que siquiera se aplica en larga escala en India.<\/p>\n<p>Presionado por sus superiores en el ministerio de Salud,<strong>\u00a0Luis Ricardo Miranda<\/strong>\u00a0apel\u00f3 a su hermano diputado,<strong>\u00a0Luis Claudio<\/strong>, cercano a Bolsonaro.<\/p>\n<p><strong>El s\u00e1bado 20 de marzo de 2021 los dos tuvieron una reuni\u00f3n con el mandatario en la residencia presidencial.<\/strong>\u00a0Llevaron todas las pruebas y relataron las presiones, en especial de los uniformados esparcidos por el ministerio,<strong>\u00a0para apresurar la compra de la vacuna Covaxin<\/strong>\u00a0aun\u00a0sin tener autorizaci\u00f3n de las autoridades sanitarias. Ser\u00edan\u00a0<strong>alrededor de 500 millones de d\u00f3lares,<\/strong>\u00a0ya que cada dosis era m\u00e1s cara que todas las dem\u00e1s ofertadas.<\/p>\n<p>Oyeron de Bolsonaro dos cosas. Una: que ordenar\u00eda la Polic\u00eda Federal para investigar el caso. La otra: \u201cEso es cosa de Ricardo Barros, y meter la mano en ese asunto es como meter la mano en mierda\u201d.<\/p>\n<p>La Polic\u00eda Federal jam\u00e1s fue llamada. Y pasados tres meses, la compra solo no se hizo porque Luis Ricardo Miranda se neg\u00f3 a cumplir las \u00f3rdenes de sus superiores y opt\u00f3, junto al hermano diputado, por hacer una denuncia p\u00fablica.<\/p>\n<p>Y con un agregado: los dos contaron a los senadores de la Comisi\u00f3n de Investigaci\u00f3n que uno de los hijos presidenciales<strong>, el senador Flavio<\/strong>, se inmiscuy\u00f3 en la trama.<\/p>\n<p>Los pr\u00f3ximos d\u00edas ser\u00e1n de tensi\u00f3n m\u00e1xima, tanto para la familia Bolsonaro como para el pa\u00eds.<\/p>\n<p>La Comisi\u00f3n de Investigaci\u00f3n del Senado tiene ahora un nuevo blanco.<strong>\u00a0Puede ser el principio del fin del peor gobierno de la historia de la Rep\u00fablica en Brasil.<\/strong><\/p>\n<\/div>\n","protected":false},"excerpt":{"rendered":"<p>Eric Nepomuceno (Rebelion, 28-6-21) &nbsp; El ultraderechista presidente brasile\u00f1o\u00a0Jair Bolsonaro\u00a0est\u00e1 actuando de manera cada vez m\u00e1s descontrolada y agresiva. Dicen los especialistas que se trata de una reacci\u00f3n normal en los psic\u00f3patas: cada vez que se sienten acorralados, reaccionan con violencia creciente. Y, m\u00e1s que acorralado, lo que se ve en Brasil es un presidente [&hellip;]<\/p>\n","protected":false},"author":1,"featured_media":43384,"comment_status":"open","ping_status":"open","sticky":false,"template":"","format":"standard","meta":{"footnotes":""},"categories":[14,12],"tags":[],"class_list":["post-46755","post","type-post","status-publish","format-standard","has-post-thumbnail","hentry","category-internacionales","category-politica-3"],"_links":{"self":[{"href":"https:\/\/debateplural.net\/site\/wp-json\/wp\/v2\/posts\/46755"}],"collection":[{"href":"https:\/\/debateplural.net\/site\/wp-json\/wp\/v2\/posts"}],"about":[{"href":"https:\/\/debateplural.net\/site\/wp-json\/wp\/v2\/types\/post"}],"author":[{"embeddable":true,"href":"https:\/\/debateplural.net\/site\/wp-json\/wp\/v2\/users\/1"}],"replies":[{"embeddable":true,"href":"https:\/\/debateplural.net\/site\/wp-json\/wp\/v2\/comments?post=46755"}],"version-history":[{"count":1,"href":"https:\/\/debateplural.net\/site\/wp-json\/wp\/v2\/posts\/46755\/revisions"}],"predecessor-version":[{"id":46756,"href":"https:\/\/debateplural.net\/site\/wp-json\/wp\/v2\/posts\/46755\/revisions\/46756"}],"wp:featuredmedia":[{"embeddable":true,"href":"https:\/\/debateplural.net\/site\/wp-json\/wp\/v2\/media\/43384"}],"wp:attachment":[{"href":"https:\/\/debateplural.net\/site\/wp-json\/wp\/v2\/media?parent=46755"}],"wp:term":[{"taxonomy":"category","embeddable":true,"href":"https:\/\/debateplural.net\/site\/wp-json\/wp\/v2\/categories?post=46755"},{"taxonomy":"post_tag","embeddable":true,"href":"https:\/\/debateplural.net\/site\/wp-json\/wp\/v2\/tags?post=46755"}],"curies":[{"name":"wp","href":"https:\/\/api.w.org\/{rel}","templated":true}]}}