{"id":46791,"date":"2021-06-29T13:31:31","date_gmt":"2021-06-29T17:31:31","guid":{"rendered":"https:\/\/debateplural.com\/inicio\/?p=46791"},"modified":"2021-06-29T13:31:31","modified_gmt":"2021-06-29T17:31:31","slug":"vargas-llosa-y-el-liberalismo-putrefacto","status":"publish","type":"post","link":"https:\/\/debateplural.net\/site\/2021\/06\/29\/vargas-llosa-y-el-liberalismo-putrefacto\/","title":{"rendered":"Vargas Llosa y el liberalismo putrefacto"},"content":{"rendered":"<p>\u00c1lvaro Garc\u00eda Linera (Cubadebate, 27-6-21)<\/p>\n<p>&nbsp;<\/p>\n<p class=\"article-text\">Todas las cosas envejecen: los organismos vivos, las personas y las ideas. Es la dureza de la segunda ley de la termodin\u00e1mica. Pero hay maneras dignas de hacerlo, manteni\u00e9ndose leales a los principios con los que se alcanz\u00f3 el cenit de la existencia, consciente de los errores y sin arrepentimientos ni transformismos de \u00faltima hora. Pero hay existencias que se corrompen por elecci\u00f3n, que se degeneran por decisi\u00f3n. Son los seres que se revuelcan en la putrefacci\u00f3n del alma arrastrando tras de s\u00ed las pestilencias de un destino extraviado.<\/p>\n<p class=\"article-text\">Este es el pat\u00e9tico devenir del pol\u00edtico Vargas Llosa de hoy;\u00a0<strong>no de aquel genio literario<\/strong>\u00a0que hizo m\u00e9ritos propios para entrar en la estanter\u00eda de las letras universales con \u201c<em>La ciudad y los perros\u201d<\/em>\u00a0o \u201c<em>Conversaci\u00f3n en la catedral\u201d<\/em>.\u00a0<strong>Su actual prosa pol\u00edtica viene chabacana, llena de monstruosidades ideol\u00f3gicas que mancillan la pulcritud de los ideales conservadores que alg\u00fan d\u00eda profes\u00f3<\/strong>. Es como si hubiera un empe\u00f1o deliberado por envilecer a la persona que obtuvo el Premio Nobel y dejar en pie a un decadente pol\u00edtico atribulado por pasiones b\u00e1rbaras.<\/p>\n<p class=\"article-text\">Vargas Llosa se traga sus otrora enjundiosas convicciones democr\u00e1ticas para apoyar sin decoro a la heredera y encubridora del r\u00e9gimen fujimorista que cerr\u00f3 el Congreso de la Republica, suspendi\u00f3 al poder judicial, orden\u00f3 el asalto militar de medios de comunicaci\u00f3n del Per\u00fa y promovi\u00f3 escuadrones de la muerte con decenas de masacres en su haber.\u00a0<strong>Eso habla de un pervertido drama en el que un reposado liberal muta a un ardiente neofascista.\u00a0<\/strong><\/p>\n<p class=\"article-text\">Y no es un tema de temperamento d\u00e9bil o convicciones ef\u00edmeras que quiz\u00e1, en este caso, hayan ayudado a la elegancia de su prosa. En realidad,\u00a0<strong>Vargas Llosa es un ejemplo, letrado de un desplazamiento emocional de la \u00e9poca.<\/strong><\/p>\n<div id=\"attachment_10029\" style=\"width: 1010px\" class=\"wp-caption aligncenter\"><a href=\"http:\/\/localhost\/debateplural\/wp-content\/uploads\/2016\/08\/Bandera-de-Peru.jpg\"><img loading=\"lazy\" decoding=\"async\" aria-describedby=\"caption-attachment-10029\" class=\"size-full wp-image-10029\" src=\"http:\/\/localhost\/debateplural\/wp-content\/uploads\/2016\/08\/Bandera-de-Peru.jpg\" alt=\"Bandera de Peru\" width=\"1000\" height=\"541\" srcset=\"https:\/\/debateplural.net\/site\/wp-content\/uploads\/2016\/08\/Bandera-de-Peru.jpg 1000w, https:\/\/debateplural.net\/site\/wp-content\/uploads\/2016\/08\/Bandera-de-Peru-300x162.jpg 300w, https:\/\/debateplural.net\/site\/wp-content\/uploads\/2016\/08\/Bandera-de-Peru-768x415.jpg 768w, https:\/\/debateplural.net\/site\/wp-content\/uploads\/2016\/08\/Bandera-de-Peru-810x438.jpg 810w\" sizes=\"(max-width: 1000px) 100vw, 1000px\" \/><\/a><p id=\"caption-attachment-10029\" class=\"wp-caption-text\">Bandera de Peru<\/p><\/div>\n<p class=\"article-text\">Respalda groseras maniobras de la derrotada Keiko Fujimori que denuncia \u201cfraude\u201d electoral y anula miles de votos de comunidades ind\u00edgenas y mantiene un curioso silencio frente al manifiesto de ex jerarcas militares para que las Fuerzas Armadas desconozcan la victoria de Pedro Castillo.\u00a0 As\u00ed se emparenta ideol\u00f3gicamente con Trump que instig\u00f3 a sus seguidores a tomar violentamente el Congreso de Estados Unidos en enero del 2021; o con el candidato presidencial Carlos Mesa que, al conocer su derrota en noviembre del 2019 contra Evo Morales, convoc\u00f3 a los suyos a incendiar los tribunales electorales bolivianos, incluidos los votos de los ciudadanos. Se trata de actitudes no muy diferentes a la de Bolsonaro que reprocha a las dictaduras brasile\u00f1as (1964-1985) el solo haber torturado en vez de haber matado a los izquierdistas; o a la indignidad de Pi\u00f1era arrugando su peque\u00f1a bandera nacional, para mostrarle a Trump que sus colores y estrella cabr\u00edan en una esquina de la bandera norteamericana.<\/p>\n<p class=\"article-text\"><strong>Son s\u00edntomas del ocaso de un liberalismo pol\u00edtico que, en su rechazo a asumir con aplomo el crep\u00fasculo de sus luces, prefiere desnudar sus miserias en la retirada.<\/strong>\u00a0Antes pod\u00eda jactarse de su filiaci\u00f3n democr\u00e1tica, su tolerancia cultural y conmiseraci\u00f3n por los pobres, porque, con independencia del partido pol\u00edtico victorioso, los ricos siempre triunfaban en el mundo en el que las alternativas de \u201cmundos posibles\u201d estaban dise\u00f1ados a su medida.<\/p>\n<p class=\"article-text\">Ahora el planeta se ha sumergido en una incertidumbre de destino. Las \u00e9lites dominantes divergen sobre c\u00f3mo salir del atolladero econ\u00f3mico y medioambiental que han provocado, los pobres ya no se culpabilizan de su pobreza, la utop\u00eda neoliberal se desvanece y los sacerdotes del libre mercado ya no tienen a sus pies a feligreses a quienes embaucar con redenciones futuras a cambio de complacencias actuales.<\/p>\n<p class=\"article-text\"><strong>Es el tiempo del ocaso del consenso globalista.<\/strong>\u00a0<strong>Ni los de arriba tienen criterios compartidos de hacia d\u00f3nde ir; ni los de abajo conf\u00edan en el viejo curso que los de arriba les se\u00f1alaban.\u00a0<\/strong>Todos viven un estado de estupor colectivo, de ausencia de futuro factible que desencadena, entre los humillados globales, estallidos de angustia, malestar, enojo y sublevaci\u00f3n. Occupy Wall Street, el Movimiento de los Indignados en Espa\u00f1a, los \u201cchalecos amarillos\u201d de Francia, los levantamientos populares de Chile, Per\u00fa y Colombia, las oleadas de progresismos latinoamericanos, son los s\u00edntomas de una convulsa de \u00e9poca de ansiedades desatadas que apenas comienza.\u00a0<strong>Nadie de los inconformes sabe con certeza hacia d\u00f3nde ir, aunque saben con claridad plebeya y callejera lo que ya no pueden soportar.\u00a0<\/strong>Es la \u00e9poca de un presente que desfallece y de un futuro que no llega ni anuncia su existencia y las viejas creencias dominantes se fisuran, se repliegan para dar paso a la incredulidad radical primero, y luego, a la b\u00fasqueda de alguna nueva certidumbre donde enraizar las esperanzas.<\/p>\n<p class=\"article-text\">Se trata de un caos creador que erosiona las viejas tolerancias morales entre los de \u201carriba\u201d y los de \u201cabajo\u201d y que, con ello, empuja al consenso neoliberal que agrup\u00f3 a la sociedad a replegarse. La calle y el voto, ya no los medios de comunicaci\u00f3n ni los gobiernos, son ahora los espacios de la gram\u00e1tica donde se escribir\u00e1 el nuevo estado de animo popular.\u00a0 La democracia se revitaliza desde abajo, pero parad\u00f3jicamente por ello, se ha convertido en un medio peligroso para los ide\u00f3logos neoliberales que fueron dem\u00f3cratas en tanto el voto no pusiera en riesgo el consenso privatizador y de libre mercado. Pero, ahora que la calle y el voto impugnan la validez de este \u00fanico destino, la democracia se presenta como un estorbo y hasta un peligro para la vigencia del neoliberalismo crepuscular.<\/p>\n<p class=\"article-text\">Las denuncias de fraude que se extiende por las Am\u00e9ricas, y que seguramente se har\u00e1n presentes en Europa, no son s\u00f3lo el aullido de guerra de los derrotados. Son la desesperada consigna de las ahora minor\u00edas neoliberales, para atacar sistem\u00e1ticamente la institucionalidad democr\u00e1tica y la legitimidad del voto como modo de elecci\u00f3n de gobernantes.\u00a0<strong>El golpe de Estado tiende a instalarse como una opci\u00f3n factible en el repertorio pol\u00edtico conservador.<\/strong>\u00a0 Y todo ello lo hace cabalgando un lenguaje enfurecido que aplasta en su galope cualquier respeto por la tolerancia y el pluralismo. Enarbolan sin reparos el supremasismo racial contra ind\u00edgenas y migrantes por igual.\u00a0 Desprecian el inconformismo plebeyo al que califican de expresiones de \u201chordas salvajes\u201d, \u201cignorantes\u201d \u201calien\u00edgenas\u201d o \u201cterroristas\u201d. Y en un anacronismo risible, desempolvan la fraseolog\u00eda \u201canticomunista\u201d para encubrir con miedos at\u00e1vicos el disciplinamiento violento de los pobres, las mujeres y los izquierdistas. El neoliberalismo va degenerando en un acomplejado neo fascismo.<\/p>\n<p class=\"article-text\">Estamos ante la descomposici\u00f3n del neoliberalismo pol\u00edtico que, en su fase de ocaso y perdida de hegemon\u00eda, exacerba toda su carga violenta y est\u00e1 dispuesto a pactar con el diablo, con todos las fuerzas tenebrosas, racistas y antidemocr\u00e1ticas, para defender un proyecto ya malogrado. El consenso universalista del que se jactaba el neoliberalismo en los a\u00f1os 90s, ha dado lugar al odio enfeudado de una ideolog\u00eda de outlet.\u00a0<strong>Y, como lo demuestra el \u00faltimo Vargas Llosa, la narraci\u00f3n de esta putrefacci\u00f3n cultural es un bodrio literario carente de la \u00e9pica de las derrotas dignas.\u00a0\u00a0\u00a0\u00a0<\/strong><\/p>\n","protected":false},"excerpt":{"rendered":"<p>\u00c1lvaro Garc\u00eda Linera (Cubadebate, 27-6-21) &nbsp; Todas las cosas envejecen: los organismos vivos, las personas y las ideas. Es la dureza de la segunda ley de la termodin\u00e1mica. Pero hay maneras dignas de hacerlo, manteni\u00e9ndose leales a los principios con los que se alcanz\u00f3 el cenit de la existencia, consciente de los errores y sin [&hellip;]<\/p>\n","protected":false},"author":1,"featured_media":46021,"comment_status":"open","ping_status":"open","sticky":false,"template":"","format":"standard","meta":{"footnotes":""},"categories":[14,12],"tags":[],"class_list":["post-46791","post","type-post","status-publish","format-standard","has-post-thumbnail","hentry","category-internacionales","category-politica-3"],"_links":{"self":[{"href":"https:\/\/debateplural.net\/site\/wp-json\/wp\/v2\/posts\/46791"}],"collection":[{"href":"https:\/\/debateplural.net\/site\/wp-json\/wp\/v2\/posts"}],"about":[{"href":"https:\/\/debateplural.net\/site\/wp-json\/wp\/v2\/types\/post"}],"author":[{"embeddable":true,"href":"https:\/\/debateplural.net\/site\/wp-json\/wp\/v2\/users\/1"}],"replies":[{"embeddable":true,"href":"https:\/\/debateplural.net\/site\/wp-json\/wp\/v2\/comments?post=46791"}],"version-history":[{"count":1,"href":"https:\/\/debateplural.net\/site\/wp-json\/wp\/v2\/posts\/46791\/revisions"}],"predecessor-version":[{"id":46792,"href":"https:\/\/debateplural.net\/site\/wp-json\/wp\/v2\/posts\/46791\/revisions\/46792"}],"wp:featuredmedia":[{"embeddable":true,"href":"https:\/\/debateplural.net\/site\/wp-json\/wp\/v2\/media\/46021"}],"wp:attachment":[{"href":"https:\/\/debateplural.net\/site\/wp-json\/wp\/v2\/media?parent=46791"}],"wp:term":[{"taxonomy":"category","embeddable":true,"href":"https:\/\/debateplural.net\/site\/wp-json\/wp\/v2\/categories?post=46791"},{"taxonomy":"post_tag","embeddable":true,"href":"https:\/\/debateplural.net\/site\/wp-json\/wp\/v2\/tags?post=46791"}],"curies":[{"name":"wp","href":"https:\/\/api.w.org\/{rel}","templated":true}]}}