{"id":47016,"date":"2021-07-13T13:25:09","date_gmt":"2021-07-13T17:25:09","guid":{"rendered":"https:\/\/debateplural.com\/inicio\/?p=47016"},"modified":"2021-07-13T13:25:09","modified_gmt":"2021-07-13T17:25:09","slug":"pandemia-y-crisis-del-capitalismo-global-4","status":"publish","type":"post","link":"https:\/\/debateplural.net\/site\/2021\/07\/13\/pandemia-y-crisis-del-capitalismo-global-4\/","title":{"rendered":"Pandemia y crisis del capitalismo global"},"content":{"rendered":"<p>El mundo global ha quedado al desnudo, en su forma de capitalismo global neoliberal, con la pandemia del coronavirus. Pandemia ocasionada por un sospechoso y de origen dudoso virus, que se inici\u00f3 como epidemia en la ciudad de Wuhan de la Rep\u00fablica Popular China. Digo sospechoso y de origen dudoso coronavirus, debido a su aparici\u00f3n, precisamente, en un contexto de guerra comercial- tecnol\u00f3gica entre los Estados Unidos de Norte Am\u00e9rica y la Rep\u00fablica Popular China; as\u00ed como en medio de los esfuerzos de EEUU por impulsar investigaciones\u00a0 especializadas en los campos de la microbiolog\u00eda e ingenier\u00eda gen\u00e9tica, con la finalidad de producir armas biol\u00f3gicas para usos desestabilizadores y de control poblacional, en el marco de la proliferaci\u00f3n de un pensamiento conservador neofascista de las oligarqu\u00edas imperialistas- financieras, que tienen como centro de poder el imperio norteamericano, en crisis de hegemon\u00eda econ\u00f3mico- financiera y cient\u00edfico- tecnol\u00f3gica, con relaci\u00f3n al repunte de la econom\u00eda china y su ruta de la seda, como\u00a0 mecanismo de dominio del mercado mundial; frente a los\u00a0 EEUU y a una Europa cada vez m\u00e1s aislada del reparto del mundo, a la cola del imperio del norte. As\u00ed como dividida como consecuencia de la separaci\u00f3n de Inglaterra y una Rusia unificada con el liderazgo de Vladimir Putin.<\/p>\n<p>Este fen\u00f3meno de pandemia- as\u00ed calificado por la OMS y por los hechos- no solo se ha convertido en una pandemia que pone al desnudo las debilidades de los sistemas de salud de los pa\u00edses desarrollados de occidente (EEUU y Europa), para no referirme a los pa\u00edses de econom\u00edas y sistemas pol\u00edticos dependientes de Am\u00e9rica Latina, \u00c1frica y Asia;\u00a0 si- no que ha permitido hacer visible la profunda crisis \u2013 financiera del capitalismo global-neoliberal, expresada en la ca\u00edda en picada de los precios del petr\u00f3leo y sus derivados, en la inestabilidad de la bolsa de valores, as\u00ed como la crisis de los bancos centrales europeos y el quiebre del mercado internacional, que ha provocado la prolongaci\u00f3n del cierre de fronteras de la mayor\u00eda de los pa\u00edses que interact\u00faan en el mercado global. Cierre de fronteras que abarca mar, aire y tierra; lo que implica la ca\u00edda estrepitosa de los vuelos internacionales, la navegaci\u00f3n\u00a0 y el transporte terrestre, lo cual impacta negativamente el transporte e intercambio de mercanc\u00edas, personas y todo tipo de bienes y servicios, afectando el turismo, la industria y los servicios, provocando una ca\u00edda\u00a0 del comercio mundial que se expresa en una reducci\u00f3n del PIB de los pa\u00edses y el mundo en un porcentaje que acent\u00faa y profundiza la crisis del capitalismo global y de manera espec\u00edfica de cada Estado-naci\u00f3n .<\/p>\n<p>Esta crisis del capitalismo global, ocasionada por la pandemia COVID-19 o coronavirus, ha permitido ver la \u201caldea global\u201d de la que habl\u00f3 en los a\u00f1os 60\u2019s\u00a0 del siglo XX Marshall McLuhan, al referirse a la sociedad de la informaci\u00f3n (consecuencia de los avances tecnol\u00f3gicos y su impacto en los medios masivos de comunicaci\u00f3n: prensa, radio y televisi\u00f3n), como una \u201caldea global\u201d, que es el planeta tierra, en sus dimensiones econ\u00f3mico-financieras, sociales, pol\u00edticas, ecol\u00f3gicas y de salud. Posibilitando dejar al desnudo las grandes y graves desigualdades entre pa\u00edses ricos (centros imperialistas) y pa\u00edses pobres (de la periferia, hegemonizados por los primeros); entre clases poderosas (el 1% de la poblaci\u00f3n mundial) y clases explotadas (99% de la poblaci\u00f3n mundial); en fin, entre regiones inmensamente ricas y regiones inmensamente pobres, destac\u00e1ndose las grandes desigualdades globales, nacionales y de clase sociales (entre ricos y pobres).<\/p>\n<p><a href=\"http:\/\/localhost\/debateplural\/wp-content\/uploads\/2020\/03\/Coronavirus19.jpg\"><img loading=\"lazy\" decoding=\"async\" class=\"aligncenter size-full wp-image-39354\" src=\"http:\/\/localhost\/debateplural\/wp-content\/uploads\/2020\/03\/Coronavirus19.jpg\" alt=\"\" width=\"810\" height=\"455\" srcset=\"https:\/\/debateplural.net\/site\/wp-content\/uploads\/2020\/03\/Coronavirus19.jpg 810w, https:\/\/debateplural.net\/site\/wp-content\/uploads\/2020\/03\/Coronavirus19-300x169.jpg 300w, https:\/\/debateplural.net\/site\/wp-content\/uploads\/2020\/03\/Coronavirus19-768x431.jpg 768w\" sizes=\"(max-width: 810px) 100vw, 810px\" \/><\/a><\/p>\n<p>La pandemia del coronavirus, ha permitido ver y vivir, como una escena dantesca, la fragilidad de la sociedad del riesgo y de la sociedad del miedo, como han caracterizado Ulrich Beck (1998) y Zygmunt Bauman (2007), respectivamente, la sociedad capitalista contempor\u00e1nea.<\/p>\n<p>\u201cLa sociedad del riesgo, al decir de Beck, es una sociedad catastr\u00f3fica. En ella el estado de excepci\u00f3n amenaza con convertirse en el estado de\u00a0 normalidad.\u201d<\/p>\n<p>Es lo que estamos viviendo los dominicanos y el mundo entero, dir\u00eda Foucault se trata del Estado pan\u00f3ptico, donde lo anormal pasa a ser lo normal, el Estado militar- policiaco y de encierro (cuarentena), es lo vivido \u2013 normal , como ejercicio de poder en la crisis la excepci\u00f3n es la que impone la l\u00f3gica del poder, que se aplica siempre en beneficio de las clases dominantes- hegem\u00f3nicas, frente a las indefensas clases subalternas , que son los pobres, trabajadores , campesinos y la maltratada clase media urbana.<\/p>\n<p>La pandemia ocasionada por el coronavirus\u00a0 no es un problema simplemente biol\u00f3gico, de salud, es un problema global, econ\u00f3mico, social y pol\u00edtico. Que en un contexto mundial de aislamiento del pensamiento social, frente al pensamiento cient\u00edfico- natural- tecnol\u00f3gico (tecnocr\u00e1tico), coloca a las sociedades y a las clases de menores condiciones de ingresos econ\u00f3micos como v\u00edctimas de una l\u00f3gica negativa de la eliminaci\u00f3n, racionalmente\u00a0 concebida por los expertos, cient\u00edficos e ide\u00f3logos, al servicio de los centros de poder imperialistas y del capital financiero y de las elites aristocr\u00e1ticas\u00a0 nacionales y locales,\u00a0 que orientan sus acciones por la l\u00f3gica positiva de la apropiaci\u00f3n. Esto se puede observar en las medidas pol\u00edticas de excepci\u00f3n tomadas por gobiernos como el dominicano, las cuales en su forma y contenido dejan desprotegida a la mayor\u00eda de la poblaci\u00f3n y, a la vez, favorecen a los sectores dominantes, como el financiero o bancario y el comercial. Es el caso de la liberaci\u00f3n de 30 mil millones de pesos del encaje legal, a disposici\u00f3n del sector financiero. Sin que se vislumbren\u00a0 medidas favorables directamente a las clases trabajadora, media y marginal del pa\u00eds, en relaci\u00f3n al pago del compromisos financieros por deudas, reducci\u00f3n de la tasa de inter\u00e9s y aplazamiento del pago de tarjetas de cr\u00e9dito, emisi\u00f3n de bonos de consumo de comida, energ\u00eda el\u00e9ctrica, tel\u00e9fono, colegios y servicios de salud.<\/p>\n<p>Hay que tomar en cuenta que el 70%\u00a0 de los trabajadores dominicanos son informales, esto quiere decir que la mayor\u00eda tiene que trabajar diario en su propio negocio para poder cubrir los gastos de alimentaci\u00f3n familiar, sin hablar de los gastos de salud, alquiler de vivienda, educaci\u00f3n, transporte y otros.<\/p>\n<p>En esta coyuntura de la crisis global del capitalismo neoliberal, es necesario pensar, en el sentido de Beck, en la combinaci\u00f3n de las racionalidades cient\u00edfico-experta y la social-cotidiana. De manera que las soluciones y medidas tomen en cuenta tanto la percepci\u00f3n social como la cient\u00edfica. Esto no es lo que ha hecho el gobierno dominicano: sus medidas se enmarcan en una racionalidad de \u201celite gobernante\u201d, es decir, en una racionalidad experto-t\u00e9cnica, que es la que favorece a los sectores financiero y comercial, sin tomar en cuenta a los sectores trabajadores, de clase media y marginales , que conforman la mayor\u00eda del pueblo dominicano.<\/p>\n<p>Para Beck \u201c\u2026 sin racionalidad social, la racionalidad cient\u00edfica est\u00e1 vac\u00eda; sin racionalidad cient\u00edfica, la racionalidad social es ciega.\u201d<\/p>\n<p>La l\u00f3gica del capitalismo global neoliberal funciona con valores orientados a la acumulaci\u00f3n\u00a0 infinita, al consumo irracional y al desprecio por el ser humano y la naturaleza. Es una l\u00f3gica que orienta sus valores conservadores a los intereses de dominio desmedido y trae como consecuencia riesgos m\u00faltiples y permanentes: las crisis c\u00edclicas son las caracter\u00edsticas m\u00e1s evidentes del capitalismo global.<\/p>\n<p>En consecuencia, se trata de un sistema- mundo capitalista neoliberal que genera una pluralidad de riesgos permanentes, en una relaci\u00f3n: modernizaci\u00f3n- globalizaci\u00f3n como causa de m\u00faltiples riesgos en lo global y en lo local, en cada Estado-naci\u00f3n, clases y grupos de intereses. Los riesgos no alcanzan a todos por igual, son m\u00e1s catastr\u00f3ficos para las naciones m\u00e1s pobres y para las clases sociales y personas en situaci\u00f3n vulnerables como es el caso de las naciones de menor desarrollo y de los obreros, marginales y pobres del mundo actual.<\/p>\n<p>De esa l\u00f3gica se deriva que la industrializaci\u00f3n- modernizaci\u00f3n capitalista genera riesgos espec\u00edficos como: contaminaci\u00f3n ambiental por efecto del di\u00f3xido de carbono y de gases t\u00f3xicos, muerte de los bosques, desaparici\u00f3n de especies vegetales y animales, contaminaci\u00f3n del aire, contaminaci\u00f3n del agua, afecci\u00f3n de las capas de ozono, dislocamiento clim\u00e1tico, epidemias, pandemias, entre otras afecciones, contaminaciones y destrucciones ocasionadas al planeta tierra de manera global.<\/p>\n<p>Ahora bien, uno de los problemas que m\u00e1s atemoriza a las elites poderosas del mundo capitalista global es el crecimiento poblacional, de la reducci\u00f3n de la tasa de mortalidad y el incremento de la esperanza de vida como consecuencia de los avances cient\u00edficos y tecnol\u00f3gicos y de las ciencias de la salud en general. Miedo que ha de haber generado un pensamiento imperialista conservador \u2013 neofascista orientado a la reducci\u00f3n de la poblaci\u00f3n mundial, sobre todo de las poblaciones de ancianos y del control de natalidad; desarrollando en los centros de poder imperialistas pol\u00edticas concretas al respecto que cuentan con el apoyo financiero del Estado, de las empresas trasnacionales y de organismos internacionales y financieros como el FMI.<\/p>\n<p>Otras caracter\u00edsticas del capitalismo global- neoliberal, capitalismo postmoderno, es el miedo como consecuencia de los m\u00faltiples riesgos de la l\u00f3gica de la acumulaci\u00f3n y el consumo desmedido, propias del neoliberalismo.<\/p>\n<p>A decir Zygmunt\u00a0\u00a0 Bauman\u00a0 estamos frente a la omnipresencia del miedo. Miedo natural, como mecanismo de defensa propia de la condici\u00f3n animal, como reacci\u00f3n frente a los peligros externos; \u201cmiedos derivativos\u201d expresados por inseguridad y vulnerabilidad, relativos a los peligros que implica una crisis social de salud, por ejemplo la perdida de la vida o muerte f\u00edsica; perdidas de propiedades, ocasionadas por una crisis econ\u00f3mico- financiera o situaciones de crisis sociopol\u00edticas, como en los casos de guerras,\u00a0 migraciones y estado de excepci\u00f3n coyuntural o no.<\/p>\n<p>El miedo puede conducir a situaciones de p\u00e1nicos. Creo que es lo que ha ocurrido en esta coyuntura de la cuarentena decretada por el gobierno dominicano. Hemos podido observar como las clases media y alta con poder de compra y tendencia al consumo conspicuo tom\u00f3 los establecimientos comerciales, fundamentalmente, los supermercados, haciendo largas filas hasta dejar vac\u00edas las tramer\u00edas de dichos establecimientos;\u00a0 los cuales han quedado desiertos mientras la gente se ha recluido en sus hogares , no solo dando cumplimiento a la cuarentena y al toque de queda , sino llenas de miedo, puede decirse de p\u00e1nico frente al posible contagio del coronavirus y como efecto del impacto de los medios de comunicaci\u00f3n y las redes sociales, con una carga de informaci\u00f3n- desinformaci\u00f3n descomunal sobre la poblaci\u00f3n.<\/p>\n<p>En fin, ha quedado en evidencia\u00a0 la fragilidad del sistema de salud expresado en la capacidad de los hospitales para dar respuesta a la demanda de salud de la poblaci\u00f3n. Esto ocurre en los sistemas de salud, incluso de pa\u00eds como Italia y Espa\u00f1a,\u00a0 donde como consecuencia de las pol\u00edticas neoliberales, los recortes presupuestarios del gasto social en salud han conducido a la reducci\u00f3n del n\u00famero de habitaciones,\u00a0 de camas,\u00a0 de personal (m\u00e9dicos y param\u00e9dicos en general), reducci\u00f3n de equipos, medicamentos y materiales gastables en los centros de salud p\u00fablicos.<\/p>\n<p>Todo como consecuencia de las pol\u00edticas neoliberales\u00a0 orientadas al recorte del gasto social, como mecanismo para asegurar la acumulaci\u00f3n de capitales y el incremento de las ganancias, espec\u00edficamente del sector financiero internacional y nacional.<\/p>\n<p>Es indudable que esta crisis de pandemia ocasionada por el coronavirus o COVID-19 ha puesto en evidencia la crisis estructural del capitalismo global-neoliberal y permite visualizar las pol\u00edticas imperialistas con respecto a su desprecio por la vida humana\u00a0 en el planeta tierra. Pero tambi\u00e9n , deja al desnudo la fragilidad del sistema capitalista a nivel global y el manejo elitista de los grupos gobernantes locales, que se aferran a medidas de excepci\u00f3n autoritarias, siempre en beneficio de las elites dominantes de los sectores financieros y comerciales, en complicidad con una minor\u00eda que perjudica a la mayor\u00eda : el pueblo trabajador, la clase media, el campesinado y la poblaci\u00f3n marginada; quienes\u00a0 quedan desprotegidos por los efectos de la sociedad del riesgo y del miedo .<\/p>\n<p>\u201cEl virus no distingue entre clases sociales\u201d (dijo el gobernante espa\u00f1ol Pedro S\u00e1nchez ) pero los que no tienen acceso a las pruebas , a los medicamentos, a los internamientos seguros, a los alimentos son los pobres, quienes son la mayor\u00eda ; por eso aportan la mayor tasa de mortalidad. En otras palabras, los trabajadores, campesinos y marginados mueren primero y en mayor proporci\u00f3n.<\/p>\n","protected":false},"excerpt":{"rendered":"<p>El mundo global ha quedado al desnudo, en su forma de capitalismo global neoliberal, con la pandemia del coronavirus. Pandemia ocasionada por un sospechoso y de origen dudoso virus, que se inici\u00f3 como epidemia en la ciudad de Wuhan de la Rep\u00fablica Popular China. Digo sospechoso y de origen dudoso coronavirus, debido a su aparici\u00f3n, [&hellip;]<\/p>\n","protected":false},"author":5,"featured_media":39815,"comment_status":"open","ping_status":"open","sticky":false,"template":"","format":"standard","meta":{"footnotes":""},"categories":[5,17],"tags":[],"class_list":["post-47016","post","type-post","status-publish","format-standard","has-post-thumbnail","hentry","category-nacionales","category-sociedad"],"_links":{"self":[{"href":"https:\/\/debateplural.net\/site\/wp-json\/wp\/v2\/posts\/47016"}],"collection":[{"href":"https:\/\/debateplural.net\/site\/wp-json\/wp\/v2\/posts"}],"about":[{"href":"https:\/\/debateplural.net\/site\/wp-json\/wp\/v2\/types\/post"}],"author":[{"embeddable":true,"href":"https:\/\/debateplural.net\/site\/wp-json\/wp\/v2\/users\/5"}],"replies":[{"embeddable":true,"href":"https:\/\/debateplural.net\/site\/wp-json\/wp\/v2\/comments?post=47016"}],"version-history":[{"count":1,"href":"https:\/\/debateplural.net\/site\/wp-json\/wp\/v2\/posts\/47016\/revisions"}],"predecessor-version":[{"id":47017,"href":"https:\/\/debateplural.net\/site\/wp-json\/wp\/v2\/posts\/47016\/revisions\/47017"}],"wp:featuredmedia":[{"embeddable":true,"href":"https:\/\/debateplural.net\/site\/wp-json\/wp\/v2\/media\/39815"}],"wp:attachment":[{"href":"https:\/\/debateplural.net\/site\/wp-json\/wp\/v2\/media?parent=47016"}],"wp:term":[{"taxonomy":"category","embeddable":true,"href":"https:\/\/debateplural.net\/site\/wp-json\/wp\/v2\/categories?post=47016"},{"taxonomy":"post_tag","embeddable":true,"href":"https:\/\/debateplural.net\/site\/wp-json\/wp\/v2\/tags?post=47016"}],"curies":[{"name":"wp","href":"https:\/\/api.w.org\/{rel}","templated":true}]}}