{"id":47156,"date":"2021-07-20T11:29:30","date_gmt":"2021-07-20T15:29:30","guid":{"rendered":"http:\/\/debateplural.com\/inicio\/?p=47156"},"modified":"2021-07-20T11:29:30","modified_gmt":"2021-07-20T15:29:30","slug":"pinera-complice-de-la-guerra-hibrida-yanqui-contra-latinoamerica","status":"publish","type":"post","link":"https:\/\/debateplural.net\/site\/2021\/07\/20\/pinera-complice-de-la-guerra-hibrida-yanqui-contra-latinoamerica\/","title":{"rendered":"Pi\u00f1era c\u00f3mplice de la guerra h\u00edbrida yanqui contra Latinoam\u00e9rica"},"content":{"rendered":"<p>Ivan Mu\u00f1oz Rojas (Sin Permiso, 20-7-21)<\/p>\n<p>&nbsp;<\/p>\n<p>Se hace m\u00e1s evidente la intensificaci\u00f3n del uso de la llamada \"guerra de quinta generaci\u00f3n\" aplicada en contra de los crecientes procesos emancipadores en nuestro Continente, desde el Departamento de Estado y el Pent\u00e1gono se impulsa una multiplicidad de medidas de car\u00e1cter econ\u00f3micas, pol\u00edticas, medi\u00e1ticas ,de psicolog\u00eda de masas con uso cibern\u00e9tico en contra de cualquier manifestaci\u00f3n de independencia o ejercicio de soberan\u00eda en defensa de los intereses de los pueblos del Continente, las m\u00e1s brutales se verifican contra Cuba, Venezuela, Nicaragua ,Bolivia apoy\u00e1ndose en el inmenso arsenal medi\u00e1tico, militar y poder\u00edo econ\u00f3mico de Estados Unidos con la vergonzante sumisi\u00f3n de los gobiernos neoliberales de derecha.<\/p>\n<p>Antony Blinken Secretario del Departamento de Estado alaba la docilidad de Allamand: \"Chile es un socio muy importante para Estados Unidos\" y tras encuentro del canciller de Pi\u00f1era con Almagro en la OEA el contubernio se hace c\u00f3mplice y ampara las acciones delincuenciales asociados con narcoterroristas colombianos que atrincherados asolaron durante d\u00edas a barrios de Caracas. Emilio Grateron dirigente del fascista partido Voluntad Popular,- s\u00edmil de Patria y Libertad-, fue uno de los gestores de estos operativos conducentes a una acci\u00f3n terrorista mayor bautizada como \" Fiesta de Caracas\" en que bajo un ambiente caldeado previamente perpetrar\u00edan magnicidio al estilo Haiti,ahora contra el presidente Maduro y dirigencia del proceso Bolivariano con ocasi\u00f3n de la celebraci\u00f3n de los 200 a\u00f1os de la Batalla de Carabobo .Sus mentores componen el tri\u00e1ngulo Bogota,Miami Madrid, fungiendo Duque de exportador de coca ,financiamiento y mercenarios.<\/p>\n<p><a href=\"http:\/\/localhost\/debateplural\/wp-content\/uploads\/2020\/10\/1001335_xl.jpg\"><img loading=\"lazy\" decoding=\"async\" class=\"aligncenter size-full wp-image-43206\" src=\"http:\/\/localhost\/debateplural\/wp-content\/uploads\/2020\/10\/1001335_xl.jpg\" alt=\"\" width=\"880\" height=\"495\" srcset=\"https:\/\/debateplural.net\/site\/wp-content\/uploads\/2020\/10\/1001335_xl.jpg 880w, https:\/\/debateplural.net\/site\/wp-content\/uploads\/2020\/10\/1001335_xl-300x169.jpg 300w, https:\/\/debateplural.net\/site\/wp-content\/uploads\/2020\/10\/1001335_xl-768x432.jpg 768w, https:\/\/debateplural.net\/site\/wp-content\/uploads\/2020\/10\/1001335_xl-810x456.jpg 810w\" sizes=\"(max-width: 880px) 100vw, 880px\" \/><\/a><\/p>\n<p>En celular de Freddy Guevara conspirador procesado, se develaron pruebas incriminatorias contra Emilio Grateron, el Ministerio Publico de la Republica Venezuela lo requiere, entonces\u2026 es acogido como hu\u00e9sped en la Embajada de Chile en Caracas verific\u00e1ndose la complicidad del gobierno de Pi\u00f1era con las maniobras emprendidas por Estados Unidos en el desarrollo de esta Guerra Hibrida contra Venezuela, torpedeando as\u00ed el proceso electoral de renovaci\u00f3n de gobernadores, alcaldes y legisladores locales, en que participan sectores de la oposici\u00f3n como Acci\u00f3n Democr\u00e1tica, COPEI , (dem\u00f3cratas cristianos) y m\u00e1s partidos ,proceso electoral en que actuar\u00eda misi\u00f3n observadora de la Uni\u00f3n Europea, a la par que en la Asamblea Nacional sesiona una Comisi\u00f3n por la Paz y Reconstrucci\u00f3n entre el Chavismo y la Oposici\u00f3n y en tanto avanza la instalaci\u00f3n de otra mesa de dialogo en M\u00e9xico gestionada por Noruega con el sector m\u00e1s extremo de la oposici\u00f3n.<\/p>\n<p>Estos caminos de b\u00fasqueda de superaci\u00f3n de las crisis incoadas por el bloqueo de Estados Unidos contra Cuba, Venezuela o Nicaragua mediante la v\u00eda pol\u00edtica y dialogo, son abortados por los residuos de lo que fue el Grupo de Lima en sus \u00faltimos estertores y se hace hip\u00f3critamente arguyendo la defensa de los derechos humanos en tanto que no existe pronunciamiento alguno para condenar las masacres contra el pueblo de Colombia, el genocidio en curso en Brasil, o los casos flagrantes en Chile con victima mortales, mutilaciones oculares, violaciones y malos tratos y centenares de presos pol\u00edticos sin siquiera ser sometidos a procesos.<\/p>\n<p>Las reacciones multitudinarias en las calles del Continente rechazando al neoliberalismo y abriendo caminos a los cambios por conquistar dignidad no se detendr\u00e1n con las nuevas y sofisticadas formas de opresi\u00f3n y aun bajo pandemia la lucha continuara.<\/p>\n","protected":false},"excerpt":{"rendered":"<p>Ivan Mu\u00f1oz Rojas (Sin Permiso, 20-7-21) &nbsp; Se hace m\u00e1s evidente la intensificaci\u00f3n del uso de la llamada \"guerra de quinta generaci\u00f3n\" aplicada en contra de los crecientes procesos emancipadores en nuestro Continente, desde el Departamento de Estado y el Pent\u00e1gono se impulsa una multiplicidad de medidas de car\u00e1cter econ\u00f3micas, pol\u00edticas, medi\u00e1ticas ,de psicolog\u00eda de [&hellip;]<\/p>\n","protected":false},"author":1,"featured_media":36521,"comment_status":"open","ping_status":"open","sticky":false,"template":"","format":"standard","meta":{"footnotes":""},"categories":[14,12],"tags":[],"class_list":["post-47156","post","type-post","status-publish","format-standard","has-post-thumbnail","hentry","category-internacionales","category-politica-3"],"_links":{"self":[{"href":"https:\/\/debateplural.net\/site\/wp-json\/wp\/v2\/posts\/47156"}],"collection":[{"href":"https:\/\/debateplural.net\/site\/wp-json\/wp\/v2\/posts"}],"about":[{"href":"https:\/\/debateplural.net\/site\/wp-json\/wp\/v2\/types\/post"}],"author":[{"embeddable":true,"href":"https:\/\/debateplural.net\/site\/wp-json\/wp\/v2\/users\/1"}],"replies":[{"embeddable":true,"href":"https:\/\/debateplural.net\/site\/wp-json\/wp\/v2\/comments?post=47156"}],"version-history":[{"count":1,"href":"https:\/\/debateplural.net\/site\/wp-json\/wp\/v2\/posts\/47156\/revisions"}],"predecessor-version":[{"id":47157,"href":"https:\/\/debateplural.net\/site\/wp-json\/wp\/v2\/posts\/47156\/revisions\/47157"}],"wp:featuredmedia":[{"embeddable":true,"href":"https:\/\/debateplural.net\/site\/wp-json\/wp\/v2\/media\/36521"}],"wp:attachment":[{"href":"https:\/\/debateplural.net\/site\/wp-json\/wp\/v2\/media?parent=47156"}],"wp:term":[{"taxonomy":"category","embeddable":true,"href":"https:\/\/debateplural.net\/site\/wp-json\/wp\/v2\/categories?post=47156"},{"taxonomy":"post_tag","embeddable":true,"href":"https:\/\/debateplural.net\/site\/wp-json\/wp\/v2\/tags?post=47156"}],"curies":[{"name":"wp","href":"https:\/\/api.w.org\/{rel}","templated":true}]}}