{"id":47177,"date":"2021-07-21T11:55:51","date_gmt":"2021-07-21T15:55:51","guid":{"rendered":"https:\/\/debateplural.com\/inicio\/?p=47177"},"modified":"2021-07-21T11:55:51","modified_gmt":"2021-07-21T15:55:51","slug":"espana-pedro-sanchez-y-la-operacion-toga","status":"publish","type":"post","link":"https:\/\/debateplural.net\/site\/2021\/07\/21\/espana-pedro-sanchez-y-la-operacion-toga\/","title":{"rendered":"Espa\u00f1a: Pedro S\u00e1nchez y la \"Operaci\u00f3n Toga\""},"content":{"rendered":"<p>Germ\u00e1n Gorr\u00e1iz L\u00f3pez (Aporrea, 21-7-21)<\/p>\n<p>&nbsp;<\/p>\n<p>El establishment del Estado espa\u00f1ol estar\u00eda formado por las \u00e9lites financiera-empresarial,pol\u00edtica, judicial, militar, jerarqu\u00eda cat\u00f3lica,universitaria y mass media del Estado espa\u00f1ol,herederos naturales del legado del General Franco que habr\u00edan fagocitado todas las esferas de decisi\u00f3n (seg\u00fan se desprende de la lectura del libro \"<i>Oligarqu\u00eda financiera y poder pol\u00edtico en Espa\u00f1a\"\u00a0<\/i>escrito por el ex-banquero Manuel Puerto Ducet).<\/p>\n<p>Dichos lobbys de presi\u00f3n estar\u00edan interconectados mediante \"u<i>na alianza inquieta basada en su comunidad de intereses econ\u00f3micos y amalgamada por la defensa a ultranza del R\u00e9gimen del 78 y de la \"unidad indisoluble de Espa\u00f1a\"<\/i>\u00a0y su objetivo confeso ser\u00eda implementar en Espa\u00f1a una\u00a0<i>\"democracia no liberal\"\u00a0<\/i>siguiendo la estela de la Hungr\u00eda de Orb\u00e1n.<\/p>\n<p>En este contexto, se enmarcar\u00eda la reciente campa\u00f1a emprendida por el PP y Vox (<i>Operaci\u00f3n Toga)<\/i>\u00a0y que contar\u00e1 con la aquiescencia del Tribunal Supremo, del Tribunal de Cuentas y del Tribunal Constitucional para provocar la par\u00e1lisis legislativa y ejecutiva de la actual mayor\u00eda progresista y forzar la convocatoria de nuevas Elecciones Generales con la esperanza de lograr la mayor\u00eda absoluta e implementar una democracia no liberal que beber\u00e1 de la fuentes del centralismo bonapartitsta y del paternalismo de las dictaduras blandas y estar\u00e1 d<em>otado de la triple enzima tardofranquista<\/em><em><i>\u00a0(mantenimiento de la unidad indisoluble de Espa\u00f1a, control estricto de la inmigraci\u00f3n y retorno al pensamiento \u00fanico heteropatriarcal)<\/i><\/em><em>.<\/em><\/p>\n<p>Pedro S\u00e1nchez y la \"Operaci\u00f3n Toga\"<\/p>\n<p>El lobby judicial tardofranquista habr\u00eda fagocitado los principales estamentos judiciales del Estado espa\u00f1ol (CGPJ, Tribunal Supremo, Tribunal de Cuentas y el Tribunal Constitucional) y a pesar de estar en funciones desde el 2018, el PP se niega a renovar la c\u00fapula judicial al seguir ostentando la mayor\u00eda en dichos Tribunales.<\/p>\n<p><a href=\"http:\/\/localhost\/debateplural\/wp-content\/uploads\/2018\/12\/bandera-de-espana-th3-party-150-x-90-cm-14788983z0-00363767.jpg\"><img loading=\"lazy\" decoding=\"async\" class=\"aligncenter  wp-image-29357\" src=\"http:\/\/localhost\/debateplural\/wp-content\/uploads\/2018\/12\/bandera-de-espana-th3-party-150-x-90-cm-14788983z0-00363767.jpg\" alt=\"\" width=\"790\" height=\"790\" srcset=\"https:\/\/debateplural.net\/site\/wp-content\/uploads\/2018\/12\/bandera-de-espana-th3-party-150-x-90-cm-14788983z0-00363767.jpg 500w, https:\/\/debateplural.net\/site\/wp-content\/uploads\/2018\/12\/bandera-de-espana-th3-party-150-x-90-cm-14788983z0-00363767-150x150.jpg 150w, https:\/\/debateplural.net\/site\/wp-content\/uploads\/2018\/12\/bandera-de-espana-th3-party-150-x-90-cm-14788983z0-00363767-300x300.jpg 300w\" sizes=\"(max-width: 790px) 100vw, 790px\" \/><\/a><\/p>\n<p>El Tardofranquismo judicial tendr\u00eda al Tribunal Supremo como muro de contenci\u00f3n de los decretos-leyes aprobados por el \"<i>rodillo progresista\"<\/i>\u00a0del Congreso; a su Presidente Carlos Lesmes como croupier en la ruleta de adjudicaci\u00f3n de cargos y procesos judiciales; a los jueces Marchena, Lamela y Llarena como sus estrellas medi\u00e1ticas y a los fiscales del \"<i>clan de los indomables\"<\/i>\u00a0como sus abnegados peones. Asimismo, el Tribunal Supremo estar\u00eda controlado por el llamado \"<i>clan de los pol\u00edticos<\/i>\" en palabras del ex-Presidente de Sala del TS, Ram\u00f3n Trillo y habr\u00eda devenido en un verdadero lobby o grupo de presi\u00f3n de la derecha tardofranquista que mediante controvertidas decisiones judiciales intentar\u00e1 paralizar o revertir las decisiones pol\u00edticas o econ\u00f3micas del Gobierno S\u00e1nchez.<\/p>\n<p>As\u00ed, tras el macrojuicio a los l\u00edderes del Proc\u00e9s y su posterior entrada en prisi\u00f3n, asistimos al intento de paralizar la concesi\u00f3n de indultos a los l\u00edderes del Proc\u00e9s mediante un informe del llamado \"<i>clan de los indomables\"<\/i>\u00a0de la Fiscal\u00eda del Supremo en el que advert\u00eda al Gobierno que \"<i>la Constituci\u00f3n proh\u00edbe los indultos generales\".\u00a0<\/i>Fracasado el intento de paralizar la concesi\u00f3n de dichos indultos llega el turno de la segunda pata del tr\u00edpode judicial tardofranquista, el Tribunal de Cuentas que reclama a dichos l\u00edderes catalanes la friolera de 5,4 millones de Euros por supuestos gastos indebidos en la acci\u00f3n exterior del Govern en el per\u00edodo comprendido entre el 2011 y el 2017.<\/p>\n<p>En el paroxismo de la ofensiva judicial, entra en escena el Tribunal Constitucional devenido en el nuevo muro de contenci\u00f3n de la labor legislativa del Parlamento am\u00e9n de fiscalizador supremo de la gesti\u00f3n del Ejecutivo y cuya \u00faltima intervenci\u00f3n fue declarar inconstitucional la<i>\u00a0Declaraci\u00f3n del Estado de Alarma<\/i>\u00a0implementada por el Gobierno S\u00e1nchez en Marzo del 2020 con una exigua mayor\u00eda de 6 a 5.<\/p>\n<p>Dicha sentencia supondr\u00eda desvirtuar la tradicional separaci\u00f3n de Poderes en una democracia formal al usurpar el TC la labor de control del Parlamento a la gesti\u00f3n del Gobierno que quedar\u00e1 en adelante sometida al albur de la mayor\u00eda conservadora del Tribunal Constitucional. Dicha ofensiva judicial involucionista buscar\u00eda convertir al Estado espa\u00f1ol en un Estado fallido, enconsertado y sometido a los dictados del Tardofranquismo judicial, por lo que el Gobierno de S\u00e1nchez podr\u00eda valerse de la doctrina del Contrafuero navarro que\u00a0<i>\"faculta al Gobierno para solicitar su reparaci\u00f3n ante agravios presuntamente cometidas por los Tribunales de Justicia que afecten a las leyes, ordenanzas y libertades acordados por la sociedad a trav\u00e9s de su leg\u00edtima representaci\u00f3n parlamentaria \",\u00a0<\/i>pero<i>\u00a0<\/i>en el fondo subyace\u00a0<i>la\u00a0<\/i>necesidad imperiosa de la renovaci\u00f3n de la caduca c\u00fapula judicial y la condena al ostracismo del lobby judicial tardofranquista.<\/p>\n<p>&nbsp;<\/p>\n","protected":false},"excerpt":{"rendered":"<p>Germ\u00e1n Gorr\u00e1iz L\u00f3pez (Aporrea, 21-7-21) &nbsp; El establishment del Estado espa\u00f1ol estar\u00eda formado por las \u00e9lites financiera-empresarial,pol\u00edtica, judicial, militar, jerarqu\u00eda cat\u00f3lica,universitaria y mass media del Estado espa\u00f1ol,herederos naturales del legado del General Franco que habr\u00edan fagocitado todas las esferas de decisi\u00f3n (seg\u00fan se desprende de la lectura del libro \"Oligarqu\u00eda financiera y poder pol\u00edtico en [&hellip;]<\/p>\n","protected":false},"author":1,"featured_media":25421,"comment_status":"open","ping_status":"open","sticky":false,"template":"","format":"standard","meta":{"footnotes":""},"categories":[14,12],"tags":[],"class_list":["post-47177","post","type-post","status-publish","format-standard","has-post-thumbnail","hentry","category-internacionales","category-politica-3"],"_links":{"self":[{"href":"https:\/\/debateplural.net\/site\/wp-json\/wp\/v2\/posts\/47177"}],"collection":[{"href":"https:\/\/debateplural.net\/site\/wp-json\/wp\/v2\/posts"}],"about":[{"href":"https:\/\/debateplural.net\/site\/wp-json\/wp\/v2\/types\/post"}],"author":[{"embeddable":true,"href":"https:\/\/debateplural.net\/site\/wp-json\/wp\/v2\/users\/1"}],"replies":[{"embeddable":true,"href":"https:\/\/debateplural.net\/site\/wp-json\/wp\/v2\/comments?post=47177"}],"version-history":[{"count":1,"href":"https:\/\/debateplural.net\/site\/wp-json\/wp\/v2\/posts\/47177\/revisions"}],"predecessor-version":[{"id":47178,"href":"https:\/\/debateplural.net\/site\/wp-json\/wp\/v2\/posts\/47177\/revisions\/47178"}],"wp:featuredmedia":[{"embeddable":true,"href":"https:\/\/debateplural.net\/site\/wp-json\/wp\/v2\/media\/25421"}],"wp:attachment":[{"href":"https:\/\/debateplural.net\/site\/wp-json\/wp\/v2\/media?parent=47177"}],"wp:term":[{"taxonomy":"category","embeddable":true,"href":"https:\/\/debateplural.net\/site\/wp-json\/wp\/v2\/categories?post=47177"},{"taxonomy":"post_tag","embeddable":true,"href":"https:\/\/debateplural.net\/site\/wp-json\/wp\/v2\/tags?post=47177"}],"curies":[{"name":"wp","href":"https:\/\/api.w.org\/{rel}","templated":true}]}}