{"id":47248,"date":"2021-07-26T13:02:28","date_gmt":"2021-07-26T17:02:28","guid":{"rendered":"https:\/\/debateplural.com\/inicio\/?p=47248"},"modified":"2021-07-26T13:02:28","modified_gmt":"2021-07-26T17:02:28","slug":"biden-usted-no-conoce-a-cuba","status":"publish","type":"post","link":"https:\/\/debateplural.net\/site\/2021\/07\/26\/biden-usted-no-conoce-a-cuba\/","title":{"rendered":"Biden, usted no conoce a Cuba"},"content":{"rendered":"<p>Jos\u00e9 Pertierra (Cubadebate, 25-7-21)<\/p>\n<p>&nbsp;<\/p>\n<p><strong>A continuaci\u00f3n las palabras del abogado cubano Jos\u00e9 Pertierra en la concentraci\u00f3n solidaria con el pueblo cubano organizada por el Proyecto Puentes de Amor, en el Parque Lafayette, frente a La Casa Blanca, este domingo 25 de julio de 2021.<\/strong><\/p>\n<p>Gracias por estar aqu\u00ed con\u00a0<a href=\"http:\/\/www.cubadebate.cu\/noticias\/2020\/08\/05\/carlos-lazo-y-cubanos-residentes-en-ee-uu-llegan-a-la-casa-blanca-para-exigir-el-fin-del-bloqueo\/\">Carlos (Lazo)<\/a>\u00a0y con nosotros. Gracias tambi\u00e9n a Code Pink, Acere y a las otras organizaciones que montaron este acto.<\/p>\n<p>La Casa Blanca nos est\u00e1 enviando el mensaje de que la Revoluci\u00f3n cubana est\u00e1 destruida. Que se acerca el final y que Cuba pronto tendr\u00e1 un gobierno parecido al que tiene Miami.<\/p>\n<p>Les tengo noticias. Miami y Washington han hecho predicciones del fin de la Revoluci\u00f3n desde el 1ro de enero de 1959, y la Revoluci\u00f3n sigue en pie.<\/p>\n<p>Claro que hay problemas en la isla. Ahora hay una escasez de alimentos y de medicinas. Tambi\u00e9n hubo apagones durante estos meses calientes del verano. Los cubanos est\u00e1n tratando de evitar contagiarse de la Covid que le ha dado la vuelta al mundo y el pa\u00eds ha tenido que cerrarle las fronteras a los turistas para proteger su poblaci\u00f3n. El resultado ha sido una escasez de divisas y por eso hay una escasez de alimentos y de medicinas.<\/p>\n<p><a href=\"http:\/\/localhost\/debateplural\/wp-content\/uploads\/2021\/07\/Monumento-580x330-1.jpg\"><img loading=\"lazy\" decoding=\"async\" class=\"aligncenter  wp-image-47121\" src=\"http:\/\/localhost\/debateplural\/wp-content\/uploads\/2021\/07\/Monumento-580x330-1.jpg\" alt=\"\" width=\"982\" height=\"559\" srcset=\"https:\/\/debateplural.net\/site\/wp-content\/uploads\/2021\/07\/Monumento-580x330-1.jpg 580w, https:\/\/debateplural.net\/site\/wp-content\/uploads\/2021\/07\/Monumento-580x330-1-300x171.jpg 300w\" sizes=\"(max-width: 982px) 100vw, 982px\" \/><\/a><\/p>\n<p>La mayor\u00eda de los cubanos saben que el regimen de Trump ha convertido la pandemia en arma de guerra contra Cuba. Por eso los Estados Unidos apretaron las tuercas del bloqueo con 243 sanciones nuevas durante los \u00faltimos cuatro a\u00f1os. A pesar del bloqueo y de la situaci\u00f3n econ\u00f3mica del pa\u00eds, unos cient\u00edficos cubanos brillantes produjeron dos vacunas contra la covid: Soberana y Abdala. Hay otras en desarrollo. El \u00fanico pa\u00eds en Am\u00e9rica Latina que produjo su propia vacuna.<\/p>\n<p>Aqu\u00ed en Washington se habla del \u201cbig lie\u201d, la gran mentira, en relaci\u00f3n con la propaganda trumpista sobre los resultados de la elecci\u00f3n presidencial de noviembre del a\u00f1o pasado. Un corresponsal de Reuters coment\u00f3 con iron\u00eda recientemente que ahora Joe Biden est\u00e1 regando la gran mentira de que Cuba es un pa\u00eds fallido para apaciguar a los cubanos de Miami (y eso que tenemos atr\u00e1s de nosotros grit\u00e1ndonos e insult\u00e1ndonos), quienes se han tragado la gran mentira de que Biden no es el presidente leg\u00edtimo de los Estados Unidos.<\/p>\n<p>Es ilegal e inmoral utilizar el hambre y las enfermedades como armas de pol\u00edtica exterior. Presidente Biden, usted dice ser diferente y m\u00e1s humano que Trump. Sin embargo, ha mantenido las 243 sanciones que Trump le impuso a Cuba para apretarle las tuercas al bloqueo. Usted, presidente Biden, parece ser un Trump-lite y no el vice-presidente que fue.<\/p>\n<p>Biden, usted no puede y no debe entregarle el timonel de la pol\u00edtica exterior de su pa\u00eds a los politiqueros mayamenses. Usted, Se\u00f1or Presidente, es el presidente de los Estados Unidos. No Marco Rubio. No Mar\u00eda Elvira Salazar. No el pinche senador de New Jersey con sus esc\u00e1ndalos y esqueletos en un closet. Usted gan\u00f3 la Casa Blanca. Ellos no.<\/p>\n<div id=\"attachment_1587597\" class=\"wp-caption aligncenter size-large wp-image-1587597\">\n<p class=\"wp-caption-text\">El abogado, Jos\u00e9 Pertierra, fue uno de los oradores de la manifestaci\u00f3n. Foto La Jornada<\/p>\n<\/div>\n<p>Ojal\u00e1 que no est\u00e9\u00a0<a href=\"http:\/\/www.cubadebate.cu\/noticias\/2021\/07\/15\/el-discurso-del-odio-alcalde-de-miami-pide-bombardear-cuba\/\">escuchando al alcalde de Miami<\/a>, a sus seguidores y a esos gritones que tengo detr\u00e1s de m\u00ed gritando \u201cIntervenci\u00f3n, Intervenci\u00f3n, Intervenci\u00f3n\u201d. Que no le haga caso a los que le piden que bombardee a nuestras familias en Cuba.\u00a0<strong>Si un hay c\u00edrculo m\u00e1s en el infierno de Dante est\u00e1 reservado para los cubanoestadounidenses que le piden una intervenci\u00f3n militar al gobierno de Estados Unidos para masacrar a sus familiares en Cuba.<\/strong><\/p>\n<p><strong>Si usted cree que la Revoluci\u00f3n se cae con unas cuantas bombas, entonces no conoce a Cuba.<\/strong><\/p>\n<p>El bloqueo, sus sanciones y las amenazas de intervenci\u00f3n militar, incluso un bombardeo a\u00e9reo no lograr\u00e1n que el pueblo de Cuba se rebele. Servir\u00e1n solamente para unir al pueblo contra el pa\u00eds que est\u00e1 tratando de asfixiarlo.<\/p>\n<p><strong>Presidente Biden: si, como nos has dicho, usted est\u00e1 defendiendo al pueblo de Cuba, quite su rodilla de nuestros cuellos. Deje que Cuba respire. Deje que Cuba viva. Let Cuba Live.<\/strong><\/p>\n<p>Y si usted lanza un ataque militar masivo que mate a los 12 millones de cubanos en la isla, entonces escuchar\u00e1 los versos de nuestro poeta\u00a0<a href=\"http:\/\/www.cubadebate.cu\/fotorreportajes\/2021\/03\/03\/mi-bandera\/\">Bonifacio Byrne<\/a>\u00a0quien el 5 de mayo de 1899 dijo:<\/p>\n<p><em>Si deshecha en menudos pedazos<\/em><br \/>\n<em>llega a ser mi bandera alg\u00fan d\u00eda&#8230;<\/em><br \/>\n<em>\u00a1nuestros muertos, alzando los brazos,<\/em><br \/>\n<em>la sabr\u00e1n defender todav\u00eda&#8230;!<\/em><\/p>\n<p>\u00a1Que Viva Cuba, co\u00f1o!<\/p>\n","protected":false},"excerpt":{"rendered":"<p>Jos\u00e9 Pertierra (Cubadebate, 25-7-21) &nbsp; A continuaci\u00f3n las palabras del abogado cubano Jos\u00e9 Pertierra en la concentraci\u00f3n solidaria con el pueblo cubano organizada por el Proyecto Puentes de Amor, en el Parque Lafayette, frente a La Casa Blanca, este domingo 25 de julio de 2021. Gracias por estar aqu\u00ed con\u00a0Carlos (Lazo)\u00a0y con nosotros. Gracias tambi\u00e9n [&hellip;]<\/p>\n","protected":false},"author":1,"featured_media":10119,"comment_status":"open","ping_status":"open","sticky":false,"template":"","format":"standard","meta":{"footnotes":""},"categories":[14,12],"tags":[],"class_list":["post-47248","post","type-post","status-publish","format-standard","has-post-thumbnail","hentry","category-internacionales","category-politica-3"],"_links":{"self":[{"href":"https:\/\/debateplural.net\/site\/wp-json\/wp\/v2\/posts\/47248"}],"collection":[{"href":"https:\/\/debateplural.net\/site\/wp-json\/wp\/v2\/posts"}],"about":[{"href":"https:\/\/debateplural.net\/site\/wp-json\/wp\/v2\/types\/post"}],"author":[{"embeddable":true,"href":"https:\/\/debateplural.net\/site\/wp-json\/wp\/v2\/users\/1"}],"replies":[{"embeddable":true,"href":"https:\/\/debateplural.net\/site\/wp-json\/wp\/v2\/comments?post=47248"}],"version-history":[{"count":1,"href":"https:\/\/debateplural.net\/site\/wp-json\/wp\/v2\/posts\/47248\/revisions"}],"predecessor-version":[{"id":47249,"href":"https:\/\/debateplural.net\/site\/wp-json\/wp\/v2\/posts\/47248\/revisions\/47249"}],"wp:featuredmedia":[{"embeddable":true,"href":"https:\/\/debateplural.net\/site\/wp-json\/wp\/v2\/media\/10119"}],"wp:attachment":[{"href":"https:\/\/debateplural.net\/site\/wp-json\/wp\/v2\/media?parent=47248"}],"wp:term":[{"taxonomy":"category","embeddable":true,"href":"https:\/\/debateplural.net\/site\/wp-json\/wp\/v2\/categories?post=47248"},{"taxonomy":"post_tag","embeddable":true,"href":"https:\/\/debateplural.net\/site\/wp-json\/wp\/v2\/tags?post=47248"}],"curies":[{"name":"wp","href":"https:\/\/api.w.org\/{rel}","templated":true}]}}