{"id":47323,"date":"2021-07-29T15:10:49","date_gmt":"2021-07-29T19:10:49","guid":{"rendered":"https:\/\/debateplural.com\/inicio\/?p=47323"},"modified":"2021-07-29T15:10:49","modified_gmt":"2021-07-29T19:10:49","slug":"el-presidente-de-tunez-frena-al-islamismo-politico","status":"publish","type":"post","link":"https:\/\/debateplural.net\/site\/2021\/07\/29\/el-presidente-de-tunez-frena-al-islamismo-politico\/","title":{"rendered":"El presidente de T\u00fanez frena al islamismo pol\u00edtico"},"content":{"rendered":"<div>Luis Rivas (Sputnik, 28-7-21)<\/div>\n<div><\/div>\n<div class=\"article__header\">\n<div><\/div>\n<div class=\"article__announce-text\">El \"golpe constitucional\" del presidente de T\u00fanez, Kais Sayed, hace temblar a los islamistas y a los beneficiados de la corrupci\u00f3n sistem\u00e1tica desde la 'Revoluci\u00f3n de Jazm\u00edn' de 2011, mientras el pa\u00eds vive una crisis econ\u00f3mica y sanitaria dram\u00e1tica.<\/div>\n<div><\/div>\n<\/div>\n<div class=\"article__body\">\n<div class=\"article__block\" data-type=\"text\">\n<div class=\"article__text\">En T\u00fanez solo los islamistas del partido Ennahda y sus aliados minoritarios siguen debatiendo sobre la legitimidad de\u00a0<a href=\"https:\/\/mundo.sputniknews.com\/20210726\/el-presidente-tunecino-despide-al-primer-ministro-y-paraliza-el-parlamento-tras-protestas-1114476317.html\" target=\"_blank\" rel=\"noopener\">la decisi\u00f3n del presidente Sayed<\/a>\u00a0de aplicar el art\u00edculo 80 de la Constituci\u00f3n, para destituir al Gobierno, clausurar la Asamblea durante 30 d\u00edas y levantar la inmunidad a los parlamentarios que son objeto de investigaci\u00f3n judicial.<\/div>\n<\/div>\n<div class=\"article__block\" data-type=\"text\">\n<div class=\"article__text\">Apenas 48 horas despu\u00e9s de la medida, anunciada el domingo 25 de julio por el jefe del Estado, la calma vuelve a las calles de las principales ciudades tunecinas, tras las primeras protestas de los partidarios del islamismo pol\u00edtico, que sienten c\u00f3mo el control que ejerc\u00edan en el Bardo (Asamblea) y en otras administraciones estatales se va al garete.<\/div>\n<\/div>\n<div class=\"article__block\" data-type=\"text\">\n<div><\/div>\n<div class=\"article__text\">El toque de queda de las 19.00 a las 06.00 de la ma\u00f1ana, en\u00a0<a href=\"https:\/\/mundo.sputniknews.com\/20210716\/espana-envia-ayuda-humanitaria-a-tunez-para-luchar-contra-la-pandemia--fotos-1114165526.html\" target=\"_blank\" rel=\"noopener\">el pa\u00eds \u00e1rabe m\u00e1s golpeado por el COVID-19<\/a>, ayuda a frenar las posibles protestas callejeras, pero los islamistas parecen haber decidido, de momento, no soliviantar a sus partidarios, a la espera de acontecimientos y futuras decisiones de Sayed.<\/div>\n<\/div>\n<div class=\"article__block\" data-type=\"h2\">\n<h4 class=\"article__h2\">Apoyo de la izquierda, laicos y sindicatos<\/h4>\n<\/div>\n<div class=\"article__block\" data-type=\"text\">\n<div class=\"article__text\">En todo caso, la medida adoptada por el presidente empieza a recibir el respaldo de las fuerzas laicas y del potente sindicato UGTT (Uni\u00f3n General Tunecina del Trabajo). Las fuerzas pol\u00edticas y sindicales que no condenan el \"golpe\", dejan claro, eso s\u00ed, que su postura no debe interpretarse como un cheque en blanco a Kais Sayed. El sindicalista de izquierda, Abid Briki, declaraba a la emisora de radio Shems FM su apoyo a Sayed y manifestaba que \"la neutralidad ser\u00eda una traici\u00f3n\".<\/div>\n<\/div>\n<\/div>\n<div><\/div>\n<div><a href=\"http:\/\/localhost\/debateplural\/wp-content\/uploads\/2021\/07\/600x400_tunez-bandera.jpg\"><img loading=\"lazy\" decoding=\"async\" class=\"aligncenter  wp-image-47325\" src=\"http:\/\/localhost\/debateplural\/wp-content\/uploads\/2021\/07\/600x400_tunez-bandera.jpg\" alt=\"\" width=\"851\" height=\"567\" srcset=\"https:\/\/debateplural.net\/site\/wp-content\/uploads\/2021\/07\/600x400_tunez-bandera.jpg 600w, https:\/\/debateplural.net\/site\/wp-content\/uploads\/2021\/07\/600x400_tunez-bandera-300x200.jpg 300w\" sizes=\"(max-width: 851px) 100vw, 851px\" \/><\/a><\/div>\n<div><\/div>\n<div>\n<div class=\"article__block\" data-type=\"text\">\n<div class=\"article__text\">La principal fuerza de oposici\u00f3n en T\u00fanez y de oposici\u00f3n tambi\u00e9n a los islamistas de Ennahda, el Partido Desturiano Libre (PDL), dirigido por la diputada Abir Mussi, sin apoyar abiertamente a Sayed, no puede estar en contra de una decisi\u00f3n que frena el bloqueo parlamentario, interrumpe la infiltraci\u00f3n de los islamistas en todas las redes de la Administraci\u00f3n y abre la posibilidad de obtener la transparencia sobre los innumerables casos de corrupci\u00f3n que han marcado la vida econ\u00f3mica de T\u00fanez desde la llamada \"primavera revolucionaria\".<\/div>\n<\/div>\n<div class=\"article__block\" data-type=\"text\">\n<div class=\"article__text\">Mussi, conocida como \"la nieta de Burguiba\", por su apoyo al legado del l\u00edder de la independencia del pa\u00eds, encabeza desde hace semanas los sondeos sobre las preferencias electorales de los tunecinos.<\/div>\n<\/div>\n<div class=\"article__block\" data-type=\"h2\">\n<h4 class=\"article__h2\">Terrorismo y dosieres comprometedores<\/h4>\n<\/div>\n<div class=\"article__block\" data-type=\"text\">\n<div class=\"article__text\">La Asociaci\u00f3n de Magistrados de T\u00fanez ha aprovechado la nueva perspectiva para insistir sobre la necesidad de luchar contra \"la corrupci\u00f3n, la impunidad y el terrorismo que han bloqueado la transici\u00f3n democr\u00e1tica\". Que los excolegas de Sayed (exprofesor de derecho constitucional) apoyen la transparencia puede ser l\u00f3gica, pero es un clamor popular el ansia de conocer el destino de los millones de dinares que algunos han enviado al exterior y otros han desviado de las ayudas internacionales al interior.<\/div>\n<\/div>\n<\/div>\n<div><\/div>\n<div>\n<div class=\"article__block\" data-type=\"text\">\n<div class=\"article__text\">El l\u00edder de Ennahda y, por el momento, depuesto presidente de la Asamblea, Rachid Gannuchi, es objeto constante de denuncias sobre su fulgurante enriquecimiento desde que volvi\u00f3 del exilio en 2011. Medios de prensa tunecinos hablan de una acumulaci\u00f3n de riqueza que se cifrar\u00eda en miles de millones de d\u00f3lares. La procedencia de esos fondos ser\u00eda, tambi\u00e9n seg\u00fan informaciones sin confirmar, parte de las ayudas caritativas y de otro orden que Catar env\u00eda a organizaciones musulmanas tunecinas.<\/div>\n<\/div>\n<div class=\"article__block\" data-type=\"banner\" data-position=\"2\"><\/div>\n<div class=\"article__block\" data-type=\"text\">\n<div class=\"article__text\">Una de las medidas anunciadas por el presidente Sayed el domingo 25 iba destinada a evitar la desaparici\u00f3n de dosieres que pudieran revelar la implicaci\u00f3n de pol\u00edticos y otras personalidades del mundo econ\u00f3mico en el robo de dinero p\u00fablico y en su implicaci\u00f3n pol\u00edtica con terceros pa\u00edses. La propia ministra de Justicia ahora destituida, Hasna Ben Sliman, ha tenido que desmentir haber intentando llevarse documentos comprometedores. Para nadie es un secreto en T\u00fanez la batalla de los islamistas por infiltrar la Administraci\u00f3n de Justicia, como han hecho con otros estamentos del Estado.<\/div>\n<\/div>\n<div class=\"article__block\" data-type=\"h2\">\n<h4 class=\"article__h2\">El ej\u00e9rcito, con el presidente<\/h4>\n<\/div>\n<div class=\"article__block\" data-type=\"text\">\n<div class=\"article__text\">En las primeras horas del \"golpe\", los dirigentes de Ennahda intentaron poner al Ej\u00e9rcito de su lado. La instituci\u00f3n militar respalda la acci\u00f3n presidencial. En esos tensos momentos, una diputada islamista que pretend\u00eda ocupar el Parlamento objet\u00f3 a un militar que ella \"hab\u00eda prestado juramento para proteger la Constituci\u00f3n\". El uniformado le respondi\u00f3 que \"los militares han prestado juramento para proteger a la naci\u00f3n\".<\/div>\n<\/div>\n<\/div>\n<div><\/div>\n<div>\n<div class=\"article__block\" data-type=\"text\">\n<div class=\"article__text\">Que el islam pol\u00edtico es el primer perjudicado por la iniciativa del presidente Sayed no es ning\u00fan secreto. Ennahda es el responsable del bloqueo parlamentario, de la manipulaci\u00f3n de las instituciones en su favor y de contar con el apoyo de un gobierno dirigido por un primer ministro pelele, Hichem Mechici, que, tras ser destituido, ha cambiado de bando y dice ahora estar de acuerdo con el jefe del Estado.<\/div>\n<\/div>\n<div class=\"article__block\" data-type=\"h2\">\n<h4 class=\"article__h2\">Catar y Turqu\u00eda pierden baza<\/h4>\n<\/div>\n<div class=\"article__block\" data-type=\"text\">\n<div class=\"article__text\">A la hora de escribir estas l\u00edneas, no se conoc\u00eda a\u00fan el nombre del nuevo jefe de gobierno ni de sus principales ministros. La intenci\u00f3n del presidente Sayed, seg\u00fan algunos medios nacionales, era nombrar a un equipo t\u00e9cnico, focalizado en la recuperaci\u00f3n econ\u00f3mica, sin descuidar los ministerios \"de fuerza\", como el de Interior. Esta vez, esperan los laicos, no deber\u00e1 caer en el error de nombrar a \"submarinos\" de Ennahda, esto es, islamistas disfrazados.<\/div>\n<\/div>\n<div class=\"article__block\" data-type=\"banner\" data-position=\"3\"><\/div>\n<div class=\"article__block\" data-type=\"text\">\n<div class=\"article__text\">En el terreno diplom\u00e1tico, despu\u00e9s de unas horas de zozobra y las obligadas declaraciones de gobierno europeos preocupados por la \"pervivencia del sistema democr\u00e1tico\", hay dos pa\u00edses que temen haber perdido pie.\u00a0<a href=\"https:\/\/mundo.sputniknews.com\/20210714\/el-futuro-de-tunez-en-manos-de-catar-1114093459.html\" target=\"_blank\" rel=\"noopener\">Turqu\u00eda y Catar, principales focos financieros y pol\u00edticos de los Hermanos Musulmanes<\/a>, asisten a la zozobra de Ennahda, su ap\u00e9ndice pol\u00edtico\/religioso en T\u00fanez.<\/div>\n<\/div>\n<\/div>\n<div>\n<div class=\"article__block\" data-type=\"article\" data-article=\"main-photo\">\n<div class=\"article__article m-image\"><\/div>\n<\/div>\n<\/div>\n","protected":false},"excerpt":{"rendered":"<p>Luis Rivas (Sputnik, 28-7-21) El \"golpe constitucional\" del presidente de T\u00fanez, Kais Sayed, hace temblar a los islamistas y a los beneficiados de la corrupci\u00f3n sistem\u00e1tica desde la 'Revoluci\u00f3n de Jazm\u00edn' de 2011, mientras el pa\u00eds vive una crisis econ\u00f3mica y sanitaria dram\u00e1tica. En T\u00fanez solo los islamistas del partido Ennahda y sus aliados minoritarios [&hellip;]<\/p>\n","protected":false},"author":1,"featured_media":47324,"comment_status":"open","ping_status":"open","sticky":false,"template":"","format":"standard","meta":{"footnotes":""},"categories":[14,12],"tags":[],"class_list":["post-47323","post","type-post","status-publish","format-standard","has-post-thumbnail","hentry","category-internacionales","category-politica-3"],"_links":{"self":[{"href":"https:\/\/debateplural.net\/site\/wp-json\/wp\/v2\/posts\/47323"}],"collection":[{"href":"https:\/\/debateplural.net\/site\/wp-json\/wp\/v2\/posts"}],"about":[{"href":"https:\/\/debateplural.net\/site\/wp-json\/wp\/v2\/types\/post"}],"author":[{"embeddable":true,"href":"https:\/\/debateplural.net\/site\/wp-json\/wp\/v2\/users\/1"}],"replies":[{"embeddable":true,"href":"https:\/\/debateplural.net\/site\/wp-json\/wp\/v2\/comments?post=47323"}],"version-history":[{"count":1,"href":"https:\/\/debateplural.net\/site\/wp-json\/wp\/v2\/posts\/47323\/revisions"}],"predecessor-version":[{"id":47326,"href":"https:\/\/debateplural.net\/site\/wp-json\/wp\/v2\/posts\/47323\/revisions\/47326"}],"wp:featuredmedia":[{"embeddable":true,"href":"https:\/\/debateplural.net\/site\/wp-json\/wp\/v2\/media\/47324"}],"wp:attachment":[{"href":"https:\/\/debateplural.net\/site\/wp-json\/wp\/v2\/media?parent=47323"}],"wp:term":[{"taxonomy":"category","embeddable":true,"href":"https:\/\/debateplural.net\/site\/wp-json\/wp\/v2\/categories?post=47323"},{"taxonomy":"post_tag","embeddable":true,"href":"https:\/\/debateplural.net\/site\/wp-json\/wp\/v2\/tags?post=47323"}],"curies":[{"name":"wp","href":"https:\/\/api.w.org\/{rel}","templated":true}]}}