{"id":47359,"date":"2021-07-31T09:43:00","date_gmt":"2021-07-31T13:43:00","guid":{"rendered":"http:\/\/debateplural.com\/inicio\/?p=47359"},"modified":"2021-07-31T09:43:00","modified_gmt":"2021-07-31T13:43:00","slug":"juicio-ordinario-a-los-golpistas","status":"publish","type":"post","link":"https:\/\/debateplural.net\/site\/2021\/07\/31\/juicio-ordinario-a-los-golpistas\/","title":{"rendered":"Juicio ordinario a los golpistas"},"content":{"rendered":"<p>Galo Amusquivar (Sin Permiso, 31-7-21)<\/p>\n<p>&nbsp;<\/p>\n<p>El 10 de noviembre de 2019, Evo Morales y \u00c1lvaro Garc\u00eda Linera, anuncian en una conferencia grababa, la renuncia a los cargos de Presidente y Vicepresidente del Estado Plurinacional de Bolivia, en aquel momento ya se hab\u00eda quebrado el mando militar y policial, se dej\u00f3 la sede de gobierno y el centro del poder pol\u00edtico, la Plaza Murillo; las organizaciones se atrincheraron en la ciudad de El Alto, se gener\u00f3 un vac\u00edo de poder de 2 d\u00edas que h\u00e1bilmente A\u00f1ez y su sequito se autoconvocan y sesionan sin el quorum correspondiente, infringiendo el Reglamento de la C\u00e1mara de Senadores; la golpista se autoproclama Presidenta del Estado; posteriormente a esta escena catastr\u00f3fica, el Palacio es asaltado y un militar le coloca la banda presidencial. Un asalto fascista sin ninguna candidatura, ni legitimidad y menos legalidad.<\/p>\n<p>A esto se tiene que sumar un factor importante, el enorme vac\u00edo jur\u00eddico y las ilegalidades de los actos de los golpistas, ya que al renunciar el Presidente, el Vicepresidente y los Presidentes de la C\u00e1mara de Senadores y Diputados, la Constituci\u00f3n no se\u00f1ala qui\u00e9n deber\u00eda asumir la Presidencia; de algo estoy seguro, es que el a\u00f1o 2019, debi\u00f3 existir un acta de juramento y la posesi\u00f3n en la Asamblea Legislativa, lo cual nunca sucedi\u00f3.<\/p>\n<p>Para cubrir estos vac\u00edos de jur\u00eddicos y de poder, se ten\u00eda que convocar a Sesi\u00f3n Extraordinaria a los Asamble\u00edstas, recomponer las Presidencias de las C\u00e1maras y las Comisiones correspondientes; aceptar las renuncias de los Senadores, Diputados y restablecer la organizaci\u00f3n interna, posteriormente aceptar las renuncias de Evo Morales y \u00c1lvaro Garc\u00eda Linera; sin embargo, despu\u00e9s de que A\u00f1ez toma el poder, los asamble\u00edstas logran ingresar a la Plaza Murillo, se reorganizan tard\u00edamente y cuando se necesitaba una censura p\u00fablica y la conformaci\u00f3n de una comisi\u00f3n especial que investigue el golpe de Estado, se acomodaron a la situaci\u00f3n actual y con una enorme decepci\u00f3n volvieron a su rutina, sin ning\u00fan medio de fiscalizaci\u00f3n.<\/p>\n<p>El 12 de noviembre de 2019, la Asamblea Legislativa Plurinacional, recepciona la renuncia de Evo Morales y \u00c1lvaro Garc\u00eda Linera, pero la recepci\u00f3n no es sin\u00f3nimo de aceptaci\u00f3n, por lo que, al no realizarse el tratamiento correspondiente, conforme a Derecho Administrativo, Evo Morales y \u00c1lvaro Garc\u00eda Linera, segu\u00edan ejerciendo los cargos de Presidente y Vicepresidente del Estado, por m\u00e1s all\u00e1 que hayan abandonado la sede de gobierno y posteriormente el pa\u00eds.<\/p>\n<p><a href=\"http:\/\/localhost\/debateplural\/wp-content\/uploads\/2021\/06\/anez-bolivia.jpg\"><img loading=\"lazy\" decoding=\"async\" class=\"aligncenter  wp-image-46727\" src=\"http:\/\/localhost\/debateplural\/wp-content\/uploads\/2021\/06\/anez-bolivia.jpg\" alt=\"\" width=\"920\" height=\"517\" srcset=\"https:\/\/debateplural.net\/site\/wp-content\/uploads\/2021\/06\/anez-bolivia.jpg 580w, https:\/\/debateplural.net\/site\/wp-content\/uploads\/2021\/06\/anez-bolivia-300x169.jpg 300w\" sizes=\"(max-width: 920px) 100vw, 920px\" \/><\/a><\/p>\n<p>El 21 de enero de 2020, la Asamblea Legislativa Plurinacional, acepta ambas renuncias, enmarcados en el numeral 3 del Art\u00edculo 161 de la Constituci\u00f3n Pol\u00edtica del Estado, que establece que las c\u00e1maras se reunir\u00e1n para ejercer entre sus funciones la de admitir o negar la renuncia de la Presidenta o Presidente del Estado, y de la Vicepresidenta o Vicepresidente del Estado. Pasaron 72 d\u00edas para la aceptaci\u00f3n de las renuncias, por lo que habr\u00eda que preguntarse, qu\u00e9 paso en esos dos meses y un poco m\u00e1s de ilegalidad y usurpaci\u00f3n del poder. Eso s\u00ed, A\u00f1ez no era la Presidenta Constitucional, hubo autoposesi\u00f3n y autoproclamaci\u00f3n, su mandato fue irregular, usurp\u00f3 funciones de un cargo al que no le correspond\u00eda, FUE GOLPE. A\u00f1ez era Senadora, por lo que todo acto administrativo, carece de legalidad y este mensaje va dirigido a quienes a\u00fan intentan a toda costa, llevar acabo un Juicio de Responsabilidades contra A\u00f1ez, negociando sobre la trayectoria y la lucha pol\u00edtica de nuestros compa\u00f1eros y camaradas del MAS-IPSP. Se\u00f1ores, impulsen un Juicio de Responsabilidades a partir del 21 de enero de 2021, cuando Evo Morales dejo de ser nuestro Presidente legalmente. A\u00f1ez no merece ning\u00fan tratamiento especial, se la tiene que llevar a JUICIO ORDINARIO.<\/p>\n<p>Conocemos de varias renuncias de autoridades en la historia de los gobiernos neoliberales; el 6 de agosto de 2001, el dictador Hugo Banzer Suarez, present\u00f3 la renuncia de su mandato, entregando los s\u00edmbolos patrios ante el Congreso, aceptaron la renuncia y el 7 de agosto de 2001, por sucesi\u00f3n de mando, proclamaron como Presidente a Jorge \u201cTuto\u201d Quiroga; el 17 de octubre de 2003, Gonzalo S\u00e1nchez de Lozada, present\u00f3 su renuncia al Congreso Nacional, esa misma noche aceptaron la renuncia y tomaron juramento de posesi\u00f3n a Carlos D. Mesa; el a\u00f1o 2005, ante la renuncia de Carlos D. Mesa, Hormando Vaca Diez y Mario Coss\u00edo, asume la Presidencia del Estado, el Ex \u2013 Presidente de la Corte Suprema de Justicia, Eduardo Rodr\u00edguez Veltz\u00e9.<\/p>\n<p>Todos los actos que cometieron los golpistas y en especial A\u00f1ez, infringieron el Reglamento de la C\u00e1mara de Senadores y Diputados; y la Constituci\u00f3n Pol\u00edtica del Estado. No podemos tratar a A\u00f1ez con privilegios, intentando llevarla a un juicio de responsabilidades, no hay donde perderse, se la tiene que llevar a un Juicio Ordinario y dejen de negociar en la Asamblea Legislativa a costa de nuestros compa\u00f1eros comprometidos con el Proceso de Cambio, no vamos a permitir un reconocimiento trucho y fraudulento de una Presidenta Golpista y Autoproclamada.<\/p>\n","protected":false},"excerpt":{"rendered":"<p>Galo Amusquivar (Sin Permiso, 31-7-21) &nbsp; El 10 de noviembre de 2019, Evo Morales y \u00c1lvaro Garc\u00eda Linera, anuncian en una conferencia grababa, la renuncia a los cargos de Presidente y Vicepresidente del Estado Plurinacional de Bolivia, en aquel momento ya se hab\u00eda quebrado el mando militar y policial, se dej\u00f3 la sede de gobierno [&hellip;]<\/p>\n","protected":false},"author":1,"featured_media":43275,"comment_status":"open","ping_status":"open","sticky":false,"template":"","format":"standard","meta":{"footnotes":""},"categories":[14,12],"tags":[],"class_list":["post-47359","post","type-post","status-publish","format-standard","has-post-thumbnail","hentry","category-internacionales","category-politica-3"],"_links":{"self":[{"href":"https:\/\/debateplural.net\/site\/wp-json\/wp\/v2\/posts\/47359"}],"collection":[{"href":"https:\/\/debateplural.net\/site\/wp-json\/wp\/v2\/posts"}],"about":[{"href":"https:\/\/debateplural.net\/site\/wp-json\/wp\/v2\/types\/post"}],"author":[{"embeddable":true,"href":"https:\/\/debateplural.net\/site\/wp-json\/wp\/v2\/users\/1"}],"replies":[{"embeddable":true,"href":"https:\/\/debateplural.net\/site\/wp-json\/wp\/v2\/comments?post=47359"}],"version-history":[{"count":1,"href":"https:\/\/debateplural.net\/site\/wp-json\/wp\/v2\/posts\/47359\/revisions"}],"predecessor-version":[{"id":47360,"href":"https:\/\/debateplural.net\/site\/wp-json\/wp\/v2\/posts\/47359\/revisions\/47360"}],"wp:featuredmedia":[{"embeddable":true,"href":"https:\/\/debateplural.net\/site\/wp-json\/wp\/v2\/media\/43275"}],"wp:attachment":[{"href":"https:\/\/debateplural.net\/site\/wp-json\/wp\/v2\/media?parent=47359"}],"wp:term":[{"taxonomy":"category","embeddable":true,"href":"https:\/\/debateplural.net\/site\/wp-json\/wp\/v2\/categories?post=47359"},{"taxonomy":"post_tag","embeddable":true,"href":"https:\/\/debateplural.net\/site\/wp-json\/wp\/v2\/tags?post=47359"}],"curies":[{"name":"wp","href":"https:\/\/api.w.org\/{rel}","templated":true}]}}