{"id":47384,"date":"2021-08-02T12:17:37","date_gmt":"2021-08-02T16:17:37","guid":{"rendered":"https:\/\/debateplural.com\/inicio\/?p=47384"},"modified":"2021-08-02T12:17:37","modified_gmt":"2021-08-02T16:17:37","slug":"brasil-contra-bolsonaro","status":"publish","type":"post","link":"https:\/\/debateplural.net\/site\/2021\/08\/02\/brasil-contra-bolsonaro\/","title":{"rendered":"Brasil contra Bolsonaro"},"content":{"rendered":"<p>Emir Sader (Pagina 12, 2-8-21)<\/p>\n<p>&nbsp;<\/p>\n<p>Las nuevas manifestaciones contra Bolsonaro, en varios cientos de miles de ciudades, que re\u00fanen a millones de personas, confirman que Brasil est\u00e1 unido contra Bolsonaro. El aislamiento del gobierno est\u00e1 aumentando, Bolsonaro tiene un n\u00famero cada vez menor de adherentes.<\/p>\n<p>Bolsonaro tiene todav\u00eda el apoyo de sectores determinados: de los militares, para quienes el absurdo discurso es que habr\u00eda un complot para llevar a Lula a la presidencia y que su papel ser\u00eda evitarlo; de las grandes empresas, tanto exportadores de soja como banqueros privados y grandes comerciantes, para quienes ofrece la desarticulaci\u00f3n del Estado y la privatizaci\u00f3n de los activos p\u00fablicos; de los que se enriquecen con la exportaci\u00f3n de productos primarios, el mercado de lujo y las privatizaciones; de la polic\u00eda, con la que cuenta como fuerza represiva y podr\u00eda participar en alguna aventura golpista que, como los militares, recibe una gran cantidad de privilegios; y de sectores minoritarios de evang\u00e9licos.<\/p>\n<p>Pero, por otro lado, tiene a la gran mayor\u00eda de la poblaci\u00f3n en su contra. Los que viven de su trabajo, han perdido el empleo, trabajan sin carnet de trabajo, con total precariedad, sin saber si tendr\u00e1n ingresos el mes siguiente, para comer, para pagar el alquiler, para comprar medicinas, para pagar el transporte. La gran mayor\u00eda de los brasile\u00f1os, que rechazan rotundamente a Bolsonaro, son v\u00edctimas privilegiadas de las pol\u00edticas neoliberales de Paulo Guedes.<\/p>\n<p>Los j\u00f3venes, que ven su futuro bloqueado por una pol\u00edtica que ataca universidades, escuelas p\u00fablicas, recorta recursos, ataca a maestros, reduce dr\u00e1sticamente el n\u00famero de estudiantes matriculados en escuelas p\u00fablicas y en programas de democratizaci\u00f3n educativa, sienten que es un gobierno que act\u00faa contra la ciencia, contra el conocimiento.<\/p>\n<p><a href=\"http:\/\/localhost\/debateplural\/wp-content\/uploads\/2020\/06\/bolsonaro-mascarilla-580x374-1.jpg\"><img loading=\"lazy\" decoding=\"async\" class=\"aligncenter  wp-image-40997\" src=\"http:\/\/localhost\/debateplural\/wp-content\/uploads\/2020\/06\/bolsonaro-mascarilla-580x374-1.jpg\" alt=\"\" width=\"912\" height=\"588\" srcset=\"https:\/\/debateplural.net\/site\/wp-content\/uploads\/2020\/06\/bolsonaro-mascarilla-580x374-1.jpg 580w, https:\/\/debateplural.net\/site\/wp-content\/uploads\/2020\/06\/bolsonaro-mascarilla-580x374-1-300x193.jpg 300w\" sizes=\"(max-width: 912px) 100vw, 912px\" \/><\/a><\/p>\n<p>Las mujeres son las que m\u00e1s rechazan a Bolsonaro, que las ataca sistem\u00e1ticamente, lo que atenta contra los derechos conquistados. Las mujeres, que se dan cuenta de que el estilo, el discurso y el comportamiento de Bolsonaro son extremadamente machistas.<\/p>\n<p>Los negros son discriminados y reprimidos violentamente por el gobierno de Bolsonaro, al darse cuenta de los enormes retrocesos a sus derechos en ese gobierno. Los personajes, los s\u00edmbolos de los movimientos negros son degradados y discriminados incluso por quienes deben cuidarlos en el gobierno.<\/p>\n<p>Juntos, trabajadores, mujeres, j\u00f3venes, negros, constituyen la abrumadora mayor\u00eda de la poblaci\u00f3n, que rechaza rotundamente a Bolsonaro.<\/p>\n<p>Adem\u00e1s, los profesores, los estudiantes, todos los que valoran la educaci\u00f3n, son odiados y odian a Bolsonaro. Todos los que valoran los servicios p\u00fablicos rechazan brutalmente a Bolsonaro, que solo toma recursos y ataca los servicios p\u00fablicos.<\/p>\n<p>Todos los que valoran la soberan\u00eda brasile\u00f1a, los que valoran la buena imagen de Brasil en el mundo, las buenas relaciones con los pa\u00edses vecinos, los que saben cu\u00e1nta solidaridad con los m\u00e1s necesitados es fundamental, todos los que rechazan la rudeza, la agresi\u00f3n, la falta de respeto a los dem\u00e1s, especialmente para quienes piensan diferente, que es una condici\u00f3n fundamental de la democracia: se oponen a Bolsonaro. Saben que nunca podr\u00eda haber sido elegido presidente de Brasil si no fuera por el golpe de Estado que derroc\u00f3 ilegalmente a Dilma, impidiendo ilegalmente que Lula fuera candidato a ganar las elecciones.<\/p>\n<p>La gran mayor\u00eda de los brasile\u00f1os est\u00e1 ahora en contra de Bolsonaro, queriendo su ca\u00edda, prefiriendo a Lula como presidente. Se est\u00e1 movilizando cada vez m\u00e1s a pesar de la pandemia, para expresar su rechazo a Bolsonaro.<\/p>\n<p>Brasil est\u00e1 actualmente en contra de Bolsonaro. Busca la manera de derrotarlo, sacarlo del gobierno, demandarlo y hacerle pagar los males que le ha hecho y le sigue haciendo al pa\u00eds. Por las vidas innecesariamente perdidas. Por la corrupci\u00f3n de \u00e9l y de sus hijos. Por el desastre econ\u00f3mico y social del pa\u00eds. Por la degradaci\u00f3n de la pol\u00edtica y el papel de la presidencia. Por la desmoralizaci\u00f3n de la ciencia, las vacunas, el SUS, el personal de salud p\u00fablica. Por la imagen vergonzosa que da del pa\u00eds en el mundo.<\/p>\n<p>Tarde o temprano, Bolsonaro ser\u00e1 derrotado, destituido de la presidencia, procesado y condenado, para pagar por todo lo que hizo mal y no hizo de manera ordinaria. Se har\u00e1 justicia, el peor gobierno de la historia de Brasil no quedar\u00e1 impune, para que Brasil y los brasile\u00f1os vuelvan a ser felices.<\/p>\n","protected":false},"excerpt":{"rendered":"<p>Emir Sader (Pagina 12, 2-8-21) &nbsp; Las nuevas manifestaciones contra Bolsonaro, en varios cientos de miles de ciudades, que re\u00fanen a millones de personas, confirman que Brasil est\u00e1 unido contra Bolsonaro. El aislamiento del gobierno est\u00e1 aumentando, Bolsonaro tiene un n\u00famero cada vez menor de adherentes. Bolsonaro tiene todav\u00eda el apoyo de sectores determinados: de [&hellip;]<\/p>\n","protected":false},"author":1,"featured_media":43384,"comment_status":"open","ping_status":"open","sticky":false,"template":"","format":"standard","meta":{"footnotes":""},"categories":[14,12],"tags":[],"class_list":["post-47384","post","type-post","status-publish","format-standard","has-post-thumbnail","hentry","category-internacionales","category-politica-3"],"_links":{"self":[{"href":"https:\/\/debateplural.net\/site\/wp-json\/wp\/v2\/posts\/47384"}],"collection":[{"href":"https:\/\/debateplural.net\/site\/wp-json\/wp\/v2\/posts"}],"about":[{"href":"https:\/\/debateplural.net\/site\/wp-json\/wp\/v2\/types\/post"}],"author":[{"embeddable":true,"href":"https:\/\/debateplural.net\/site\/wp-json\/wp\/v2\/users\/1"}],"replies":[{"embeddable":true,"href":"https:\/\/debateplural.net\/site\/wp-json\/wp\/v2\/comments?post=47384"}],"version-history":[{"count":1,"href":"https:\/\/debateplural.net\/site\/wp-json\/wp\/v2\/posts\/47384\/revisions"}],"predecessor-version":[{"id":47385,"href":"https:\/\/debateplural.net\/site\/wp-json\/wp\/v2\/posts\/47384\/revisions\/47385"}],"wp:featuredmedia":[{"embeddable":true,"href":"https:\/\/debateplural.net\/site\/wp-json\/wp\/v2\/media\/43384"}],"wp:attachment":[{"href":"https:\/\/debateplural.net\/site\/wp-json\/wp\/v2\/media?parent=47384"}],"wp:term":[{"taxonomy":"category","embeddable":true,"href":"https:\/\/debateplural.net\/site\/wp-json\/wp\/v2\/categories?post=47384"},{"taxonomy":"post_tag","embeddable":true,"href":"https:\/\/debateplural.net\/site\/wp-json\/wp\/v2\/tags?post=47384"}],"curies":[{"name":"wp","href":"https:\/\/api.w.org\/{rel}","templated":true}]}}