{"id":47419,"date":"2021-08-04T11:43:45","date_gmt":"2021-08-04T15:43:45","guid":{"rendered":"https:\/\/debateplural.com\/inicio\/?p=47419"},"modified":"2021-08-04T11:43:45","modified_gmt":"2021-08-04T15:43:45","slug":"balance-y-ensenanzas-de-las-protestas-del-11j","status":"publish","type":"post","link":"https:\/\/debateplural.net\/site\/2021\/08\/04\/balance-y-ensenanzas-de-las-protestas-del-11j\/","title":{"rendered":"Balance y ense\u00f1anzas de las protestas del 11J"},"content":{"rendered":"<p>Luismi Uharte (Rebelion, 4-8-21)<\/p>\n<p>&nbsp;<\/p>\n<p>Las protestas que Cuba vivi\u00f3 el pasado 11 de julio, adem\u00e1s de conmocionar al pa\u00eds y sorprender a la opini\u00f3n p\u00fablica internacional, se pueden interpretar como una se\u00f1al m\u00e1s del nuevo tiempo hist\u00f3rico que poco a poco se va abriendo en la isla.<\/p>\n<p><strong>Los hechos y sus interpretaciones<\/strong>. En primer lugar, el hecho de que se produjeran protestas, de manera casi simult\u00e1nea, en puntos extremos del pa\u00eds (San Antonio de los Ba\u00f1os en occidente y Palma Soriano en el oriente), a casi 900 kil\u00f3metros de distancia, evidencia que estas respond\u00edan a una planificaci\u00f3n previa. Por tanto, no estamos ante un fen\u00f3meno de estallido social espont\u00e1neo. Mucho menos a\u00fan, si tenemos en cuenta la habilidad con la que se manejaron las redes sociales, para que las protestas se propagaran por diferentes provincias.<\/p>\n<p>La dimensi\u00f3n que tomaron las protestas fue de tal intensidad que el gobierno cubano decidi\u00f3 afrontarlas de una forma similar a la respuesta que se dio en 1994, cuando Fidel Castro sali\u00f3 a la calle a enfrentar los disturbios durante la crisis de los balseros. En esta ocasi\u00f3n, el presidente Miguel D\u00edaz Canel, emulando a Fidel, fue a poner el cuerpo en las calles de San Antonio de los Ba\u00f1os, origen de las protestas, adem\u00e1s de hacer un llamamiento a las y los revolucionarios para salir a la calle a enfrentarse a la contrarrevoluci\u00f3n.<\/p>\n<p>Sin embargo, la alocuci\u00f3n presidencial dio pistas para interpretar que las protestas iban m\u00e1s all\u00e1 del evidente plan del imperialismo para desestabilizar el pa\u00eds, ya que el mandatario cubano, adem\u00e1s de denunciar dicho plan, reconoci\u00f3 que en las movilizaciones tambi\u00e9n hab\u00eda \u201crevolucionarios confundidos\u201d y \u201chabitantes con determinadas preocupaciones\u201d sociales.<\/p>\n<p>Diversos analistas del espectro ideol\u00f3gico revolucionario reconocen que la composici\u00f3n social e ideol\u00f3gica de los que se movilizaron el 11 de julio es muy diversa. De hecho, una parte sustancial de los que participaron en las protestas no responden directamente a las directrices de la contrarrevoluci\u00f3n. Su salida a la calle estuvo relacionada con reclamos de mejoras sociales debido a la grave situaci\u00f3n que vive el pa\u00eds. En cuanto a su composici\u00f3n, destacan dos tipos de perfiles: habitantes de barrios vulnerables y j\u00f3venes.<\/p>\n<p><a href=\"http:\/\/localhost\/debateplural\/wp-content\/uploads\/2021\/07\/imagen.jpg\"><img loading=\"lazy\" decoding=\"async\" class=\"aligncenter  wp-image-46984\" src=\"http:\/\/localhost\/debateplural\/wp-content\/uploads\/2021\/07\/imagen.jpg\" alt=\"\" width=\"961\" height=\"626\" srcset=\"https:\/\/debateplural.net\/site\/wp-content\/uploads\/2021\/07\/imagen.jpg 600w, https:\/\/debateplural.net\/site\/wp-content\/uploads\/2021\/07\/imagen-300x196.jpg 300w\" sizes=\"(max-width: 961px) 100vw, 961px\" \/><\/a><\/p>\n<p><strong>Las razones<\/strong>. Los objetivos de los que dise\u00f1aron las protestas son obvios, por lo que nos interesa reflexionar en torno a las razones objetivas y subjetivas que hicieron posible que sectores sociales diversos se echaran a la calle. Los detonantes del 11J son m\u00faltiples y su combinaci\u00f3n se convirti\u00f3 en una especie de tormenta perfecta.<\/p>\n<p>Por un lado, si a una econom\u00eda fr\u00e1gil y bloqueada como la cubana, le agregas un a\u00f1o y medio de paralizaci\u00f3n de uno de sus sectores econ\u00f3micos m\u00e1s importantes, el turismo, los efectos son devastadores. El flujo tur\u00edstico cay\u00f3 un 75% en 2020. Esto sucede en un contexto de radicalizaci\u00f3n del bloqueo de EE.UU. en los \u00faltimos 4 a\u00f1os, producto del endurecimiento por parte de Trump, que Biden adem\u00e1s no ha revertido. Un estrangulamiento que se traduce en nada menos que 243 nuevas sanciones.<\/p>\n<p>Destaca, por encima de todo, las restricciones a las remesas familiares enviadas desde EE.UU. a Cuba, otro de los pilares actuales de la econom\u00eda cubana, las cuales se han reducido dr\u00e1sticamente (una ca\u00edda de un 55% en 2020). A su vez, la activaci\u00f3n del t\u00edtulo III de la ley Helms-Burton (de 1996), amenazando a empresas de otros pa\u00edses, ha espantado la inversi\u00f3n extranjera y ha logrado casi bloquear la llegada de combustible a la isla, provocando los fuertes apagones que se est\u00e1n sufriendo en los \u00faltimos meses.<\/p>\n<p>Por otro lado, no hay que olvidar el cambio en la correlaci\u00f3n de fuerzas en el \u00e1mbito geopol\u00edtico en Am\u00e9rica Latina, ya que importantes aliados econ\u00f3micos de la primera d\u00e9cada del siglo XXI, o ya no lo son (Brasil), o est\u00e1n en grave crisis econ\u00f3mica (Venezuela). Tambi\u00e9n en clave geopol\u00edtica, los ingresos provenientes de servicios m\u00e9dicos en el exterior se han visto notablemente reducidos. En cuanto a los impactos del COVID, aunque las cifras cubanas son mejores que las del resto de pa\u00edses del entorno, la presi\u00f3n hospitalaria se ha sentido con m\u00e1s fuerza en los \u00faltimos meses. Por \u00faltimo, una d\u00e9cada despu\u00e9s del inicio de las reformas econ\u00f3micas \u2013aprobadas por consenso mayoritario-, la sensaci\u00f3n general es que se ha avanzado muy poco. Adem\u00e1s, parad\u00f3jicamente, la \u00faltima reforma (la unificaci\u00f3n cambiaria de enero de 2021) ha provocado un fuerte incremento de precios de productos de primera necesidad.<\/p>\n<p>Todas estas variables combinadas y acumuladas en el tiempo han provocado un desgaste social cada vez mayor, en una cotidianidad marcada por el desabastecimiento de alimentos, por las largas colas para acceder a productos b\u00e1sicos y para tomar el transporte p\u00fablico y, por los cortes de luz que han ido increment\u00e1ndose. En este escenario, como bien apuntaba Rafael Hern\u00e1ndez, lo extra\u00f1o era que no se hubieran producido protestas mucho antes.<\/p>\n<p><strong>Balance<\/strong>. En clave pol\u00edtico-militar, el intento de generar un escenario de desestabilizaci\u00f3n creciente por parte del imperialismo estadounidense ha fracasado moment\u00e1neamente. El Estado cubano ha demostrado m\u00fasculo suficiente para responder con rapidez y eficacia. A su vez, la mayor\u00eda de la poblaci\u00f3n ha valorado positivamente las nuevas medidas anunciadas: la entrada de alimentos, medicinas y productos de aseo sin carga aduanera y, la promesa de incrementar los salarios p\u00fablicos y ampliar la cartilla de abastecimiento de alimentos b\u00e1sicos a personas que residen fuera de sus territorios (fundamentalmente todos aquellos migrantes del oriente que pueblan los barrios vulnerables de la periferia habanera).<\/p>\n<p>En t\u00e9rminos medi\u00e1ticos, por el contrario, se ha evidenciado la extrema debilidad del gobierno cubano, sobre todo en la batalla en las redes sociales. El relato opositor se convirti\u00f3 en hegem\u00f3nico, en una espiral de fake news donde las im\u00e1genes de represi\u00f3n y movilizaciones masivas de otros pa\u00edses (Egipto, Euskal Herria\u2026) se utilizaban para retratar lo que estaba aconteciendo en la isla. El sistema de medios estatales, cada vez m\u00e1s fr\u00e1gil en su capacidad de persuasi\u00f3n, se vio rebasado por el ataque medi\u00e1tico.<\/p>\n<p><strong>Retos y ense\u00f1anzas<\/strong>. De lo ocurrido se pueden extraer una serie de ense\u00f1anzas para identificar con claridad los retos m\u00e1s importantes que tiene la Revoluci\u00f3n Cubana a corto plazo. En primer lugar, teniendo en cuenta la percepci\u00f3n social mayoritaria respecto a la lentitud de los cambios para redefinir el modelo econ\u00f3mico, se torna urgente una aceleraci\u00f3n de dichos cambios. En segundo lugar, la viabilidad de dichas transformaciones est\u00e1 vinculada, en gran medida, a una apuesta m\u00e1s firme por estrechar los lazos con sus aliados econ\u00f3micos estrat\u00e9gicos actuales (China, Rusia\u2026) y con sus potenciales europeos. En tercer lugar, siendo conscientes de que la pol\u00edtica de asfixia de Washington no va a variar a corto plazo, dichos cambios tendr\u00e1n que impulsarse en un contexto de bloqueo muy duro.<\/p>\n<p>Pero sin duda, el gran reto por antonomasia y el m\u00e1s complejo va a ser la incorporaci\u00f3n, en el nuevo proyecto de pa\u00eds, de aquellos sectores que en los \u00faltimos tiempos se sienten fuera del actual proyecto: por un lado, el sector de la poblaci\u00f3n que habita en los territorios m\u00e1s vulnerables; por otro lado, las generaciones m\u00e1s j\u00f3venes.<\/p>\n<p>Existe por tanto un reto de car\u00e1cter clasista, territorial y \u00e9tnico, ya que son los barrios m\u00e1s vulnerables y las regiones m\u00e1s perif\u00e9ricas, habitadas mayoritariamente por poblaci\u00f3n negra y mulata, las que demandan una mayor inversi\u00f3n social. La paradoja en este caso es que las reformas econ\u00f3micas aplicadas y exigidas por amplias capas de la poblaci\u00f3n, han generado paralelamente una mayor desigualdad y una estratificaci\u00f3n del consumo que deben enfrentarse con urgencia.<\/p>\n<p>La incorporaci\u00f3n de las generaciones m\u00e1s j\u00f3venes se presenta tambi\u00e9n como un reto tan dif\u00edcil como vital para el futuro del pa\u00eds. El reciente debate que Silvio Rodr\u00edguez tuvo con dos j\u00f3venes fue muy clarificador cuando el viejo trovador dijo: \u201cpara m\u00ed lo m\u00e1s doloroso fue escuchar que ellos, como generaci\u00f3n, ya no se sent\u00edan parte del proceso cubano, sino otra cosa\u201d.<\/p>\n<p>Cumplir las expectativas laborales y vitales de la juventud cubana se ha convertido, desde hace bastante tiempo, en un problema de car\u00e1cter estrat\u00e9gico. En un contexto en el que la sangr\u00eda migratoria de los que se van, buscando un futuro mejor, se combina con la frustraci\u00f3n y el descontento de los que se quedan (y que son potenciales migrantes), ofrecer una alternativa atractiva a la juventud es una tarea de primer orden.<\/p>\n<p>La \u00e9pica de la resistencia, que durante d\u00e9cadas ha garantizado la supervivencia de la Revoluci\u00f3n Cubana frente al asedio de la mayor potencia mundial y que ha convertido a Cuba en un ejemplo admirable de soberan\u00eda y antimperialismo, se va agotando conforme las nuevas generaciones van incrementando su peso demogr\u00e1fico. Los discursos tradicionales no logran la complicidad con el joven de a pie. Puede ser injusto, pero es la cruda realidad. La idea-fuerza que Ra\u00fal Castro lanz\u00f3 hace m\u00e1s de una d\u00e9cada, la de un socialismo \u201cpr\u00f3spero y sostenible\u201d, incluso puede seguir siendo v\u00e1lida, si logra hacer convincente y tangible el horizonte de prosperidad.<\/p>\n","protected":false},"excerpt":{"rendered":"<p>Luismi Uharte (Rebelion, 4-8-21) &nbsp; Las protestas que Cuba vivi\u00f3 el pasado 11 de julio, adem\u00e1s de conmocionar al pa\u00eds y sorprender a la opini\u00f3n p\u00fablica internacional, se pueden interpretar como una se\u00f1al m\u00e1s del nuevo tiempo hist\u00f3rico que poco a poco se va abriendo en la isla. Los hechos y sus interpretaciones. En primer [&hellip;]<\/p>\n","protected":false},"author":1,"featured_media":10119,"comment_status":"open","ping_status":"open","sticky":false,"template":"","format":"standard","meta":{"footnotes":""},"categories":[14,12],"tags":[],"class_list":["post-47419","post","type-post","status-publish","format-standard","has-post-thumbnail","hentry","category-internacionales","category-politica-3"],"_links":{"self":[{"href":"https:\/\/debateplural.net\/site\/wp-json\/wp\/v2\/posts\/47419"}],"collection":[{"href":"https:\/\/debateplural.net\/site\/wp-json\/wp\/v2\/posts"}],"about":[{"href":"https:\/\/debateplural.net\/site\/wp-json\/wp\/v2\/types\/post"}],"author":[{"embeddable":true,"href":"https:\/\/debateplural.net\/site\/wp-json\/wp\/v2\/users\/1"}],"replies":[{"embeddable":true,"href":"https:\/\/debateplural.net\/site\/wp-json\/wp\/v2\/comments?post=47419"}],"version-history":[{"count":1,"href":"https:\/\/debateplural.net\/site\/wp-json\/wp\/v2\/posts\/47419\/revisions"}],"predecessor-version":[{"id":47420,"href":"https:\/\/debateplural.net\/site\/wp-json\/wp\/v2\/posts\/47419\/revisions\/47420"}],"wp:featuredmedia":[{"embeddable":true,"href":"https:\/\/debateplural.net\/site\/wp-json\/wp\/v2\/media\/10119"}],"wp:attachment":[{"href":"https:\/\/debateplural.net\/site\/wp-json\/wp\/v2\/media?parent=47419"}],"wp:term":[{"taxonomy":"category","embeddable":true,"href":"https:\/\/debateplural.net\/site\/wp-json\/wp\/v2\/categories?post=47419"},{"taxonomy":"post_tag","embeddable":true,"href":"https:\/\/debateplural.net\/site\/wp-json\/wp\/v2\/tags?post=47419"}],"curies":[{"name":"wp","href":"https:\/\/api.w.org\/{rel}","templated":true}]}}