{"id":47428,"date":"2021-08-04T15:52:41","date_gmt":"2021-08-04T19:52:41","guid":{"rendered":"https:\/\/debateplural.com\/inicio\/?p=47428"},"modified":"2021-08-04T15:52:41","modified_gmt":"2021-08-04T19:52:41","slug":"peru-un-pais-donde-la-presencia-campesina-incomoda","status":"publish","type":"post","link":"https:\/\/debateplural.net\/site\/2021\/08\/04\/peru-un-pais-donde-la-presencia-campesina-incomoda\/","title":{"rendered":"Per\u00fa, un pa\u00eds donde la presencia campesina incomoda"},"content":{"rendered":"<p>Itzamn\u00e1 Ollantay (teleSur, 3-8-21)<\/p>\n<p>&nbsp;<\/p>\n<p>En 1821, la jurisdicci\u00f3n territorial del exvirreinato de Lima, fue convertida en Rep\u00fablica peruana para beneficiar material y simb\u00f3licamente a los criollos y posteriores oligarqu\u00edas del pa\u00eds. Dicho Estado republicano funcion\u00f3 como un ap\u00e9ndice de las haciendas de los gamonales.<\/p>\n<div class=\"qnewworld\"><\/div>\n<p>En la actualidad, este sistema pol\u00edtico y cultural del Estado criollo gamonal se encuentra ante una posibilidad hist\u00f3rica de ser transformado por un Gobierno campesino, tanto a nivel simb\u00f3lico como material, para responder a la realidad multicultural del pa\u00eds<\/p>\n<p><strong>\u00bfQui\u00e9nes deb\u00edan gobernar el Per\u00fa?<\/strong><\/p>\n<p>Per\u00fa fue creada y regentada para que \u201clime\u00f1os blancoides\u201d manden, y los cholos y campesinos obedezcan. Y es justamente este principio constitutivo y organizador del sistema republicano criollo del pa\u00eds que est\u00e1 siendo desafiado con la sola presencia del Campesino Pedro Castillo como presidente en el Bicentenario del Per\u00fa.<\/p>\n<p>Durante campa\u00f1a electoral 2021, la clase media (tradicional y emergente) y la gran mayor\u00eda de provincianos acumulados en Lima (buscando el \u201csue\u00f1o lime\u00f1o\u201d), se quedaron observando el sombrero del entonces candidato presidencial Pedro Castillo, m\u00e1s nunca le prestaron suficiente atenci\u00f3n a sus propuestas de cambio.<\/p>\n<p><a href=\"http:\/\/localhost\/debateplural\/wp-content\/uploads\/2021\/06\/GettyImages-1322423382-e1623153062144.jpg\"><img loading=\"lazy\" decoding=\"async\" class=\"aligncenter size-full wp-image-46497\" src=\"http:\/\/localhost\/debateplural\/wp-content\/uploads\/2021\/06\/GettyImages-1322423382-e1623153062144.jpg\" alt=\"\" width=\"1024\" height=\"576\" srcset=\"https:\/\/debateplural.net\/site\/wp-content\/uploads\/2021\/06\/GettyImages-1322423382-e1623153062144.jpg 1024w, https:\/\/debateplural.net\/site\/wp-content\/uploads\/2021\/06\/GettyImages-1322423382-e1623153062144-300x169.jpg 300w, https:\/\/debateplural.net\/site\/wp-content\/uploads\/2021\/06\/GettyImages-1322423382-e1623153062144-768x432.jpg 768w, https:\/\/debateplural.net\/site\/wp-content\/uploads\/2021\/06\/GettyImages-1322423382-e1623153062144-810x456.jpg 810w\" sizes=\"(max-width: 1024px) 100vw, 1024px\" \/><\/a><\/p>\n<p>Por eso la incomodidad y el fastidio actual cuando Castillo comienza a hacer lo que dijo.<\/p>\n<p>Lo cierto es que ese campesino de sombrero, proveniente de la \u201cnaci\u00f3n clandestina\u201d, con aroma a sudor andino y con est\u00e9tica \u201csubalterna\u201d, ahora es el presidente del Per\u00fa. Un pa\u00eds donde coexisten varios pa\u00edses sin conocerse, ni encontrarse entre s\u00ed.<\/p>\n<p><strong>\u00bfQu\u00e9 les ofende m\u00e1s a los patrones criollos del Per\u00fa?<\/strong><\/p>\n<p>Si la consumaci\u00f3n de la elecci\u00f3n\/triunfo del campesino andino ya era una ofensa para la oligarqu\u00eda y la \u201clime\u00f1idad\u201d acriollada, los actos protocolares de la transmisi\u00f3n de mando (con marcada presencia de personajes como Evo Morales), el discurso presidencial del campesino y la conformaci\u00f3n del Gabinete de Ministros ofendi\u00f3 de sobremanera a los patrones del Per\u00fa.<\/p>\n<p>Pero, por las reacciones, los ofendidos no solo fueron los patrones con aroma a naftalina, sino tambi\u00e9n la \u201clime\u00f1idad\u201d acriollada y provincianos \u201calime\u00f1ados\u201d, al ver que el Gabinete de Ministros ser\u00eda presidido nada menos que por otro campesino andino: Guido Bellido (congresista).<\/p>\n<p>Los primeros sienten que el Estado finca corre peligro; los segundos, quienes se creen \u201clos nacidos para ejercer funci\u00f3n p\u00fablica\u201d, sienten que su mercado laboral cautivo se les esfuma.<\/p>\n<p>Tanto los patrones del Per\u00fa, como las y los lime\u00f1os acomplejados, y provincianos \u201calime\u00f1ados\u201d, hasta el 30 de julio pasado asumieron que Pedro Castillo ser\u00eda un presidente campesino domesticable a los intereses econ\u00f3micos y culturales hegem\u00f3nicos. \u201cDejemos que sea presidente, pero los ministros y funcionarios los seguiremos poniendo nosotros\u201d, dijeron, pero no fue as\u00ed.<\/p>\n<p>El campesino insumiso se insubordin\u00f3 tambi\u00e9n con la conformaci\u00f3n de su Gabinete ministerial. Y estos cambios simb\u00f3licos les comienzan a preocupar sobremanera.<\/p>\n<p>En el fondo, es el miedo a perder privilegios culturales y materiales bicentenarios \u201cnaturalizados\u201d en la Rep\u00fablica criolla, fundada en un racismo lacerante que les constituye su falsa identidad superior de criollos y acriollados sobre las grandes mayor\u00edas sociales y culturales de los pueblos del Per\u00fa.<\/p>\n<p>Tienen miedo que el gobernante de soberano gobierne bien, y los derrote moral e intelectualmente desde el interior del mismo Estado excluyente que los patrones dise\u00f1aron. Pero, el peor miedo es al proceso de Asamblea Constituyente Popular y Plurinacional que el presidente Castillo ya anunci\u00f3. \u00a1Tienen miedo al Per\u00fa de todas las sangres!<\/p>\n","protected":false},"excerpt":{"rendered":"<p>Itzamn\u00e1 Ollantay (teleSur, 3-8-21) &nbsp; En 1821, la jurisdicci\u00f3n territorial del exvirreinato de Lima, fue convertida en Rep\u00fablica peruana para beneficiar material y simb\u00f3licamente a los criollos y posteriores oligarqu\u00edas del pa\u00eds. Dicho Estado republicano funcion\u00f3 como un ap\u00e9ndice de las haciendas de los gamonales. En la actualidad, este sistema pol\u00edtico y cultural del Estado [&hellip;]<\/p>\n","protected":false},"author":1,"featured_media":46243,"comment_status":"open","ping_status":"open","sticky":false,"template":"","format":"standard","meta":{"footnotes":""},"categories":[14,12],"tags":[],"class_list":["post-47428","post","type-post","status-publish","format-standard","has-post-thumbnail","hentry","category-internacionales","category-politica-3"],"_links":{"self":[{"href":"https:\/\/debateplural.net\/site\/wp-json\/wp\/v2\/posts\/47428"}],"collection":[{"href":"https:\/\/debateplural.net\/site\/wp-json\/wp\/v2\/posts"}],"about":[{"href":"https:\/\/debateplural.net\/site\/wp-json\/wp\/v2\/types\/post"}],"author":[{"embeddable":true,"href":"https:\/\/debateplural.net\/site\/wp-json\/wp\/v2\/users\/1"}],"replies":[{"embeddable":true,"href":"https:\/\/debateplural.net\/site\/wp-json\/wp\/v2\/comments?post=47428"}],"version-history":[{"count":1,"href":"https:\/\/debateplural.net\/site\/wp-json\/wp\/v2\/posts\/47428\/revisions"}],"predecessor-version":[{"id":47429,"href":"https:\/\/debateplural.net\/site\/wp-json\/wp\/v2\/posts\/47428\/revisions\/47429"}],"wp:featuredmedia":[{"embeddable":true,"href":"https:\/\/debateplural.net\/site\/wp-json\/wp\/v2\/media\/46243"}],"wp:attachment":[{"href":"https:\/\/debateplural.net\/site\/wp-json\/wp\/v2\/media?parent=47428"}],"wp:term":[{"taxonomy":"category","embeddable":true,"href":"https:\/\/debateplural.net\/site\/wp-json\/wp\/v2\/categories?post=47428"},{"taxonomy":"post_tag","embeddable":true,"href":"https:\/\/debateplural.net\/site\/wp-json\/wp\/v2\/tags?post=47428"}],"curies":[{"name":"wp","href":"https:\/\/api.w.org\/{rel}","templated":true}]}}