{"id":47521,"date":"2021-08-13T09:59:42","date_gmt":"2021-08-13T13:59:42","guid":{"rendered":"https:\/\/debateplural.com\/inicio\/?p=47521"},"modified":"2021-08-13T09:59:42","modified_gmt":"2021-08-13T13:59:42","slug":"militares-en-accion-hacen-de-brasil-una-republica-bananera","status":"publish","type":"post","link":"https:\/\/debateplural.net\/site\/2021\/08\/13\/militares-en-accion-hacen-de-brasil-una-republica-bananera\/","title":{"rendered":"Militares en acci\u00f3n hacen de Brasil una rep\u00fablica bananera"},"content":{"rendered":"<p>Emir Sader (Pagina 12, 13-8-21)<\/p>\n<p>&nbsp;<\/p>\n<p>Una escena pat\u00e9tica: cuando en la tarde del pasado martes 10 de agosto el Congreso brasile\u00f1o iba a derrotar la propuesta de Bolsonaro de cambiar la urna electr\u00f3nica por el voto en papel, 150 veh\u00edculos militares, gran parte de ellos tanques, atravesaron la Explanada de los Ministerios, en Brasilia. De uno de ellos salio un militar, que subi\u00f3 la rampa de acceso al Palacio del Planalto y le entreg\u00f3 a Bolsonaro, flanqueado por sus ministros militares y algunos civiles, una invitaci\u00f3n para que participase en un ejercicio militar de la Marina.<\/p>\n<p>La pantomima fue el pretexto para que Bolsonaro hiciera presi\u00f3n sobre el Congreso, a sabiendas de que su propuesta ser\u00eda derrotada por los parlamentarios. No obstante, el presidente de la C\u00e1mara de los Diputados, aliado de Bolsonaro, dijo que se trataba de una tr\u00e1gica coincidencia; algo semejante a lo que afirmaron fuentes de la Marina, que aseguraron que el despliegue militar no ten\u00eda ninguna relaci\u00f3n con la decisi\u00f3n del Congreso.<\/p>\n<p>Con esta exhibici\u00f3n, Bolsonaro demuestra tener fuerza militar, por lo que aunque militarmente se vuelve m\u00e1s fuerte, pol\u00edticamente se debilita todav\u00eda m\u00e1s.<\/p>\n<p><a href=\"http:\/\/localhost\/debateplural\/wp-content\/uploads\/2019\/12\/bolsonaro-20-c2-a9-20afp-2.jpg\"><img loading=\"lazy\" decoding=\"async\" class=\"aligncenter size-full wp-image-37969\" src=\"http:\/\/localhost\/debateplural\/wp-content\/uploads\/2019\/12\/bolsonaro-20-c2-a9-20afp-2.jpg\" alt=\"\" width=\"960\" height=\"640\" srcset=\"https:\/\/debateplural.net\/site\/wp-content\/uploads\/2019\/12\/bolsonaro-20-c2-a9-20afp-2.jpg 960w, https:\/\/debateplural.net\/site\/wp-content\/uploads\/2019\/12\/bolsonaro-20-c2-a9-20afp-2-300x200.jpg 300w, https:\/\/debateplural.net\/site\/wp-content\/uploads\/2019\/12\/bolsonaro-20-c2-a9-20afp-2-768x512.jpg 768w, https:\/\/debateplural.net\/site\/wp-content\/uploads\/2019\/12\/bolsonaro-20-c2-a9-20afp-2-810x540.jpg 810w\" sizes=\"(max-width: 960px) 100vw, 960px\" \/><\/a><\/p>\n<p>La imagen, que los medios de comunicaci\u00f3n se\u00f1alaron de forma generalizada que era pat\u00e9tica, proyecta un imagen de rep\u00fablica bananera. No hubo ninguna manifestaci\u00f3n de apoyo a las tropas y a Bolsonaro. Los parlamentarios realizaron una asamblea frente al Parlamento en defensa de la instituci\u00f3n.<\/p>\n<p>El poder judicial ha pasado decididamente a una actitud menos amistosa con Bolsonaro, despu\u00e9s que se hubiese referido p\u00fablicamente al presidente del Supremo Tribunal Electoral, tild\u00e1ndolo de \u2018hijo de puta\u2019. Abri\u00e9ndole un proceso criminal en relaci\u00f3n con las\u00a0<em>fake news<\/em>\u00a0difundidas por Bolsonaro con respecto al sistema electoral brasile\u00f1o.<\/p>\n<p>Veremos cu\u00e1les ser\u00e1n las consecuencias de esta esa escena, t\u00edpica de una pel\u00edcula de Glauber Rocha, que acaba de vivir la capital de Brasil; quiz\u00e1s la escena mas rid\u00edcula de la historia del pa\u00eds.<\/p>\n<div class=\"vortex-container-vote vortex-align-right\">\n<div class=\"vortex-container-like\"><\/div>\n<\/div>\n","protected":false},"excerpt":{"rendered":"<p>Emir Sader (Pagina 12, 13-8-21) &nbsp; Una escena pat\u00e9tica: cuando en la tarde del pasado martes 10 de agosto el Congreso brasile\u00f1o iba a derrotar la propuesta de Bolsonaro de cambiar la urna electr\u00f3nica por el voto en papel, 150 veh\u00edculos militares, gran parte de ellos tanques, atravesaron la Explanada de los Ministerios, en Brasilia. [&hellip;]<\/p>\n","protected":false},"author":1,"featured_media":26209,"comment_status":"open","ping_status":"open","sticky":false,"template":"","format":"standard","meta":{"footnotes":""},"categories":[14,12],"tags":[],"class_list":["post-47521","post","type-post","status-publish","format-standard","has-post-thumbnail","hentry","category-internacionales","category-politica-3"],"_links":{"self":[{"href":"https:\/\/debateplural.net\/site\/wp-json\/wp\/v2\/posts\/47521"}],"collection":[{"href":"https:\/\/debateplural.net\/site\/wp-json\/wp\/v2\/posts"}],"about":[{"href":"https:\/\/debateplural.net\/site\/wp-json\/wp\/v2\/types\/post"}],"author":[{"embeddable":true,"href":"https:\/\/debateplural.net\/site\/wp-json\/wp\/v2\/users\/1"}],"replies":[{"embeddable":true,"href":"https:\/\/debateplural.net\/site\/wp-json\/wp\/v2\/comments?post=47521"}],"version-history":[{"count":1,"href":"https:\/\/debateplural.net\/site\/wp-json\/wp\/v2\/posts\/47521\/revisions"}],"predecessor-version":[{"id":47522,"href":"https:\/\/debateplural.net\/site\/wp-json\/wp\/v2\/posts\/47521\/revisions\/47522"}],"wp:featuredmedia":[{"embeddable":true,"href":"https:\/\/debateplural.net\/site\/wp-json\/wp\/v2\/media\/26209"}],"wp:attachment":[{"href":"https:\/\/debateplural.net\/site\/wp-json\/wp\/v2\/media?parent=47521"}],"wp:term":[{"taxonomy":"category","embeddable":true,"href":"https:\/\/debateplural.net\/site\/wp-json\/wp\/v2\/categories?post=47521"},{"taxonomy":"post_tag","embeddable":true,"href":"https:\/\/debateplural.net\/site\/wp-json\/wp\/v2\/tags?post=47521"}],"curies":[{"name":"wp","href":"https:\/\/api.w.org\/{rel}","templated":true}]}}