{"id":47552,"date":"2021-08-19T11:38:44","date_gmt":"2021-08-19T15:38:44","guid":{"rendered":"https:\/\/debateplural.com\/inicio\/?p=47552"},"modified":"2021-08-19T11:38:44","modified_gmt":"2021-08-19T15:38:44","slug":"para-biden-la-culpa-es-de-los-afganos","status":"publish","type":"post","link":"https:\/\/debateplural.net\/site\/2021\/08\/19\/para-biden-la-culpa-es-de-los-afganos\/","title":{"rendered":"Para Biden la culpa es de los afganos"},"content":{"rendered":"<div>\n<p>Aldana Vales (Pagina 12, 17-8-21)<\/p>\n<p>&nbsp;<\/p>\n<p>Ante la lluvia de cr\u00edticas de propios y opositores, interrumpi\u00f3 sus vacaciones para justificar la brusca salida de Afganist\u00e1n y explicar que su pa\u00eds hab\u00eda hecho todo para que la guerra fuera exitosa.<\/p>\n<\/div>\n<div id=\"cols\">\n<p>Desde Washington, DC -Tras el retorno al poder de los talibanes en Afganist\u00e1n, las im\u00e1genes muestran escenas ca\u00f3ticas en Kabul, la capital: gente que corre hacia el aeropuerto para poder irse, una muchedumbre que trata de subirse a un avi\u00f3n militar a punto de despegar, personas que caen al vac\u00edo tras haberse aferrado al tren de aterrizaje. Hasta ahora, hay por lo menos siete muertos confirmados. Para el presidente de Estados Unidos, Joe Biden, todos esos eventos no son responsabilidad del pa\u00eds norteamericano, sino del propio Afganist\u00e1n. De sus l\u00edderes, que se escaparon. Del ej\u00e9rcito local, que no aprendi\u00f3 lo que se le ense\u00f1\u00f3 tras veinte a\u00f1os. De los propios afganos que, supuestamente seg\u00fan \u00e9l, no quisieron ser evacuados hasta ahora. Este lunes, en\u00a0<a href=\"https:\/\/www.youtube.com\/watch?v=kIxyYU227mM&amp;ab_channel=TheWhiteHouse\" target=\"_blank\" rel=\"noreferrer noopener\">su primera aparici\u00f3n p\u00fablica<\/a>\u00a0desde el colapso sucedido durante el fin de semana, el mandatario apenas cedi\u00f3 en uno de los cuestionamientos que enfrenta en estos d\u00edas y reconoci\u00f3: \u201cEsto se desarroll\u00f3 m\u00e1s r\u00e1pido de lo que hab\u00edamos anticipado\u201d.<\/p>\n<p>Biden reapareci\u00f3 en la Casa Blanca tras pasar el fin de semana en Camp David, la residencia de descanso de los presidentes norteamericanos. Lo hizo empujado por un aluvi\u00f3n de cr\u00edticas que van desde Donald Trump asegurando que, claro,\u00a0<a href=\"https:\/\/www.donaldjtrump.com\/news\/news-ebjh8aztz50\" target=\"_blank\" rel=\"noreferrer noopener\">\u00e9l habr\u00eda hecho esto de una forma distinta<\/a>, hasta algunos dem\u00f3cratas que le reprochan no haber evacuado a la gente antes.<\/p>\n<p><a href=\"http:\/\/localhost\/debateplural\/wp-content\/uploads\/2021\/07\/EEUU_Afganistan-680x454-1.jpg\"><img loading=\"lazy\" decoding=\"async\" class=\"aligncenter  wp-image-47068\" src=\"http:\/\/localhost\/debateplural\/wp-content\/uploads\/2021\/07\/EEUU_Afganistan-680x454-1.jpg\" alt=\"\" width=\"813\" height=\"543\" srcset=\"https:\/\/debateplural.net\/site\/wp-content\/uploads\/2021\/07\/EEUU_Afganistan-680x454-1.jpg 680w, https:\/\/debateplural.net\/site\/wp-content\/uploads\/2021\/07\/EEUU_Afganistan-680x454-1-300x200.jpg 300w\" sizes=\"(max-width: 813px) 100vw, 813px\" \/><\/a><\/p>\n<p>\u201cFuimos a Afganist\u00e1n hace casi 20 a\u00f1os con un objetivo claro: atrapar a quienes nos atacaron el 11 de septiembre de 2001 y asegurarnos de que Al Qaeda no pudiera usar Afganist\u00e1n como una base desde la que atacarnos nuevamente. Eso hicimos, hace una d\u00e9cada\u201d,\u00a0<a href=\"https:\/\/twitter.com\/POTUS\/status\/1427364918911766533\" target=\"_blank\" rel=\"noreferrer noopener\">dijo Biden este lunes<\/a>\u00a0al comenzar su discurso desde el sal\u00f3n Este de la Casa Blanca. En sus declaraciones, el mandatario defendi\u00f3 su decisi\u00f3n de mantener el acuerdo al que hab\u00eda llegado Trump con los talibanes en 2020 y retirar las tropas que quedaban en el pa\u00eds asi\u00e1tico. \u201cLa intenci\u00f3n de nuestra misi\u00f3n nunca fue construir una naci\u00f3n, nunca fue crear una democracia unificada y centralizada\u201d, dijo.<\/p>\n<p>Biden insisti\u00f3 que el \u00fanico objetivo de la intervenci\u00f3n militar en Afganist\u00e1n era la de \u201cprevenir un ataque terrorista\u201d en Estados Unidos y que quedarse era \u201crepetir errores del pasado\u201d. Se\u00f1al\u00f3 que hered\u00f3 el acuerdo de Trump y que eligi\u00f3 continuarlo porque la otra opci\u00f3n era volver a pelear con los talibanes y hacer entrar el conflicto en su \u201ctercera d\u00e9cada\u201d. Su \u00fanica autocr\u00edtica tal vez fue aceptar que el retorno del grupo islamista radical sucedi\u00f3 \u201cm\u00e1s r\u00e1pido\u201d de lo que su administraci\u00f3n hab\u00eda estimado, aunque algunos medios estadounidenses reportaron que la Casa Blanca ten\u00eda informes de inteligencia que alertaban de un posible colapso inmediato. Sin embargo, sostuvo que el resultado era responsabilidad de Afganist\u00e1n: \u201cLos l\u00edderes de Afganist\u00e1n se rindieron y se escaparon del pa\u00eds. El ej\u00e9rcito colaps\u00f3 sin querer pelear\u201d.<\/p>\n<p>Para Biden, Estados Unidos le dio al pa\u00eds asi\u00e1tico \u201ctodas las herramientas que necesitaba\u201d, \u201cpag\u00f3 los salarios\u201d y le brind\u00f3 \u201capoyo a\u00e9reo\u201d. \u201cLas tropas estadounidenses no pueden y no deber\u00edan pelear una guerra y morir en una guerra que las fuerzas afganas no quieren pelear por s\u00ed mismas\u201d, remarc\u00f3.<\/p>\n<p>El discurso, que dur\u00f3 menos de 20 minutos, content\u00f3 a pocos. Una de las que apoy\u00f3 a Biden fue la dem\u00f3crata Nancy Pelosi, presidenta de la C\u00e1mara de Representantes. \u201cEs crucial que Estados Unidos y la comunidad internacional se unan para proteger al pueblo de Afganist\u00e1n, especialmente a las mujeres y ni\u00f1as que enfrentan el mayor riesgo. El Talib\u00e1n debe saber que el mundo est\u00e1 observando y que no tolerar\u00e1 su tratamiento brutal\u201d, dijo en un comunicado.<\/p>\n<p>Del lado republicano, por supuesto, la cr\u00edtica es un\u00e1nime. El senador republicano Mitt Romney, ex candidato a presidente, consider\u00f3 que Biden\u00a0<a href=\"https:\/\/twitter.com\/MittRomney\/status\/1427375227101659136\" target=\"_blank\" rel=\"noreferrer noopener\">fall\u00f3 en \u201creconocer su retirada desastrosa\u201d<\/a>\u00a0y sostuvo que priorizar las promesas de campa\u00f1a por delante de las vidas de \u201chombres, mujeres y ni\u00f1os\u201d es una \u201cmancha en la reputaci\u00f3n\u201d del pa\u00eds. Esa parece ser la expresi\u00f3n consensuada por el partido opositor para referirse al resultado en Afganist\u00e1n. \u201cLo que hemos visto es un desastre sin mitigar, una mancha en la reputaci\u00f3n de los Estados Unidos de Am\u00e9rica\u201d, dijo el tambi\u00e9n republicano Mitch McConnel, jefe del bloque opositor en el Senado.<\/p>\n<p>Pero los cuestionamientos hacia c\u00f3mo se llev\u00f3 a cabo la \u00faltima etapa de la retirada, sobre todo en la \u00faltima semana con la vuelta de los talibanes, no vienen solo del Partido Republicano. M\u00e1s moderados en sus cr\u00edticas, los dem\u00f3cratas apuntan a la falta de planificaci\u00f3n en la evacuaci\u00f3n de estadounidenses, aliados y afganos que colaboraron con las acciones del pa\u00eds norteamericano. \u201cNo podemos abandonar a quienes pelearon a nuestro lado, que ahora enfrentan un peligro mortal a partir de la toma de control por parte de los talibanes. Tenemos una obligaci\u00f3n moral de actuar inmediatamente\u201d, dijo el senador por Delaware, Tom Carper.<\/p>\n<p>\u201cNo hay forma de ocultarlo. La situaci\u00f3n en Afganist\u00e1n es otra verg\u00fcenza de esta administraci\u00f3n. La retirada nunca iba a ser sencilla, pero esto no era necesario\u201d,<a href=\"https:\/\/twitter.com\/RepGonzalez\/status\/1426940206532358145\" target=\"_blank\" rel=\"noreferrer noopener\">\u00a0tuite\u00f3 el congresista de Texas, Vicente Gonzalez<\/a>. Por su parte, su colega de California Jackie Speier calific\u00f3 la situaci\u00f3n como \u201cuna crisis de proporciones incalculables\u201d.<\/p>\n<p>Sin embargo, Biden no piensa dar marcha atr\u00e1s ni se arrepiente de su decisi\u00f3n. \u201cPrefiero recibir las cr\u00edticas que pasarle esto a otro presidente\u201d, respondi\u00f3 este lunes en su discurso. Adem\u00e1s, dijo que ahora Estados Unidos se enfocar\u00e1 en evacuar a sus ciudadanos en territorio afgano y a sus aliados lo m\u00e1s pronto posible. Luego, mantendr\u00e1 la decisi\u00f3n de irse.<\/p>\n<div class=\"vortex-container-vote vortex-align-right\">\n<div class=\"vortex-container-like\"><\/div>\n<\/div>\n<\/div>\n","protected":false},"excerpt":{"rendered":"<p>Aldana Vales (Pagina 12, 17-8-21) &nbsp; Ante la lluvia de cr\u00edticas de propios y opositores, interrumpi\u00f3 sus vacaciones para justificar la brusca salida de Afganist\u00e1n y explicar que su pa\u00eds hab\u00eda hecho todo para que la guerra fuera exitosa. Desde Washington, DC -Tras el retorno al poder de los talibanes en Afganist\u00e1n, las im\u00e1genes muestran [&hellip;]<\/p>\n","protected":false},"author":1,"featured_media":45089,"comment_status":"open","ping_status":"open","sticky":false,"template":"","format":"standard","meta":{"footnotes":""},"categories":[14,12],"tags":[],"class_list":["post-47552","post","type-post","status-publish","format-standard","has-post-thumbnail","hentry","category-internacionales","category-politica-3"],"_links":{"self":[{"href":"https:\/\/debateplural.net\/site\/wp-json\/wp\/v2\/posts\/47552"}],"collection":[{"href":"https:\/\/debateplural.net\/site\/wp-json\/wp\/v2\/posts"}],"about":[{"href":"https:\/\/debateplural.net\/site\/wp-json\/wp\/v2\/types\/post"}],"author":[{"embeddable":true,"href":"https:\/\/debateplural.net\/site\/wp-json\/wp\/v2\/users\/1"}],"replies":[{"embeddable":true,"href":"https:\/\/debateplural.net\/site\/wp-json\/wp\/v2\/comments?post=47552"}],"version-history":[{"count":1,"href":"https:\/\/debateplural.net\/site\/wp-json\/wp\/v2\/posts\/47552\/revisions"}],"predecessor-version":[{"id":47553,"href":"https:\/\/debateplural.net\/site\/wp-json\/wp\/v2\/posts\/47552\/revisions\/47553"}],"wp:featuredmedia":[{"embeddable":true,"href":"https:\/\/debateplural.net\/site\/wp-json\/wp\/v2\/media\/45089"}],"wp:attachment":[{"href":"https:\/\/debateplural.net\/site\/wp-json\/wp\/v2\/media?parent=47552"}],"wp:term":[{"taxonomy":"category","embeddable":true,"href":"https:\/\/debateplural.net\/site\/wp-json\/wp\/v2\/categories?post=47552"},{"taxonomy":"post_tag","embeddable":true,"href":"https:\/\/debateplural.net\/site\/wp-json\/wp\/v2\/tags?post=47552"}],"curies":[{"name":"wp","href":"https:\/\/api.w.org\/{rel}","templated":true}]}}