{"id":47572,"date":"2021-08-20T09:31:42","date_gmt":"2021-08-20T13:31:42","guid":{"rendered":"http:\/\/debateplural.com\/inicio\/?p=47572"},"modified":"2021-08-20T09:31:42","modified_gmt":"2021-08-20T13:31:42","slug":"bolsonaro-y-la-casta-de-mariscales","status":"publish","type":"post","link":"https:\/\/debateplural.net\/site\/2021\/08\/20\/bolsonaro-y-la-casta-de-mariscales\/","title":{"rendered":"Bolsonaro y la casta de mariscales"},"content":{"rendered":"<div>\n<p>Gustavo Veiga (Derribando muros, 16-8-21)<\/p>\n<p>&nbsp;<\/p>\n<p><i>En Brasil se conoci\u00f3 en medio de un esc\u00e1ndalo la presunta promoci\u00f3n de poco m\u00e1s que dos centenares de altos oficiales de las Fuerzas Armadas a la jerarqu\u00eda m\u00e1s alta de la carrera militar, la de mariscal. Entre ellos aparece el coronel torturador Carlos Alberto Brilhante Ustra. Todos ganan sumas considerables en actividad o en retiro. Y si murieron las pensiones que cobran sus familiares son de privilegio.<\/i><\/p>\n<\/div>\n<div id=\"cols\">\n<hr class=\"wp-block-separator has-text-color has-background has-vivid-red-background-color has-vivid-red-color\" \/>\n<p>La deriva autoritaria de Jair Bolsonaro no parece improvisada, producto de las calamidades que propag\u00f3 por todo Brasil. No es bajo asedio \u2013 recibi\u00f3 123 pedidos de\u00a0<em>impeachment<\/em>\u00a0\u2013 que toma las decisiones para perpetuarse en el gobierno. Lo hizo antes y lo hace ahora mediante una meditada bater\u00eda de medidas que transformaron al pa\u00eds en un laboratorio del autoritarismo y la reivindicaci\u00f3n del terrorismo de Estado bajo la apariencia de una democracia vigente. Se acaba de conocer en medio de un esc\u00e1ndalo la presunta promoci\u00f3n de poco m\u00e1s que dos centenares de altos oficiales de las Fuerzas Armadas a la jerarqu\u00eda m\u00e1s alta de la carrera militar, la de mariscal. Entre ellos aparece el coronel torturador Carlos Alberto Brilhante Ustra, ascendido post mortem gracias a la ley 13954 del 16 de diciembre de 2019. La revelaci\u00f3n la difundi\u00f3 la publicaci\u00f3n brasile\u00f1a\u00a0<em>Forum<\/em>, basada en datos oficiales del Portal de Transparencia, una p\u00e1gina del Ministerio de Transparencia y Controladur\u00eda General de la Uni\u00f3n creada en 2004 durante el gobierno de Lula. El Ej\u00e9rcito neg\u00f3 la informaci\u00f3n y dijo que no hay generales activos o retirados con una graduaci\u00f3n semejante.<\/p>\n<p>Brilhante Ustra no es el \u00fanico que figura con la m\u00e1s alta jerarqu\u00eda. Lo acompa\u00f1an en el registro otros generales muy cercanos al presidente ultraderechista e incluso exfuncionarios militares de la extensa dictadura brasile\u00f1a (1964-1985). El periodista Henrique Rodrigues que escribi\u00f3 un par de documentados art\u00edculos sobre el tema enumer\u00f3 varios casos: \u201cse encuentran Augusto Heleno, primer ministro de la Oficina de Seguridad Institucional de la Presidencia de la Rep\u00fablica (GSI) del gobierno de Bolsonaro, el excomandante del Ej\u00e9rcito Edson Leal Pujol y Eduardo Villas B\u00f4as (el mismo que presion\u00f3 a la Corte para que Lula fuera preso), adem\u00e1s de S\u00e9rgio Etchegoyen, quien tambi\u00e9n ocup\u00f3 el GSI, pero bajo la direcci\u00f3n de Michel Temer\u2026\u201d.<\/p>\n<p>Varios de estos militares o los familiares pensionados de los que fallecieron cobran sumas siderales. Fue posible gracias a la ley 13954 con que Bolsonaro, antes de cumplir un a\u00f1o de mandato, reestructur\u00f3 la carrera militar y estableci\u00f3 el Sistema de Protecci\u00f3n Social de las Fuerzas Armadas.<\/p>\n<p><a href=\"http:\/\/localhost\/debateplural\/wp-content\/uploads\/2020\/10\/ikjuhy-1536x896-1.jpg\"><img loading=\"lazy\" decoding=\"async\" class=\"aligncenter size-full wp-image-43384\" src=\"http:\/\/localhost\/debateplural\/wp-content\/uploads\/2020\/10\/ikjuhy-1536x896-1.jpg\" alt=\"\" width=\"1536\" height=\"896\" srcset=\"https:\/\/debateplural.net\/site\/wp-content\/uploads\/2020\/10\/ikjuhy-1536x896-1.jpg 1536w, https:\/\/debateplural.net\/site\/wp-content\/uploads\/2020\/10\/ikjuhy-1536x896-1-300x175.jpg 300w, https:\/\/debateplural.net\/site\/wp-content\/uploads\/2020\/10\/ikjuhy-1536x896-1-1024x597.jpg 1024w, https:\/\/debateplural.net\/site\/wp-content\/uploads\/2020\/10\/ikjuhy-1536x896-1-768x448.jpg 768w, https:\/\/debateplural.net\/site\/wp-content\/uploads\/2020\/10\/ikjuhy-1536x896-1-810x473.jpg 810w, https:\/\/debateplural.net\/site\/wp-content\/uploads\/2020\/10\/ikjuhy-1536x896-1-1140x665.jpg 1140w\" sizes=\"(max-width: 1536px) 100vw, 1536px\" \/><\/a><\/p>\n<p>Con Brilhante Ustra \u2013a quien el presidente negacionista reivindica como \u201ch\u00e9roe nacional\u201d\u2013 \u00a0el gobierno se salte\u00f3 algunos rangos. A lo sumo podr\u00eda haber sido general de brigada ya que en vida hab\u00eda pasado a retiro como coronel. El torturador fue condenado por el caso DOI-CODI, el acr\u00f3nimo con que se conoci\u00f3 a los Destacamentos de Operaciones Internas (DOI) y los Centros de Operaciones y Defensa Interna (CODI) del r\u00e9gimen brasile\u00f1o en San Pablo. La temible \u00e1rea de inteligencia donde el coronel sobresali\u00f3 por su sadismo. Cuando Bolsonaro era diputado federal y vot\u00f3 a favor del impeachment de Dilma Rousseff, a los gritos reivindic\u00f3 al verdugo de la expresidenta.<\/p>\n<p>Seg\u00fan Forum, Brilhante Ustra les pas\u00f3 \u201csu pensi\u00f3n de mariscal a sus hijas Patricia Silva Brilhante Ustra y Renata Silva Brilhante Ustra, quienes recibieron 15.307 reales cada una\u201d. Si se tomara la cotizaci\u00f3n promedio entre el precio de compra y de venta del Banco Naci\u00f3n, cada una de sus descendientes perciben 290.833 pesos argentinos al viernes 6.<\/p>\n<p>La publicaci\u00f3n brasile\u00f1a tambi\u00e9n se\u00f1ala que la obtenci\u00f3n de la m\u00e1xima jerarqu\u00eda por cien generales y unos 115 oficiales de la Marina y Fuerza A\u00e9rea fue posible porque Bolsonaro \u201cno revoc\u00f3 el ordenamiento jur\u00eddico anterior\u201d y provoc\u00f3 \u201cque estos generales al parecer pasaron a aparecer como mariscales. Se desconoce cu\u00e1l fue la interpretaci\u00f3n que dio el gobierno federal para proceder con tales ascensos, pues el Ministerio de Defensa no aclara las circunstancias de estos cambios de jerarqu\u00eda, ni la fecha en que ocurrieron\u201d escribi\u00f3 Rodrigues en su primera nota.<\/p>\n<p>El Comando del Ej\u00e9rcito, seg\u00fan public\u00f3 el sitio de noticias UOL, \u201cneg\u00f3 haber hecho \u2018ning\u00fan\u2019 ascenso\u201d de oficiales generales al puesto de mariscal en el pa\u00eds. \u201cLa informaci\u00f3n gener\u00f3 preocupaci\u00f3n en los sectores pol\u00edticos de Brasilia porque indicar\u00eda otro privilegio auto otorgado por las Fuerzas Armadas en el contexto de un gobierno de Bolsonaro repleto de personal militar en puestos administrativos clave\u201d explic\u00f3 Rubens Valente, el columnista de UOL.<\/p>\n<p>Se lleva una menci\u00f3n especial el caso del general Newton Cruz, ex jefe del SIN (Servicio Nacional de Inteligencia) entre 1977 y 1983 durante los gobiernos de facto de Ernesto Geisel y Jo\u00e3o Figueiredo, quienes cubrieron los dos \u00faltimos per\u00edodos de la dictadura. A los 96 a\u00f1os todav\u00eda sigue sumergido en la Guerra Fr\u00eda. Miembro de la llamada \u201cl\u00ednea dura\u201d del r\u00e9gimen de facto, percibe 34.565,71 reales al mes como pensionado. En 1983, vestido de uniforme y durante una conversaci\u00f3n con periodistas, mand\u00f3 detener a uno de ellos, Honorio Dantas, porque no le gustaron sus preguntas. Pero no se qued\u00f3 ah\u00ed. Despu\u00e9s de exigirle que se callara, lo tom\u00f3 del cuello por atr\u00e1s y lo arrastr\u00f3 de un brazo. El\u00a0<a href=\"https:\/\/www.youtube.com\/watch?v=taEmBwCLXxc\">v\u00eddeo<\/a>\u00a0todav\u00eda se conserva en internet.<\/p>\n<p>\u201cEs nitroglicerina pura\u201d, lo defini\u00f3 a Cruz otro\u00a0 periodista muy conocido en Brasil, el ya fallecido Geneton Moraes Neto, quien lo entrevist\u00f3 en 2011 para Globo News cuando ten\u00eda 85 a\u00f1os. Este mariscal fue, adem\u00e1s de encargado del \u00e1rea de Inteligencia, el responsable del comando militar del Planalto.<\/p>\n<p>El ascenso masivo de altos oficiales deriv\u00f3 en lo que\u00a0<em>Forum<\/em>\u00a0defini\u00f3 como \u201cla juerga de los mariscales\u201d. El affaire de estas jubilaciones y pensiones de privilegio ya lleg\u00f3 al Congreso. Legisladores de la oposici\u00f3n declararon que le pedir\u00e1n explicaciones al Ministerio de Defensa. Entre los beneficiarios del r\u00e9gimen que prev\u00e9 la ley 13954 se encuentran los generales Augusto Heleno, actual ministro Jefe del Gabinete de Seguridad Institucional de la Presidencia y el propio ministro de Defensa brasile\u00f1o, Walter Braga Netto.<\/p>\n<p>La diputada nacional del PT Mar\u00eda do Rosario le explic\u00f3 a P\u00e1gina\/12 lo que piensa del caso: \u201c\u00a1Es un escarnio! Ya no se trata del absurdo homenaje individual de un parlamentario al torturador. Es el uso de dinero p\u00fablico y gubernamental contra la Constituci\u00f3n y los derechos humanos. Todo lo que queda es que el gobierno de Bolsonaro caiga ante la podredumbre moral que representa\u201d.\u00a0<em>Forum<\/em>\u00a0plante\u00f3 que los ascensos representan para el Estado \u201ccuatro mil millones (de reales) al a\u00f1o del erario p\u00fablico solo en el pago a oficiales vivos del ej\u00e9rcito brasile\u00f1o, la Armada y la Fuerza A\u00e9rea\u201d.<\/p>\n<p>El contrasentido de esta saga protagonizada por los mariscales es que ese grado militar dej\u00f3 de existir en 1967 y se restituy\u00f3 en 1980 por la ley federal 6880. Para acceder a esa jerarqu\u00eda los militares en condiciones de hacerlo deb\u00edan reunir un requisito excluyente: hab\u00e9rsela ganado en el campo de batalla.<\/p>\n<p>El \u00faltimo en esa condici\u00f3n fue Jo\u00e3o Baptista Mascarenhas de Morais. Comand\u00f3 la Fuerza Expedicionaria Brasile\u00f1a (FEB) en la liberaci\u00f3n de Italia durante la II Guerra Mundial. El Congreso lo nombr\u00f3 mariscal en 1946. Muri\u00f3 con ese grado militar en 1968. Ninguno de los generales que forman el c\u00edrculo \u00e1ulico de Bolsonaro puede presumir de haber ganado tal condici\u00f3n en combate. \u201cLos mariscales de gabinete se crearon de un plumazo y gozan de un alto rango militar, que en muchos casos pas\u00f3 a sus viudas e hijas\u201d, public\u00f3 el periodista brasile\u00f1o Rodrigues. El Ej\u00e9rcito lo neg\u00f3 pese a que\u00a0<em>Forum<\/em>\u00a0se apoy\u00f3 en documentaci\u00f3n sacada del Portal de Transparencia sobre jubilaciones y pensiones del mando castrense.<\/p>\n<\/div>\n","protected":false},"excerpt":{"rendered":"<p>Gustavo Veiga (Derribando muros, 16-8-21) &nbsp; En Brasil se conoci\u00f3 en medio de un esc\u00e1ndalo la presunta promoci\u00f3n de poco m\u00e1s que dos centenares de altos oficiales de las Fuerzas Armadas a la jerarqu\u00eda m\u00e1s alta de la carrera militar, la de mariscal. Entre ellos aparece el coronel torturador Carlos Alberto Brilhante Ustra. Todos ganan [&hellip;]<\/p>\n","protected":false},"author":1,"featured_media":47573,"comment_status":"open","ping_status":"open","sticky":false,"template":"","format":"standard","meta":{"footnotes":""},"categories":[14,12],"tags":[],"class_list":["post-47572","post","type-post","status-publish","format-standard","has-post-thumbnail","hentry","category-internacionales","category-politica-3"],"_links":{"self":[{"href":"https:\/\/debateplural.net\/site\/wp-json\/wp\/v2\/posts\/47572"}],"collection":[{"href":"https:\/\/debateplural.net\/site\/wp-json\/wp\/v2\/posts"}],"about":[{"href":"https:\/\/debateplural.net\/site\/wp-json\/wp\/v2\/types\/post"}],"author":[{"embeddable":true,"href":"https:\/\/debateplural.net\/site\/wp-json\/wp\/v2\/users\/1"}],"replies":[{"embeddable":true,"href":"https:\/\/debateplural.net\/site\/wp-json\/wp\/v2\/comments?post=47572"}],"version-history":[{"count":1,"href":"https:\/\/debateplural.net\/site\/wp-json\/wp\/v2\/posts\/47572\/revisions"}],"predecessor-version":[{"id":47574,"href":"https:\/\/debateplural.net\/site\/wp-json\/wp\/v2\/posts\/47572\/revisions\/47574"}],"wp:featuredmedia":[{"embeddable":true,"href":"https:\/\/debateplural.net\/site\/wp-json\/wp\/v2\/media\/47573"}],"wp:attachment":[{"href":"https:\/\/debateplural.net\/site\/wp-json\/wp\/v2\/media?parent=47572"}],"wp:term":[{"taxonomy":"category","embeddable":true,"href":"https:\/\/debateplural.net\/site\/wp-json\/wp\/v2\/categories?post=47572"},{"taxonomy":"post_tag","embeddable":true,"href":"https:\/\/debateplural.net\/site\/wp-json\/wp\/v2\/tags?post=47572"}],"curies":[{"name":"wp","href":"https:\/\/api.w.org\/{rel}","templated":true}]}}