{"id":47693,"date":"2021-08-30T12:31:14","date_gmt":"2021-08-30T16:31:14","guid":{"rendered":"https:\/\/debateplural.com\/inicio\/?p=47693"},"modified":"2021-08-30T12:31:14","modified_gmt":"2021-08-30T16:31:14","slug":"quien-se-beneficia-del-bombardeo-suicida-en-kabul","status":"publish","type":"post","link":"https:\/\/debateplural.net\/site\/2021\/08\/30\/quien-se-beneficia-del-bombardeo-suicida-en-kabul\/","title":{"rendered":"\u00bfQui\u00e9n se beneficia del bombardeo suicida en Kabul?"},"content":{"rendered":"<p>Pepe Escobar (Misi\u00f3n Verdad, 29-8-21)<\/p>\n<p>&nbsp;<\/p>\n<p>El terrible ataque suicida en Kabul introduce un vector extra a una situaci\u00f3n ya incandescente: su finalidad es probar, a los afganos y al mundo exterior, que el naciente Emirato Is\u00f1\u00e1mico de Afganist\u00e1n es incapaz de asegurar la capital.<\/p>\n<p>Actualmente, al menos 103 personas -90 afganos (incluidos por lo menos 28 del Talib\u00e1n) y 13 soldados estadounidenses- fueron asesinados y como m\u00ednimo 1 mil 300 heridos, seg\u00fan el Ministerio de Salud afgano.<\/p>\n<p>La responsabilidad por el bombardeo vino a trav\u00e9s de una declaraci\u00f3n en el canal de Telegram de Amaq Media, la agenda de noticias del Estado Isl\u00e1mico (ISIS). Esto quiere decir que vino del mando centralizado del ISIS, aun cuando los perpetradores eran miembros del ISIS-Joras\u00e1n, o ISIS-J.<\/p>\n<p>Presumiendo de heredar el peso hist\u00f3rico y cultural de las tierras antiguas de Asia Central que se extend\u00edan hasta el Himlaya occidental desde la \u00e9poca del imperio persa, ese derivado mancilla el nombre de Joras\u00e1n.<\/p>\n<p>El terrorista suicida que llev\u00f3 a cabo \"la operaci\u00f3n inmoladora cerca del aeropuerto de Kabul\" fue identificado como un tal Abdul Rahman al-Logari. Ello podr\u00eda sugerir que es afgano, cerca de la provincia Logar. Y tambi\u00e9n sugiere que el bombardeo pudo haber sido organizado por una c\u00e9lula oculta del ISIS-J. Un sofisticado an\u00e1lisis electr\u00f3nico de sus comunicaciones podr\u00eda demostrarlo, herramientas que los talibanes no tienen.<\/p>\n<div class=\"media media-element-container media-article_full\">\n<div id=\"file-2297\" class=\"file file-image file-image-jpeg\">\n<div class=\"content\">\n<div class=\"img-file\"><img loading=\"lazy\" decoding=\"async\" class=\"media-element\" src=\"https:\/\/misionverdad.com\/sites\/default\/files\/E9vYXcGXoAApnv4.jpeg\" alt=\"\" width=\"1200\" height=\"675\" data-delta=\"1\" \/><\/div>\n<div class=\"img-meta\">\n<div class=\"field field-name-field-file-image-title-text field-type-text field-label-inline clearfix\"><\/div>\n<div class=\"field field-name-field-file-image-credit-text field-type-text field-label-inline clearfix\">\n<div class=\"field-items\">\n<div class=\"field-item even\"><\/div>\n<\/div>\n<\/div>\n<\/div>\n<\/div>\n<\/div>\n<\/div>\n<p>La manera en que el ISIS, expertos de las redes sociales, decidi\u00f3 operar la carnicer\u00eda merece un escrutinio cuidadoso. La declaraci\u00f3n en Amaq Media arremete contra el Talib\u00e1n por estar \"en una alianza\" con el ej\u00e9rcito estadounidense en la evacuaci\u00f3n de \"esp\u00edas\".<\/p>\n<p>Se mofa de las \"medidas de seguridad ordenadas por las fuerzas norteamericanas y la milicia del Talib\u00e1n en la capital Kabul\", cuando su \"m\u00e1rtir\" pudo alcanzar por \"una distancia de no menos de 5 metros de las fuerzas estadounidenses, que estaban supervisando los procedimientos\".<\/p>\n<p>As\u00ed que est\u00e1 claro que el reci\u00e9n renacido Emirato Isl\u00e1mico de Afganist\u00e1n y el antiguo poder ocupante encaran el mismo enemigo. El ISIS-Joras\u00e1n comprende un mont\u00f3n de fan\u00e1ticos llamados takfiris porque ellos definen a miembros del Islam -en este caso el Talib\u00e1n- como \"ap\u00f3statas\".<\/p>\n<p>Fundado en 2015 por emigrantes yijadistas remitidos al suroeste de Pakist\u00e1n, el ISIS-J es una bestia poco fiable. Su actual jefe es un tal Shahab al-Mujahir, que fue un comandante de nivel medio de la red Haqqani con sede en Wazirist\u00e1n del Norte, en las \u00e1reas tribales pakistan\u00edes, en s\u00ed una colecci\u00f3n de muyajidines dis\u00edmiles y yijadistas en potencia bajo el paraguas familiar.<\/p>\n<p>Washington catalog\u00f3 a la red Haqqani como una organizaci\u00f3n terrorista en 2010, y trata a muchos de sus miembros como terroristas globales, incluyendo a Sirajuddin Haqqani, el jefe de la familia luego de la muerte de su fundador Jalaluddin.<\/p>\n<p>Hasta ahora, Sirajuddin era el l\u00edder de la delegaci\u00f3n talib\u00e1n para las provincias orientales, al mismo nivel del Mul\u00e1 Baradar, el jefe de la oficina pol\u00edtica en Doha, quien en realidad fue liberado de Guant\u00e1namo en 2014.<\/p>\n<p>De manera crucial, el t\u00edo de Sirajuddin, Khalil Haqqani, antes a cargo del financiamiento internacional de la red, ahora est\u00e1 a cargo de la seguridad de Kabul y trabaja como diplom\u00e1tico 24\/7.<\/p>\n<p>Los anteriores l\u00edderes del ISIS-J fueron eliminados por bombardeos a\u00e9reos estadounidenses en 2015 y 2016. El ISIS-J comenzaron a convertirse en una verdadera fuerza desestabilizadora en 2020 cuando la banda reagrupada atac\u00f3 la Universidad de Kabul, el ala de maternidad de M\u00e9dicos Sin Fronteras, el palacio presidencial y el aeropuerto.<\/p>\n<p>Informaci\u00f3n de la OTAN, recogida en un\u00a0<a href=\"https:\/\/documents-dds-ny.un.org\/doc\/UNDOC\/GEN\/N21\/107\/61\/PDF\/N2110761.pdf?OpenElement\" target=\"_blank\" rel=\"noopener\">informe de la ONU<\/a>, atribuye un m\u00e1ximo de 2 mil 200 yijadistas al ISIS-J, divididos en peque\u00f1as c\u00e9lulas. Significativamente, la mayor\u00eda absoluta son no afganos: iraqu\u00edes, saud\u00edes, kuwait\u00edes, pakistan\u00edes, uzbekos, chechenos y uigures.<\/p>\n<p>El verdadero peligro es que el ISIS-J funcione como una especie de im\u00e1n para todo tipo ex talibanes disgustados o se\u00f1ores de la guerra regionales desconcertados sin lugar adonde ir.<\/p>\n<h3><strong>EL PERFECTO OBJETIVO BLANDO<\/strong><\/h3>\n<p>La conmoci\u00f3n civil de estos \u00faltimos d\u00edas alrededor del aeropuerto de Kabul fue el perfecto objetivo blando para la carnicer\u00eda marca ISIS.<\/p>\n<p>Zabihullah Mujahid -el nuevo ministro talib\u00e1n de informaci\u00f3n en Kabul, que en su capacidad conversa con medios globales todos los d\u00edas- es quien realmente advirti\u00f3 a los miembros de la OTAN sobre un inminente ataque suicida del ISIS-J. Los diplom\u00e1ticos de Bruselas lo confirmaron.<\/p>\n<p>En paralelo, no es secreto alguno entre los c\u00edrculos de inteligencia en Eurasia que el ISIS-J se ha convertido desproporcionadamente m\u00e1s poderoso desde 2020 debido a una ruta de traslado desde Idlib, en Siria, al oriente de Afganist\u00e1n, informalmente conocido conversaciones de esp\u00edas como Daesh Airlines.<\/p>\n<p>Mosc\u00fa y Teher\u00e1n, incluso a muy altos niveles diplom\u00e1ticos, han culpado directamente al eje Estados Unidos-Reino como facilitadores esenciales. Hasta la BBC report\u00f3 a finales de 2017 sobre los cientos de yijadistas del ISIS a los que se les dio un salvoconducto para salir de Raqqa, y de Siria, justo frente a los estadounidenses.<\/p>\n<p>El ataque en Kabul se dio luego de dos acontecimientos importantes.<\/p>\n<p>El primero fue la declaraci\u00f3n de Mujahid durante una entrevista de la estadounidense NBC News a principios de esta semana, diciendo que\u00a0<a href=\"https:\/\/www.newsweek.com\/excuse-war-taliban-no-evidence-osama-bin-laden-was-behind-9-11-1623233\" target=\"_blank\" rel=\"noopener\">\"no hay pruebas\" de que Osama bin Laden estuviera detr\u00e1s del 11-S<\/a>, un argumento que ya hab\u00eda sugerido en\u00a0<a href=\"https:\/\/www.youtube.com\/watch?v=QiF3TQZSxhs&amp;t=266s&amp;ab_channel=TheGrayzone\" target=\"_blank\" rel=\"noopener\">este podcast<\/a>\u00a0la semana pasada.<\/p>\n<p>Esto quiere decir que el Talib\u00e1n ya empez\u00f3 una campa\u00f1a para desconectarse de la etiqueta \"terrorista\" asociada al 11-S. El pr\u00f3ximo paso puede consistir en argumentar que la ejecuci\u00f3n del 11-S se prepar\u00f3 en Hamburgo y los detalles operativos fueron coordinados desde dos apartamentos en Nueva Jersey.<\/p>\n<p>Nada que ver con los afganos. Y todo qued\u00e1ndose dentro de los par\u00e1metros de la narrativa oficial. Pero esa es otra historia inmensamente complicada.<\/p>\n<p>El Talib\u00e1n tendr\u00e1 que demostrar que el \"terrorismo\" ha tenido que ver con su enemigo letal, el ISIS, y mucho m\u00e1s all\u00e1 con la vieja escuela de Al-Qaeda, que alberg\u00f3 hasta 2001. Pero \u00bfpor qu\u00e9 deber\u00eda ser t\u00edmido con hacer tales declaraciones? Despu\u00e9s de todo, Estados Unidos rehabilit\u00f3 a Jabhat Al-Nusra -o Al-Qaeda en Siria- como \"rebeldes moderados\".<\/p>\n<p>El origen del ISIS es material incandescente. Fue engendrado en campos de prisiones en Irak, su n\u00facleo est\u00e1 formado por iraqu\u00edes, sus habilidades militares derivaron de ex oficiales del ej\u00e9rcito de Saddam, un grupo rebelde estimulado en 2003 por Paul Bremer, el jefe de la\u00a0<a href=\"https:\/\/es.wikipedia.org\/wiki\/Autoridad_Provisional_de_la_Coalici%C3%B3n\" target=\"_blank\" rel=\"noopener\">Autoridad Provisional de la Coalici\u00f3n<\/a>.<\/p>\n<p>El ISIS-J debidamente lleva el trabajo del ISIS del suroeste de Asia a las encrucijadas de Asia central y del sur en Afganist\u00e1n. No hay evidencia cre\u00edble de que el ISIS-J tenga lazos con la inteligencia militar pakistan\u00ed.<\/p>\n<p>Al contrario: el ISIS-J est\u00e1 holgadamente alineada con el Tehrik-e-Talib\u00e1n Pakist\u00e1n, tambi\u00e9n conocido como el Movimiento de los Talibanes Pakistan\u00edes, el enemigo mortal de Islamabad. Su agenda no tiene nada que ver con el Talib\u00e1n afgano liderado por el moderado Mul\u00e1 Baradar que particip\u00f3 en el proceso de Doha.<\/p>\n<h3><strong>OCS AL RESCATE<\/strong><\/h3>\n<p>El otro acontecimiento importante ligado al ataque en Kabul fue el que tom\u00f3 lugar solo un d\u00eda luego de otra llamada telef\u00f3nica entre los presidentes Vladimir Putin y Xi Jinping.<\/p>\n<div class=\"media media-element-container media-article_full\">\n<div id=\"file-2300\" class=\"file file-image file-image-jpeg\">\n<div class=\"content\">\n<div class=\"img-meta\">\n<div class=\"field field-name-field-file-image-credit-text field-type-text field-label-inline clearfix\">\n<div class=\"field-items\">\n<div class=\"field-item even\">El Kremlin subray\u00f3 la \"disposici\u00f3n [de China y Rusia] de intensificar los esfuerzos para combatir las amenazas del terrorismo y el narcotr\u00e1fico procedentes del territorio de Afganist\u00e1n\"; la \"importancia de establecer la paz\"; y \"evitar la propagaci\u00f3n de la inestabilidad a las regiones adyacentes\".<\/div>\n<\/div>\n<\/div>\n<\/div>\n<\/div>\n<\/div>\n<\/div>\n<p>Y eso llev\u00f3 al factor decisivo: se comprometieron conjuntamente a \"aprovecha el m\u00e1ximo potencial\" de la Organizaci\u00f3n de Cooperaci\u00f3n Shangh\u00e1i (OCS), fundada hace 20 a\u00f1os como los \"Cinco de Shangh\u00e1i\", incluso antes del 11-S, para combatir \"el terrorismo, el separatismo y el extremismo\".<\/p>\n<p>La cumbre OCS es el pr\u00f3ximo mes en Dusamb\u00e9 (Tayikist\u00e1n), en la que Ir\u00e1n, casi seguramente, ser\u00e1 admitido como miembro pleno. El bombardeo en Kabul ofrece a la OCS la oportunidad de dar un enf\u00e1tico paso adelante.<\/p>\n<p>Cualquiera sea la compleja coalici\u00f3n tribal que se forme para gobernar el Emirato Isl\u00e1mico de Afganist\u00e1n, ser\u00e1 entrelazada con el sistema completo de econom\u00eda regional y cooperaci\u00f3n securitaria, liderado por los tres actores principales de la integraci\u00f3n euroasi\u00e1tica: Rusia, China e Ir\u00e1n.<\/p>\n<p>El historial muestra que Mosc\u00fa tiene todo lo que se necesita para ayudar al Emirato Isl\u00e1mico contra el ISIS-J en Afganist\u00e1n. Despu\u00e9s de todo, los rusos desalojaron al ISIS de todas las partes significativas de Siria y lo confin\u00f3 al caldero de Idlib.<\/p>\n<p>Al final, nadie salvo el ISIS quiere un Afganist\u00e1n aterrorizado, as\u00ed como nadie quiere una guerra civil en Afganist\u00e1n. El orden de los negocios indica no solo un frontal combate liderado por la OCS contra las c\u00e9lulas terroristas del ISIS-J en Afganist\u00e1n, sino tambi\u00e9n una campa\u00f1a integral para drenar cualquier base social potencial para los takfiris en el centro y el sur de Asia.<\/p>\n","protected":false},"excerpt":{"rendered":"<p>Pepe Escobar (Misi\u00f3n Verdad, 29-8-21) &nbsp; El terrible ataque suicida en Kabul introduce un vector extra a una situaci\u00f3n ya incandescente: su finalidad es probar, a los afganos y al mundo exterior, que el naciente Emirato Is\u00f1\u00e1mico de Afganist\u00e1n es incapaz de asegurar la capital. Actualmente, al menos 103 personas -90 afganos (incluidos por lo [&hellip;]<\/p>\n","protected":false},"author":1,"featured_media":47665,"comment_status":"open","ping_status":"open","sticky":false,"template":"","format":"standard","meta":{"footnotes":""},"categories":[14,12],"tags":[],"class_list":["post-47693","post","type-post","status-publish","format-standard","has-post-thumbnail","hentry","category-internacionales","category-politica-3"],"_links":{"self":[{"href":"https:\/\/debateplural.net\/site\/wp-json\/wp\/v2\/posts\/47693"}],"collection":[{"href":"https:\/\/debateplural.net\/site\/wp-json\/wp\/v2\/posts"}],"about":[{"href":"https:\/\/debateplural.net\/site\/wp-json\/wp\/v2\/types\/post"}],"author":[{"embeddable":true,"href":"https:\/\/debateplural.net\/site\/wp-json\/wp\/v2\/users\/1"}],"replies":[{"embeddable":true,"href":"https:\/\/debateplural.net\/site\/wp-json\/wp\/v2\/comments?post=47693"}],"version-history":[{"count":1,"href":"https:\/\/debateplural.net\/site\/wp-json\/wp\/v2\/posts\/47693\/revisions"}],"predecessor-version":[{"id":47694,"href":"https:\/\/debateplural.net\/site\/wp-json\/wp\/v2\/posts\/47693\/revisions\/47694"}],"wp:featuredmedia":[{"embeddable":true,"href":"https:\/\/debateplural.net\/site\/wp-json\/wp\/v2\/media\/47665"}],"wp:attachment":[{"href":"https:\/\/debateplural.net\/site\/wp-json\/wp\/v2\/media?parent=47693"}],"wp:term":[{"taxonomy":"category","embeddable":true,"href":"https:\/\/debateplural.net\/site\/wp-json\/wp\/v2\/categories?post=47693"},{"taxonomy":"post_tag","embeddable":true,"href":"https:\/\/debateplural.net\/site\/wp-json\/wp\/v2\/tags?post=47693"}],"curies":[{"name":"wp","href":"https:\/\/api.w.org\/{rel}","templated":true}]}}