{"id":47707,"date":"2021-08-31T15:13:51","date_gmt":"2021-08-31T19:13:51","guid":{"rendered":"https:\/\/debateplural.com\/inicio\/?p=47707"},"modified":"2021-08-31T15:13:51","modified_gmt":"2021-08-31T19:13:51","slug":"tres-aniversarios","status":"publish","type":"post","link":"https:\/\/debateplural.net\/site\/2021\/08\/31\/tres-aniversarios\/","title":{"rendered":"Tres aniversarios"},"content":{"rendered":"<p>David Brooks (La Jornada, 31-8-21)<\/p>\n<p>&nbsp;<\/p>\n<p>La feroz urgencia del ahora. Este no es momento para empe\u00f1arnos en el lujo de la calma o de tomarnos la droga tranquilizante del gradualismo. Ahora es el tiempo de hacer realidad las promesas de la democracia\u201d, declar\u00f3 el reverendo Martin Luther King Jr, desde las escalinatas del Monumento a Lincoln al culminar la hist\u00f3rica Marcha a Washington Por Empleo y Libertad en 1963.<\/p>\n<p>Justo 58 a\u00f1os despu\u00e9s, el s\u00e1bado pasado miles marcharon hacia ese mismo lugar y en unas 40 ciudades del pa\u00eds, con veteranos del gran movimiento por la justicia racial encabezado por King \u2013el cual evolucion\u00f3 a incorporar la lucha contra la injusticia econ\u00f3mica del capitalismo y el militarismo imperial\u2013 abrazados de nuevas generaciones, haciendo eco de sus palabras y su compromiso moral.<\/p>\n<p>La demanda central y unida del mosaico de esta movilizaci\u00f3n fue algo que no deja de ser asombroso dentro del propio pa\u00eds que no deja de proclamarse el\u00a0faro de la democraciaen el mundo: el derecho pleno al voto.<\/p>\n<p>El reverendo William Barber, quien con otros resucit\u00f3 la Campa\u00f1a de los Pobres \u2013la \u00faltima iniciativa de King antes de ser asesinado\u2013 coment\u00f3 en los actos del aniversario que \u201ctodo estadunidense deber\u00eda estar pre-ocupado\u2026 puede ser que ya es una oligarqu\u00eda civil y no una democracia, y el pr\u00f3ximo paso es una autocracia\u201d. Al encabezar marchas, manifestaciones y acciones de desobediencia civil por todo el pa\u00eds para defender el derecho al voto ante casi 400 iniciativas promovidas por republicanos para suprimir el voto sobre todo de minor\u00edas y pobres en 48 estados (por lo menos 18 estados ya han implementado leyes con ese prop\u00f3sito). Barber resalt\u00f3 que las mismas fuerzas que est\u00e1n suprimiendo el voto, \u201cest\u00e1n suprimiendo los salarios dignos, la salud universal, los derechos de los inmigrantes\u2026 todo est\u00e1 vinculado\u201d.<\/p>\n<p><a href=\"http:\/\/localhost\/debateplural\/wp-content\/uploads\/2018\/04\/large_nCXlLUA1l-LCh8oVEcLSjDRNRkr6T1v0M8mAExECycA.jpg\"><img loading=\"lazy\" decoding=\"async\" class=\"aligncenter size-full wp-image-23915\" src=\"http:\/\/localhost\/debateplural\/wp-content\/uploads\/2018\/04\/large_nCXlLUA1l-LCh8oVEcLSjDRNRkr6T1v0M8mAExECycA.jpg\" alt=\"\" width=\"1008\" height=\"435\" srcset=\"https:\/\/debateplural.net\/site\/wp-content\/uploads\/2018\/04\/large_nCXlLUA1l-LCh8oVEcLSjDRNRkr6T1v0M8mAExECycA.jpg 1008w, https:\/\/debateplural.net\/site\/wp-content\/uploads\/2018\/04\/large_nCXlLUA1l-LCh8oVEcLSjDRNRkr6T1v0M8mAExECycA-300x129.jpg 300w, https:\/\/debateplural.net\/site\/wp-content\/uploads\/2018\/04\/large_nCXlLUA1l-LCh8oVEcLSjDRNRkr6T1v0M8mAExECycA-768x331.jpg 768w, https:\/\/debateplural.net\/site\/wp-content\/uploads\/2018\/04\/large_nCXlLUA1l-LCh8oVEcLSjDRNRkr6T1v0M8mAExECycA-810x350.jpg 810w\" sizes=\"(max-width: 1008px) 100vw, 1008px\" \/><\/a><\/p>\n<p>A la vez, est\u00e1 por marcarse el 20 aniversario del 11-S y la proclamaci\u00f3n de la\u00a0guerra contra el terror. Como en su momento advirti\u00f3 Howard Zinn, el t\u00e9rmino es absurdo, ya que\u00a0toda guerra es terrorismo. M\u00e1s a\u00fan, la declaraci\u00f3n b\u00e9lica aparentemente eterna fue tambi\u00e9n una declaraci\u00f3n de guerra contra libertades civiles y derechos humanos dentro de este pa\u00eds y en cualquier parte del mundo donde deseaba operar Washington al realizarse detenciones masivas arbitrarias, lanzar nuevos sistemas de espionaje masivo de ciudadanos, desapariciones, tortura, y campos de concentraci\u00f3n (Guant\u00e1namo), asesinatos y m\u00e1s \u2013todo supuestamente prohibido por ley. Y el temor empleado para justificar todo.<\/p>\n<p>Viente a\u00f1os despu\u00e9s, todos son testigos al desastroso fin de la aventura b\u00e9lica estadunidense en Afganist\u00e1n, el primer frente de esa guerra contra el\u00a0terror. Circula una broma:\u00a0si alguna vez te sientes in\u00fatil, recuerda que tom\u00f3 20 a\u00f1os, billones de d\u00f3lares y cuatro presidentes estadunidenses para remplazar al Talib\u00e1n con el Talib\u00e1n.<\/p>\n<p>A la vez, en otro rudo recordatorio m\u00e1s de la emergencia del cambio clim\u00e1tico, el mega-hurac\u00e1n\u00a0<em>Ida<\/em>\u00a0est\u00e1 azotando la regi\u00f3n devastada por el hurac\u00e1n\u00a0<em>Katrina<\/em>\u00a0hace exactamente 16 a\u00f1os este domingo.<\/p>\n<p>A diferencia de\u00a0<em>Katrina<\/em>,\u00a0<em>Ida<\/em>\u00a0llega ahora a un territorio sitiado por el Covid-19. En Nueva Orle\u00e1ns, los hospitales no pod\u00edan evacuar pacientes a otras partes de la regi\u00f3n porque no hay cupo, reporta Ap. Si la tormenta obliga a la gente a refugiarse en centros masivos como la vez pasada, los expertos de salud p\u00fablica pronostican una pesadilla de contagios. Como siempre, las consecuencias m\u00e1s severas del cambio clim\u00e1tico, como de la pandemia, son padecidas por los m\u00e1s pobres y vulnerables.<\/p>\n<p>Tres aniversarios marcan la coyuntura estadunidense. Es como que los fantasmas del pasado se unieron para enviar un mensaje claro y directo al presente: los ataques contra los derechos democr\u00e1ticos, las guerras y el cambio clim\u00e1tico est\u00e1n poniendo en jaque al futuro de todos.<\/p>\n<p>Los que siempre han rescatado a este pa\u00eds desde abajo necesitan m\u00e1s que nunca de la solidaridad de fuerzas progresistas alrededor del mundo para actuar ante esta\u00a0feroz urgencia del ahora.<\/p>\n","protected":false},"excerpt":{"rendered":"<p>David Brooks (La Jornada, 31-8-21) &nbsp; La feroz urgencia del ahora. Este no es momento para empe\u00f1arnos en el lujo de la calma o de tomarnos la droga tranquilizante del gradualismo. Ahora es el tiempo de hacer realidad las promesas de la democracia\u201d, declar\u00f3 el reverendo Martin Luther King Jr, desde las escalinatas del Monumento [&hellip;]<\/p>\n","protected":false},"author":1,"featured_media":47708,"comment_status":"open","ping_status":"open","sticky":false,"template":"","format":"standard","meta":{"footnotes":""},"categories":[14,12],"tags":[],"class_list":["post-47707","post","type-post","status-publish","format-standard","has-post-thumbnail","hentry","category-internacionales","category-politica-3"],"_links":{"self":[{"href":"https:\/\/debateplural.net\/site\/wp-json\/wp\/v2\/posts\/47707"}],"collection":[{"href":"https:\/\/debateplural.net\/site\/wp-json\/wp\/v2\/posts"}],"about":[{"href":"https:\/\/debateplural.net\/site\/wp-json\/wp\/v2\/types\/post"}],"author":[{"embeddable":true,"href":"https:\/\/debateplural.net\/site\/wp-json\/wp\/v2\/users\/1"}],"replies":[{"embeddable":true,"href":"https:\/\/debateplural.net\/site\/wp-json\/wp\/v2\/comments?post=47707"}],"version-history":[{"count":1,"href":"https:\/\/debateplural.net\/site\/wp-json\/wp\/v2\/posts\/47707\/revisions"}],"predecessor-version":[{"id":47709,"href":"https:\/\/debateplural.net\/site\/wp-json\/wp\/v2\/posts\/47707\/revisions\/47709"}],"wp:featuredmedia":[{"embeddable":true,"href":"https:\/\/debateplural.net\/site\/wp-json\/wp\/v2\/media\/47708"}],"wp:attachment":[{"href":"https:\/\/debateplural.net\/site\/wp-json\/wp\/v2\/media?parent=47707"}],"wp:term":[{"taxonomy":"category","embeddable":true,"href":"https:\/\/debateplural.net\/site\/wp-json\/wp\/v2\/categories?post=47707"},{"taxonomy":"post_tag","embeddable":true,"href":"https:\/\/debateplural.net\/site\/wp-json\/wp\/v2\/tags?post=47707"}],"curies":[{"name":"wp","href":"https:\/\/api.w.org\/{rel}","templated":true}]}}