{"id":47820,"date":"2021-09-14T09:10:20","date_gmt":"2021-09-14T13:10:20","guid":{"rendered":"https:\/\/debateplural.com\/inicio\/?p=47820"},"modified":"2021-09-14T11:12:11","modified_gmt":"2021-09-14T15:12:11","slug":"brasil-la-respuesta-a-jair-bolsonaro","status":"publish","type":"post","link":"https:\/\/debateplural.net\/site\/2021\/09\/14\/brasil-la-respuesta-a-jair-bolsonaro\/","title":{"rendered":"Brasil: La respuesta a Jair Bolsonaro"},"content":{"rendered":"<p>Eric Nepomuceno )Pagina 12, 8-9-21)<\/p>\n<p>&nbsp;<\/p>\n<p>Luego de las manifestaciones claramente golpistas encabezadas por Jair Bolsonaro el pasado martes, este mi\u00e9rcoles la tensi\u00f3n persisti\u00f3 en Brasilia y en varias provincias brasile\u00f1as.<\/p>\n<p>Camioneros, obedeciendo a sus patrones, grandes empresarios del agro, cerraron carreteras en al menos seis provincias y, en Brasilia, trataron de acercarse, en una actitud claramente agresiva, tanto al Congreso como especialmente al Supremo Tribunal Federal, instancia m\u00e1xima de la Justicia dur\u00edsimamente atacada por el mandatario ultraderechista en sus pronunciamientos. Hasta el comienzo de la noche de fueron contenidos por las fuerzas de seguridad.<\/p>\n<h3>Bolsonaristas<\/h3>\n<p>Como se esperaba, la reacci\u00f3n de pol\u00edticos oscil\u00f3 entre pedidos de apertura de un juicio de destituci\u00f3n en la C\u00e1mara de Diputados y comentarios discretos de los aliados m\u00e1s cercanos a Bolsonaro, que reconocieron dos cosas. La primera, que en las manifestaciones hubo mucha menos gente que lo esperado. Y la segunda, que el ultraderechista estir\u00f3 a\u00fan m\u00e1s una cuerda que est\u00e1 a punto de romperse.<\/p>\n<p><strong>Reconocieron tambi\u00e9n que, en definitiva, Bolsonaro no oye a nadie m\u00e1s all\u00e1 de los demonios interiores que lo atormentan.<\/strong><\/p>\n<h3>En el Congreso<\/h3>\n<p>Como se esperaba, la reacci\u00f3n de Artur Lira, presidente de la C\u00e1mara de Diputados, en cuyo caj\u00f3n reposan m\u00e1s de un centenar de pedidos de apertura del tal juicio, fue tibia.<\/p>\n<p>L\u00edder de un grupo de partidos derechistas que tienen por tradici\u00f3n alquilarse a cualquier presidente \u2013 estuvieron con todos, Lula inclusive \u2013, fue ambiguo. Intent\u00f3 demostrar alg\u00fan rigor, lanz\u00f3 un \u201cbasta\u201d a la escalada de agresiones de parte del mandatario, pero pas\u00f3 a millas mar\u00edtimas de distancia de presionar Bolsonaro con la posibilidad de aceptar una denuncia de crimen de responsabilidad a ra\u00edz del anuncio presidencial de que no pretende obedecer a determinaciones de la Corte Suprema.<\/p>\n<p>Ya el Fiscal General de la Rep\u00fablica, a quien le toca, seg\u00fan la Constituci\u00f3n, denunciar cr\u00edmenes cometidos por las autoridades, el presidente entre ellas, opt\u00f3 por insinuar alguna dureza en sus declaraciones, pero mantuvo su sumisi\u00f3n al mandatario golpista.<\/p>\n<h3>En tribunales<\/h3>\n<p>Mencion\u00f3 problemas ocurridos en una \u201cfiesta c\u00edvica\u201d olvid\u00e1ndose que, en realidad, lo que hubo fue una incitaci\u00f3n a la ruptura entre los tres poderes, o sea, un golpe de Estado.<\/p>\n<p><strong>Vino precisamente de Luiz Fux, presidente del Supremo Tribunal Federal, la reacci\u00f3n m\u00e1s dura y contundente.<\/strong><\/p>\n<p>Dejando a un lado su lenguaje retorcido y lleno de muestras de su alt\u00edsimo saber jur\u00eddico, Fux fue claro en sus cr\u00edticas.<\/p>\n<blockquote><p>Denunci\u00f3 que las amenazas del presidente a los tribunales configuran acto \u201cantidemocr\u00e1tico, il\u00edcito, intolerable\u201d, dijo lo obvio \u2013 que no obedecer a determinaciones de un integrante de la Corte Suprema constituye \u201ccrimen de responsabilidad\u201d \u2013, y en tono en\u00e9rgico asegur\u00f3 que \u201cnadie cerrar\u00e1\u201d la instituci\u00f3n presidida por \u00e9l.<\/p><\/blockquote>\n<p><strong>En resumen, clasific\u00f3 lo ocurrido el martes como lo que efectivamente fue: puro golpismo.<\/strong><\/p>\n<blockquote><p>Mencion\u00f3 el tr\u00e1gico cuadro vivido por Brasil, con inflaci\u00f3n, desempleo, mortandad causada por la inercia gubernamental frente a la pandemia, la escasez de agua y la consecuente amenaza de un apag\u00f3n en la energ\u00eda el\u00e9ctrica, para dejar claro que no hay gobierno.<\/p><\/blockquote>\n<p>Y termin\u00f3 diciendo que, en caso de \u201ccrimen de responsabilidad\u201d, es decir, si Bolsonaro efectivamente desobedece a alguna decisi\u00f3n de miembros de la Corte Suprema, le tocar\u00e1 a la C\u00e1mara de Diputados llevar el proceso hacia adelante.<\/p>\n<p>Es lo que efectivamente dispone la Constituci\u00f3n. Y es lo que efectivamente el presidente de la C\u00e1mara, \u00fanico autorizado a aceptar un pedido de juicio de destituci\u00f3n, se niega a hacer, a cambio de m\u00e1s y m\u00e1s puestos y presupuestos para distribuir entre sus aliados.<\/p>\n<h3>Presi\u00f3n<\/h3>\n<p>De todas formas, la presi\u00f3n sobre Bolsonaro aument\u00f3 mucho. Empresarios de los m\u00e1s distintos sectores criticaron duramente sus pronunciamientos golpistas. La Bolsa de San Pablo se derrumb\u00f3, d\u00f3lar y euro engordaron substancialmente frente al real.<\/p>\n<p>Nada de eso, en todo caso, ser\u00e1 suficiente para contener la truculencia desvariada de Bolsonaro.<\/p>\n<p>Se sabe que, cuando acosado con intensidad cada vez mayor, un psic\u00f3pata suele reaccionar con m\u00e1s y m\u00e1s agresividad.<\/p>\n<p>Es lo que se espera. Y el \u00fanico ant\u00eddoto contra ese cuadro ser\u00eda que el presidente de la C\u00e1mara y sus aliados alquilados por Bolsonaro entendiesen finalmente que ya basta, que empiezan a perder sus bases electorales.<\/p>\n<h3>Derrumbe<\/h3>\n<p>Ser\u00eda: no hay indicios de que eso ocurra a corto o mediano plazo.<\/p>\n<blockquote><p>Y as\u00ed el pa\u00eds seguir\u00e1 siendo machacado por Bolsonaro y el ala m\u00e1s fanatizada de sus seguidores, que conforman alrededor de 15 por ciento de los 210 millones de brasile\u00f1os.<\/p><\/blockquote>\n<p>Todos los dem\u00e1s seguir\u00e1n padeciendo, sin defensa, los crecientes efectos del derrumbe del pa\u00eds.<\/p>\n","protected":false},"excerpt":{"rendered":"<p>Eric Nepomuceno )Pagina 12, 8-9-21) &nbsp; Luego de las manifestaciones claramente golpistas encabezadas por Jair Bolsonaro el pasado martes, este mi\u00e9rcoles la tensi\u00f3n persisti\u00f3 en Brasilia y en varias provincias brasile\u00f1as. Camioneros, obedeciendo a sus patrones, grandes empresarios del agro, cerraron carreteras en al menos seis provincias y, en Brasilia, trataron de acercarse, en una [&hellip;]<\/p>\n","protected":false},"author":1,"featured_media":44755,"comment_status":"open","ping_status":"open","sticky":false,"template":"","format":"standard","meta":{"footnotes":""},"categories":[14,12],"tags":[],"class_list":["post-47820","post","type-post","status-publish","format-standard","has-post-thumbnail","hentry","category-internacionales","category-politica-3"],"_links":{"self":[{"href":"https:\/\/debateplural.net\/site\/wp-json\/wp\/v2\/posts\/47820"}],"collection":[{"href":"https:\/\/debateplural.net\/site\/wp-json\/wp\/v2\/posts"}],"about":[{"href":"https:\/\/debateplural.net\/site\/wp-json\/wp\/v2\/types\/post"}],"author":[{"embeddable":true,"href":"https:\/\/debateplural.net\/site\/wp-json\/wp\/v2\/users\/1"}],"replies":[{"embeddable":true,"href":"https:\/\/debateplural.net\/site\/wp-json\/wp\/v2\/comments?post=47820"}],"version-history":[{"count":1,"href":"https:\/\/debateplural.net\/site\/wp-json\/wp\/v2\/posts\/47820\/revisions"}],"predecessor-version":[{"id":47821,"href":"https:\/\/debateplural.net\/site\/wp-json\/wp\/v2\/posts\/47820\/revisions\/47821"}],"wp:featuredmedia":[{"embeddable":true,"href":"https:\/\/debateplural.net\/site\/wp-json\/wp\/v2\/media\/44755"}],"wp:attachment":[{"href":"https:\/\/debateplural.net\/site\/wp-json\/wp\/v2\/media?parent=47820"}],"wp:term":[{"taxonomy":"category","embeddable":true,"href":"https:\/\/debateplural.net\/site\/wp-json\/wp\/v2\/categories?post=47820"},{"taxonomy":"post_tag","embeddable":true,"href":"https:\/\/debateplural.net\/site\/wp-json\/wp\/v2\/tags?post=47820"}],"curies":[{"name":"wp","href":"https:\/\/api.w.org\/{rel}","templated":true}]}}