{"id":47830,"date":"2021-09-15T11:30:46","date_gmt":"2021-09-15T15:30:46","guid":{"rendered":"http:\/\/debateplural.com\/inicio\/?p=47830"},"modified":"2021-09-15T11:30:46","modified_gmt":"2021-09-15T15:30:46","slug":"a-20-anos-del-11-s-el-terrorismo-apunta-a-eeuu-desde-adentro","status":"publish","type":"post","link":"https:\/\/debateplural.net\/site\/2021\/09\/15\/a-20-anos-del-11-s-el-terrorismo-apunta-a-eeuu-desde-adentro\/","title":{"rendered":"A 20 a\u00f1os del 11-S, el terrorismo apunta a EEUU desde adentro"},"content":{"rendered":"<p>Franco Vielma (Mision Verdad, 14-9-21)<\/p>\n<p>&nbsp;<\/p>\n<p>Transcurridos 20 a\u00f1os del 11 de septiembre de 2001 (11-S) en Nueva York, es evidente que la pol\u00edtica transnacional de la seguridad estadounidense se ha desplazado de manera multidireccional, pero se ha focalizado en el Medio Oriente aplicando los fundamentos de una \"Guerra Global\" contra el terrorismo.<\/p>\n<p>Consum\u00e1ndose los 20 a\u00f1os del fracaso de la invasi\u00f3n de Afganist\u00e1n, tanto como la de Irak e intervenciones en Libia y Siria, es evidente que la industria armamentista estadounidense encontr\u00f3 un asidero claro en estos pa\u00edses, acompasando el uso de las armas con acciones simult\u00e1neas de degradaci\u00f3n de los Estados-naci\u00f3n y la demolici\u00f3n parcial de sociedades enteras.<\/p>\n<p>Ha transcurrido el per\u00edodo hist\u00f3rico del auge de Al-Qaeda, cuando fuera considerada la principal amenaza a la seguridad estadounidense, pero luego sobrevinieron Al-Nusra y seguidamente el Estado Isl\u00e1mico. Han aparecido como otros actores que han justificado, te\u00f3ricamente, la profundidad y alcance de la agresividad estadounidense.<\/p>\n<p>Sin embargo, hay un claro deslinde entre la trasnacionalizaci\u00f3n de la seguridad interna estadounidense\u00a0versus el tratamiento de\u00a0<a href=\"https:\/\/www.eldiario.es\/internacional\/theguardian\/20-anos-11-s-terrorismo-extrema-derecha-ahora-principal-amenaza-eeuu_1_8276382.html\" target=\"_blank\" rel=\"noopener\">amenazas reales<\/a>\u00a0dentro de su propio territorio.<\/p>\n<p>A inicios de este a\u00f1o, el asalto al Capitolio, sede del Congreso estadounidense, por partidarios de Donald Trump, figur\u00f3 como un evento donde todas las creencias sobre la seguridad interna han quedado comprometidas. Estados Unidos demostr\u00f3 ser un pa\u00eds vulnerable, no exento de conmociones a gran escala.<\/p>\n<p>Los eventos en Capitol Hill tuvieron adem\u00e1s un insumo narrativo in\u00e9dito, pues consisti\u00f3 en una arremetida m\u00e1s que simb\u00f3lica de los grupos de ultraderecha en ese pa\u00eds, quienes demostraron que la cima del poder nacional era un flanco expuesto.<\/p>\n<h3><strong>DURMIENDO CON EL ENEMIGO<\/strong><\/h3>\n<p>Acorde a las autoridades de seguridad estadounidenses, entre 2009 y 2018 la extrema derecha en ese pa\u00eds fue responsable del 73% de las muertes relacionadas con extremismo. Los extremistas de derecha mataron a m\u00e1s personas en 2018 que en cualquier a\u00f1o desde 1995, cuando una bomba colocada por un extremista antigubernamental mat\u00f3 a 168 personas en un edificio federal en la ciudad de Oklahoma. Este fue el caso de Timothy McVeigh, autor del peor atentado terrorista en Estados Unidos antes del 11-S.<\/p>\n<p>En octubre de 2020 la Oficina Federal de Investigaciones (FBI, por sus siglas en ingl\u00e9s) detuvo a un grupo de hombres vinculados a milicias de extrema derecha que\u00a0<a href=\"https:\/\/www.bbc.com\/mundo\/noticias-internacional-54719236\" target=\"_blank\" rel=\"noopener\">planeaban secuestrar<\/a>\u00a0a la gobernadora del estado de Michigan, Gretchen Whitmer.<\/p>\n<p>Posterior a estos eventos se dio a conocer un informe del Departamento de Seguridad Nacional donde Chad Wolf, secretario interino, declar\u00f3:<\/p>\n<p class=\"graf--startsWithDoubleQuote\">\"Como Secretario, me preocupa cualquier forma de extremismo violento [\u2026], sin embargo, estoy particularmente preocupado por los extremistas violentos de la supremac\u00eda blanca que han sido excepcionalmente letales en sus aborrecibles ataques\" en los \u00faltimos tiempos, confes\u00f3.<\/p>\n<p>Los datos que presenta el documento son contundentes: casi el 70% de los atentados y complots que sufri\u00f3 el pa\u00eds en los primeros ocho meses de 2020 est\u00e1n enmarcados en el \"supremacismo blanco\", una categor\u00eda enmarcada en la extrema derecha. En estos ataques murieron 39 personas.<\/p>\n<p>En marzo de este a\u00f1o, el director del FBI Christopher Wray\u00a0<a href=\"https:\/\/elpais.com\/internacional\/2021-03-03\/el-director-del-fbi-alerta-sobre-el-aumento-de-los-casos-de-terrorismo-nacional-tras-el-asalto-al-capitolio.html\" target=\"_blank\" rel=\"noopener\">declar\u00f3 ante el Congreso<\/a>, justo cuando se hac\u00edan las comparecencias por los hechos de enero en Capitol Hill. Wray indic\u00f3 que sus agentes estaban investigando hasta ese momento\u00a0cerca de 2 mil casos de terrorismo nacional. Son m\u00e1s del doble que cuando lleg\u00f3 a la direcci\u00f3n del Bureau en 2017, ha explicado, y el n\u00famero \"se ha disparado desde el asalto al Capitolio el pasado 6 de enero\".<\/p>\n<p class=\"graf--startsWithDoubleQuote\">\"El 6 de enero no fue un hecho aislado. El problema del terrorismo nacional ha estado metastatizando por todo el pa\u00eds desde hace mucho tiempo y no va a desaparecer pronto\", ha advertido Wray.<\/p>\n<p>El fen\u00f3meno del que alerta Wray explica que el FBI, que dirigi\u00f3 su foco al terrorismo internacional despu\u00e9s de los atentados del 11 de septiembre de 2001, se encuentre en un proceso de adaptaci\u00f3n para enfocarse en la amenaza de los grupos racistas y de extrema derecha. En otras palabras, para el director del bur\u00f3 la pol\u00edtica de seguridad estadounidense debe mirar hacia adentro.<\/p>\n<h3><strong>ALGUNOS ELEMENTOS DE FONDO<\/strong><\/h3>\n<p>Las expresiones de extrema derecha en Estados Unidos\u00a0tienen un v\u00ednculo hist\u00f3rico y sociol\u00f3gico claro con la historia del supremacismo blanco en ese pa\u00eds, por las propias derivaciones generadas desde la era de la segregaci\u00f3n racial.<\/p>\n<p>Antes de ello, existieron condiciones acelerantes de tensiones raciales por las propias inercias y heridas heredadas de los procesos de esclavitud y luego su abolici\u00f3n, tanto como la propia Guerra Civil estadounidense.<\/p>\n<p>Estas claves estructurales se trasladan al presente desde muchos \u00e1ngulos. La denunciada existencia de una estructura racista en ese pa\u00eds\u00a0tambi\u00e9n es retroalimentada por el bucle constante de violencia policial, con especial predilecci\u00f3n contra los afroamericanos, seguidos de los constantes estallidos y reacciones consecuencia de esas pr\u00e1cticas estructuradas, como el que desat\u00f3 en 2020 el asesinato de George Floyd a manos de un polic\u00eda blanco.<\/p>\n<p>Sin embargo, hay tambi\u00e9n otras claves. Varias de ellas tienen lugar en algunas expresiones del cristianismo evang\u00e9lico, el liberalismo a ultranza y su impl\u00edcita insubordinaci\u00f3n al Estado, la pugna natural entre la ideolog\u00eda conservadora versus las formas de progresismo y, por supuesto, el h\u00e1bitat de una sociedad estadounidense que ha dejado de ser un \"sue\u00f1o\" y se ha convertido en un hervidero de tensiones sociales multidireccionales, con desigualdad, p\u00e9rdida de derechos e injusticias, descollando con gran \u00edmpetu.<\/p>\n<p>La sociedad estadounidense tiene adem\u00e1s un ingrediente potencialmente peligroso y es el de la proliferaci\u00f3n de armas. Acorde a\u00a0<a href=\"https:\/\/cnnespanol.cnn.com\/2021\/06\/23\/armas-estados-unidos-cultura-comparacion-mundo-trax\/\" target=\"_blank\" rel=\"noopener\">datos ofrecidos<\/a>\u00a0en junio de 2021 por\u00a0<em>CNN<\/em>, hay una estimaci\u00f3n de 310 millones de armas en manos de la poblaci\u00f3n estadounidense, muchas de ellas son de alto calibre y est\u00e1n concentradas en reductos espec\u00edficos de la poblaci\u00f3n, con tendencias ideol\u00f3gicas a la derecha.<\/p>\n<p>La complejidad en el cuadro de situaciones potencialmente peligrosas en Estados Unidos ha tenido el ingrediente acelerante de la pandemia, la cual impuso nuevas condiciones, como confinamientos en las ciudades del pa\u00eds.<\/p>\n<p>Sin embargo, la propia pandemia propici\u00f3 la respuesta de grupos de derecha contra las medidas sanitarias, incluyendo el uso de mascarillas. Vale la pena recordar\u00a0el secuestro frustrado contra la gobernadora de Michigan, Gretchen Whitmer, que estaba justificado, seg\u00fan los detenidos, por las medidas sanitarias ejecutadas por la funcionaria.<\/p>\n<p>Desde el auge de la pandemia, seguidores de Trump, supremacistas, ideologizados de derecha y antivacunas, han hecho presencia en la vida estadounidense manifest\u00e1ndose p\u00fablicamente y sobresaliendo como un sector importante de ese pa\u00eds, atizando en el cuadro de tensiones dom\u00e9sticas justo en los peores meses de la pandemia durante 2020 y 2021. Todo lo han hecho apelando a principios del liberalismo a ultranza y sus interpretaciones sobre la libertad y autodeterminaci\u00f3n individual.<\/p>\n<p>Es preciso considerar en este contexto que, lo que en a\u00f1os anteriores se entendi\u00f3 como un punto de expresi\u00f3n de la \"tolerancia\" de la \"democracia\" estadounidense a su diversidad, en los \u00faltimos a\u00f1os ha resultado mal.<\/p>\n<p>En otras palabras, cuando las autoridades de Estados Unidos reconoc\u00edan la existencia\u00a0<a href=\"https:\/\/www.elmundo.es\/america\/2010\/09\/20\/estados_unidos\/1285013656.html\" target=\"_blank\" rel=\"noopener\">del llamado \"Tea Party\"<\/a>, jam\u00e1s entendieron que de estas expresiones podr\u00edan evolucionar formas pol\u00edticas abiertas y catalizadoras para saqueadores del Capitolio y antivacunas sin mascarillas aglomerados en las calles durante la pandemia.<\/p>\n<p>Pero es grave a\u00fan\u00a0que en suma haya expresiones germinales en la escena abierta que han sido inherentes al desarrollo de un proceso silencioso, dosificado pero acumulado, de terrorismo dom\u00e9stico, de orientaci\u00f3n supremacista y extremista.<\/p>\n<h3><strong>EL ENEMIGO \"DIFUSO\"<\/strong><\/h3>\n<p>Acorde a una publicaci\u00f3n de Adam Gabbatt para\u00a0<a href=\"https:\/\/www.theguardian.com\/us-news\/2021\/sep\/06\/terrorism-far-right-white-supremacists-911-us?CMP=Share_AndroidApp_Other\" target=\"_blank\" rel=\"noopener\"><em>The Guardian<\/em><\/a>, Joe Biden ha sido menos reacio que sus predecesores a identificar el peligro para los ciudadanos estadounidenses. En junio de 2021, Biden dijo que los supremacistas blancos son la \"amenaza m\u00e1s letal\" para los estadounidenses, y m\u00e1s tarde ese mes su administraci\u00f3n dio a conocer un plan amplio para abordar el problema.<\/p>\n<p>Gabbatt refiere a PW Singer, un estratega que se ha desempe\u00f1ado como consultor del ej\u00e9rcito de Estados Unidos, la comunidad de inteligencia y el FBI, y es miembro de New American, un grupo de expertos en pol\u00edticas p\u00fablicas. Este dijo que la creciente amenaza del supremacismo blanco en dicho pa\u00eds era demasiado compleja para culpar solo a una falta de atenci\u00f3n por parte de las agencias de inteligencia del gobierno, \"pero ciertamente no ayud\u00f3 a detenerlo\", apunt\u00f3.<\/p>\n<p class=\"graf--startsWithDoubleQuote\">\"Piense en ello como algo parecido a una enfermedad que afecta al cuerpo pol\u00edtico. La persona no solo estaba en negaci\u00f3n activa, evitando deliberadamente las medidas necesarias para combatirla, sino que las defensas normales utilizadas contra otras amenazas similares no se desplegaron\".<\/p>\n<p>Es posible que Trump se haya ido, refiere Gabbatt, pero parece poco probable que se detenga la complacencia de algunos republicanos con los extremistas de derecha.<\/p>\n<p>Recientemente, August Mo Brooks, un congresista republicano de Alabama, defendi\u00f3 a un partidario de Trump que llev\u00f3 a cabo una amenaza de bomba en el Capitolio.<\/p>\n<p>\"Aunque la motivaci\u00f3n de este terrorista a\u00fan no se conoce p\u00fablicamente, en t\u00e9rminos generales entiendo la ira ciudadana dirigida al socialismo dictatorial y su amenaza a la libertad y el tejido mismo de la sociedad estadounidense\",\u00a0<a href=\"https:\/\/twitter.com\/RepMoBrooks\/status\/1428422048368533515?s=20\" target=\"_blank\" rel=\"noopener\">tuite\u00f3 Brooks<\/a>\u00a0en referencia al gobierno de Biden, horas despu\u00e9s de que el hombre se hab\u00eda estacionado cerca del Capitolio y la Corte Suprema y le dijo a la polic\u00eda que ten\u00eda una bomba.<\/p>\n<p>\"La forma de detener la marcha del socialismo es que los estadounidenses patriotas luchen en las elecciones de 2022 y 2024&#8243;, dijo Brooks. \"Dicho sin rodeos, el futuro de Estados Unidos est\u00e1 en riesgo\", remat\u00f3 el congresista, refiriendo \"amenazas\", pero desde el \u00e1ngulo de la extrema derecha.<\/p>\n<p>La publicaci\u00f3n de\u00a0<em>The Guardian<\/em>\u00a0sentencia con una frase lapidaria de Singer:<\/p>\n<p class=\"graf--startsWithDoubleQuote\">\"Lo que una vez fue el extremo inaceptable se ha convertido en una parte aceptada de nuestra pol\u00edtica y medios\".<\/p>\n<p>Las dudas sobre la eficacia de la pol\u00edtica estadounidense para lidiar con su amenaza interna\u00a0yacen tambi\u00e9n en el propio car\u00e1cter polifuncional de los extremismos en ese pa\u00eds. No obedecen a estructuras medianamente centralizadas y se han configurado en total medida con muchos \u00e1mbitos de la vida nacional de maneras \"pac\u00edficas\" y con modalidades pol\u00edticamente abiertas.<\/p>\n<p>Si para el gobierno estadounidense su cruzada contra actos potenciales de terrorismo consisten solo en la acci\u00f3n quir\u00fargica sobre grupos legalmente armados, tendr\u00e1n la guerra perdida al largo plazo, pues es en la subjetividad y los sentidos comunes ya consolidados y ampliamente promovidos donde germinan las derivaciones violentas. Estas ya alcanzaron lo m\u00e1s alto de la pol\u00edtica de su pa\u00eds.<\/p>\n<p>La creencia de que todas las expresiones de violencia extremista de ultraderecha vendr\u00e1n solo de \"lobos solitarios\" como Timothy McVeigh han quedado desfasadas. Estados Unidos se perfila a tratar el tema como un problema fundamentalmente en el plano de la seguridad, cuando en realidad es un asunto pol\u00edtico y en un amplio espectro.<\/p>\n","protected":false},"excerpt":{"rendered":"<p>Franco Vielma (Mision Verdad, 14-9-21) &nbsp; Transcurridos 20 a\u00f1os del 11 de septiembre de 2001 (11-S) en Nueva York, es evidente que la pol\u00edtica transnacional de la seguridad estadounidense se ha desplazado de manera multidireccional, pero se ha focalizado en el Medio Oriente aplicando los fundamentos de una \"Guerra Global\" contra el terrorismo. Consum\u00e1ndose los [&hellip;]<\/p>\n","protected":false},"author":1,"featured_media":47808,"comment_status":"open","ping_status":"open","sticky":false,"template":"","format":"standard","meta":{"footnotes":""},"categories":[14,12],"tags":[],"class_list":["post-47830","post","type-post","status-publish","format-standard","has-post-thumbnail","hentry","category-internacionales","category-politica-3"],"_links":{"self":[{"href":"https:\/\/debateplural.net\/site\/wp-json\/wp\/v2\/posts\/47830"}],"collection":[{"href":"https:\/\/debateplural.net\/site\/wp-json\/wp\/v2\/posts"}],"about":[{"href":"https:\/\/debateplural.net\/site\/wp-json\/wp\/v2\/types\/post"}],"author":[{"embeddable":true,"href":"https:\/\/debateplural.net\/site\/wp-json\/wp\/v2\/users\/1"}],"replies":[{"embeddable":true,"href":"https:\/\/debateplural.net\/site\/wp-json\/wp\/v2\/comments?post=47830"}],"version-history":[{"count":1,"href":"https:\/\/debateplural.net\/site\/wp-json\/wp\/v2\/posts\/47830\/revisions"}],"predecessor-version":[{"id":47831,"href":"https:\/\/debateplural.net\/site\/wp-json\/wp\/v2\/posts\/47830\/revisions\/47831"}],"wp:featuredmedia":[{"embeddable":true,"href":"https:\/\/debateplural.net\/site\/wp-json\/wp\/v2\/media\/47808"}],"wp:attachment":[{"href":"https:\/\/debateplural.net\/site\/wp-json\/wp\/v2\/media?parent=47830"}],"wp:term":[{"taxonomy":"category","embeddable":true,"href":"https:\/\/debateplural.net\/site\/wp-json\/wp\/v2\/categories?post=47830"},{"taxonomy":"post_tag","embeddable":true,"href":"https:\/\/debateplural.net\/site\/wp-json\/wp\/v2\/tags?post=47830"}],"curies":[{"name":"wp","href":"https:\/\/api.w.org\/{rel}","templated":true}]}}