{"id":4800,"date":"2016-04-11T15:56:11","date_gmt":"2016-04-11T15:56:11","guid":{"rendered":"http:\/\/debateplural.com\/?p=4800"},"modified":"2016-06-23T13:50:35","modified_gmt":"2016-06-23T13:50:35","slug":"grupo-opositor-sirio-agradece-a-rusia-la-busqueda-de-una-solucion-pacifica-al-conflicto","status":"publish","type":"post","link":"https:\/\/debateplural.net\/site\/2016\/04\/11\/grupo-opositor-sirio-agradece-a-rusia-la-busqueda-de-una-solucion-pacifica-al-conflicto\/","title":{"rendered":"Grupo opositor sirio agradece a Rusia la b\u00fasqueda de una soluci\u00f3n pac\u00edfica al conflicto"},"content":{"rendered":"<div id=\"attachment_1829\" style=\"width: 715px\" class=\"wp-caption aligncenter\"><img loading=\"lazy\" decoding=\"async\" aria-describedby=\"caption-attachment-1829\" class=\"size-full wp-image-1829\" src=\"http:\/\/tripletecnologia.com\/website\/debateplural\/wp-content\/uploads\/2016\/04\/edificio-destruidos-en-siria.jpg\" alt=\"Edificio destruido en Siria\" width=\"705\" height=\"396\" \/><p id=\"caption-attachment-1829\" class=\"wp-caption-text\">Edificio destruido en Siria<\/p><\/div>\n<p class=\"b-article__lead\" style=\"text-align:justify;\">La oposici\u00f3n interna de <a href=\"http:\/\/localhost\/debateplural\/tag\/siria\">Siria<\/a>, representada en Ginebra por el grupo formado en la base a\u00e9rea Hmeymim, agradece a Mosc\u00fa su apoyo y apego a buscar una soluci\u00f3n pac\u00edfica de la crisis en el pa\u00eds \u00e1rabe, declar\u00f3 a la agencia Sputnik la portavoz del grupo, Mais Krydee.<!--more--><\/p>\n<div class=\"b-article__text\" style=\"text-align:justify;\">Este lunes Krydee se reuni\u00f3 con el viceministro ruso de Exteriores Mija\u00edl Bogd\u00e1nov para discutir la hoja de ruta para el arreglo en Siria y destac\u00f3 enfoque positivo del funcionario ruso durante las consultas.<\/p>\n<p class=\"marker-quote1\">\"(Bogd\u00e1nov) siempre intenta acercarse a todos los miembros de la oposici\u00f3n siria, escucharlos, porque <a href=\"http:\/\/localhost\/debateplural\/tag\/rusia\">Rusia <\/a>realmente quiere resolver el problema sirio\", afirm\u00f3 y agreg\u00f3 que tambi\u00e9n agradece los esfuerzos rusos por apoyar la oposici\u00f3n interna siria.<\/p>\n<p>Adem\u00e1s, el grupo Hmeymim conf\u00eda en la diplomacia rusa y cree que \"Rusia realmente apoya al pueblo sirio\", subray\u00f3 la portavoz.<\/p>\n<p>Krydee destac\u00f3 que el grupo est\u00e1 abierto para dialogar y cooperar con otras delegaciones opositoras en las negociaciones, lo que considera la \u00fanica manera de alcanzar un objetivo com\u00fan del arreglo sirio.El mes pasado en Ginebra se reiniciaron las negociaciones sirias conocidas como Ginebra 3 durante las cuales el enviado especial de la ONU para Siria, Staffan de Mistura, sostuvo encuentros por separado con la delegaci\u00f3n del Gobierno de Damasco, el Alto Comit\u00e9 de Negociaciones (ACN) formado por la oposici\u00f3n siria en Riad, as\u00ed como por los representantes de los grupos opositores que hab\u00edan celebrado consultas en El Cairo y Mosc\u00fa.<\/p>\n<p>Seg\u00fan De Mistura, el comienzo de una nueva ronda est\u00e1 fijado para el 13 de abril.<\/p>\n<\/div>\n<p class=\"b-article__lead\" style=\"text-align:justify;\">El partido sirio Comit\u00e9 Nacional Democr\u00e1tico admiti\u00f3 que las grandes divergencias imposibilitan a la oposici\u00f3n siria crear una delegaci\u00f3n \u00fanica en las negociaciones con el Gobierno de<a href=\"http:\/\/localhost\/debateplural\/tag\/bashar-al-asad\"> Bashar al Asad <\/a>en Ginebra.<\/p>\n<div class=\"b-article__text\">\n<p class=\"marker-quote1\" style=\"text-align:justify;\">\"Las contradicciones entre los diferentes sectores de la oposici\u00f3n son m\u00e1s graves que entre las partes en conflicto y esto frena el proceso\", reconoci\u00f3 en declaraciones a Sputnik la secretaria del partido Mais Krydee y representante de la oposici\u00f3n interna siria.<\/p>\n<p style=\"text-align:justify;\">Al mismo tiempo, llam\u00f3 a los grupos opositores a actuar en conjunto.<\/p>\n<p style=\"text-align:justify;\">\"No renunciamos a trabajar junto con la oposici\u00f3n apoyada por Arabia Saud\u00ed, pero cuando uno est\u00e1 fuera de su patria, sus caprichos personales juegan un rol muy grande\", apunt\u00f3.<\/p>\n<\/div>\n<p>&nbsp;<\/p>\n","protected":false},"excerpt":{"rendered":"<p>La oposici\u00f3n interna de Siria, representada en Ginebra por el grupo formado en la base a\u00e9rea Hmeymim, agradece a Mosc\u00fa su apoyo y apego a buscar una soluci\u00f3n pac\u00edfica de la crisis en el pa\u00eds \u00e1rabe, declar\u00f3 a la agencia Sputnik la portavoz del grupo, Mais Krydee.<\/p>\n","protected":false},"author":1,"featured_media":6974,"comment_status":"open","ping_status":"open","sticky":false,"template":"","format":"standard","meta":{"footnotes":""},"categories":[14,12],"tags":[60,40,41],"class_list":["post-4800","post","type-post","status-publish","format-standard","has-post-thumbnail","hentry","category-internacionales","category-politica-3","tag-bashar-al-asad","tag-rusia","tag-siria"],"_links":{"self":[{"href":"https:\/\/debateplural.net\/site\/wp-json\/wp\/v2\/posts\/4800"}],"collection":[{"href":"https:\/\/debateplural.net\/site\/wp-json\/wp\/v2\/posts"}],"about":[{"href":"https:\/\/debateplural.net\/site\/wp-json\/wp\/v2\/types\/post"}],"author":[{"embeddable":true,"href":"https:\/\/debateplural.net\/site\/wp-json\/wp\/v2\/users\/1"}],"replies":[{"embeddable":true,"href":"https:\/\/debateplural.net\/site\/wp-json\/wp\/v2\/comments?post=4800"}],"version-history":[{"count":1,"href":"https:\/\/debateplural.net\/site\/wp-json\/wp\/v2\/posts\/4800\/revisions"}],"predecessor-version":[{"id":6975,"href":"https:\/\/debateplural.net\/site\/wp-json\/wp\/v2\/posts\/4800\/revisions\/6975"}],"wp:featuredmedia":[{"embeddable":true,"href":"https:\/\/debateplural.net\/site\/wp-json\/wp\/v2\/media\/6974"}],"wp:attachment":[{"href":"https:\/\/debateplural.net\/site\/wp-json\/wp\/v2\/media?parent=4800"}],"wp:term":[{"taxonomy":"category","embeddable":true,"href":"https:\/\/debateplural.net\/site\/wp-json\/wp\/v2\/categories?post=4800"},{"taxonomy":"post_tag","embeddable":true,"href":"https:\/\/debateplural.net\/site\/wp-json\/wp\/v2\/tags?post=4800"}],"curies":[{"name":"wp","href":"https:\/\/api.w.org\/{rel}","templated":true}]}}