{"id":48171,"date":"2021-10-16T11:09:35","date_gmt":"2021-10-16T15:09:35","guid":{"rendered":"https:\/\/debateplural.com\/inicio\/?p=48171"},"modified":"2021-10-16T11:09:35","modified_gmt":"2021-10-16T15:09:35","slug":"y-lula-regreso-con-fuerza-y-firmeza","status":"publish","type":"post","link":"https:\/\/debateplural.net\/site\/2021\/10\/16\/y-lula-regreso-con-fuerza-y-firmeza\/","title":{"rendered":"\u2026 y Lula regres\u00f3, con fuerza y firmeza"},"content":{"rendered":"<p>Rebelion (16-10-21)<\/p>\n<p>&nbsp;<\/p>\n<p>Hasta hace poco m\u00e1s de dos a\u00f1os, Lula segu\u00eda en prisi\u00f3n, condenado y excluido de la vida pol\u00edtica de Brasil. En ese tiempo hubo personas, incluso gentes de izquierda, que aceptaron las acusaciones en su contra y lo \u2018expulsaron\u2019 de la vida pol\u00edtica brasile\u00f1a.<\/p>\n<p>Cuando se despidi\u00f3 de nosotros en el Sindicato Metal\u00fargico de S\u00e3o Bernardo en el ABC paulista, la mayor\u00eda no quer\u00eda que se entregara a la polic\u00eda. En contra de nuestros deseos, \u00e9l hab\u00eda decidido demostrar, ante el juez Moro, la falsedad de las acusaciones que hab\u00eda incoado en su contra y la farsa de la operaci\u00f3n Lava Jato.<\/p>\n<p>El problema es que \u00e9l nunca se imnagin\u00f3 que iba a pasar tantos d\u00edas preso, pensaba que todo se resolver\u00eda en apenas unos d\u00edas. Tuvo que acostumbrarse a la idea de que se quedar\u00eda mucho m\u00e1s tiempo. Montamos una vigilia permanente para acompa\u00f1arlo durante todo el tiempo que permaneci\u00f3 preso, esperando que saliese en cualquier momento de las malditas instalaciones de la polic\u00eda en Curitiba. En las visitas que le pudimos realizar lo encontramos con fuerza y seguro de que saldr\u00eda y regresar\u00eda fortalecido a la pelea.<\/p>\n<p>Pero fueron 580 d\u00edas y 580 noches largos e interminables en la soledad de la celda injusta y cruel que Lula tuvo que soportar para probar su verdad. Por eso su salida, que cumple dos anos el d\u00eda 9 de noviembre, tambi\u00e9n se debe celebrar como una victoria de la verdad, la tenacidad y el car\u00e1cter de un hombre que luch\u00f3 para demostrar sus convicciones.<\/p>\n<p>La vida en Brasil parec\u00eda acostumbrarse a esa barbarie. Algunos lo celebraron abiertamente y utilizaron el espacios de que gozaron en los medios de comunicaci\u00f3n para criminalizar a Lula, hacerlo pasar por corrupto y para celebrar su exclusi\u00f3n de la vida de un pa\u00eds que estar\u00eda mejor sin \u00e9l; esa era la voz de los verdugos.<\/p>\n<p>Tambi\u00e9n hubo quienes, en el campo de izquierda, aceptaron las acusaciones contra Lula, asumieron el discurso de la operaci\u00f3n Lava Jato y empezaron a criminalizar al PT, no solo injustamente, sino incluso de forma oportunista. Gente que sabe que, con Lula y el PT, hay poco espacio para que ellos y otros posibles candidatos ocupen el inmenso espacio que quedar\u00eda libre sin Lula y el PT.<\/p>\n<p>Por eso la salida de Lula de ese espantoso edificio de la Polic\u00eda Federal de Curitiba, el 9 de noviembre de 2019, se tiene que celebrar como un d\u00eda hist\u00f3rico en la vida de Brasil, ya que representa la victoria de la verdad y la fuerza personal del l\u00edder m\u00e1s grande que jam\u00e1s haya tenido el pa\u00eds.<\/p>\n<p>De ah\u00ed la emoci\u00f3n de reencontrarse con Lula en el Sindicato de Metal\u00fargicos de S\u00e3o Bernardo, primer lugar al que acudi\u00f3, volviendo al lugar que hab\u00eda dejado, para decir que hab\u00eda cumplido la mitad de su promesa: recuperar su libertad. Era necesario desenmascarar a quienes lo hab\u00edan arrestado y condenado, a pesar de ser inocente. Abrazarlo nuevamente confirm\u00f3 la certeza de todo por lo que hab\u00edamos luchado durante nuestra vigilia de esos 580 d\u00edas.<\/p>\n<p>Verlo salir de S\u00e3o Bernardo, conducido por la polic\u00eda a la soledad de la c\u00e1rcel de Curitiba, fue una de las im\u00e1genes m\u00e1s dolorosas que pudimos ver y vivir en nuestra propia piel, con la impotencia de dejarlo solo en ese momento. Sin embargo, con esa decisi\u00f3n demostr\u00f3 que hab\u00eda tenido raz\u00f3n al presentarse en prisi\u00f3n. Lula se negaba a pasar a la clandestinidad y no quer\u00eda ser tratado como un forajido. No quiso salir del pa\u00eds para no ser tratado como un fugitivo. Un inciso: en la Caravana del Sur llegamos a cruzar la frontera para comer carne en el lado uruguayo; Lula sab\u00eda que si se quedaba en Uruguay, all\u00ed ser\u00eda recibido con mucho cari\u00f1o por el pueblo uruguayo, pero nunca se le ocurri\u00f3 salir de Brasil; cruzar la frontera fue m\u00e1s un hecho culinario que pol\u00edtico\u2026, por eso volvimos a Brasil para continuar con la Caravana.<\/p>\n<p>Ese 9 de noviembre tambi\u00e9n fue hist\u00f3rico porque comenz\u00f3 a devolver a Lula a la historia pol\u00edtica brasile\u00f1a y a reavivar en el coraz\u00f3n de los brasile\u00f1os la esperanza de que ser\u00eda posible rescatar al pa\u00eds de la peor crisis de su historia.<\/p>\n","protected":false},"excerpt":{"rendered":"<p>Rebelion (16-10-21) &nbsp; Hasta hace poco m\u00e1s de dos a\u00f1os, Lula segu\u00eda en prisi\u00f3n, condenado y excluido de la vida pol\u00edtica de Brasil. En ese tiempo hubo personas, incluso gentes de izquierda, que aceptaron las acusaciones en su contra y lo \u2018expulsaron\u2019 de la vida pol\u00edtica brasile\u00f1a. Cuando se despidi\u00f3 de nosotros en el Sindicato [&hellip;]<\/p>\n","protected":false},"author":1,"featured_media":36898,"comment_status":"open","ping_status":"open","sticky":false,"template":"","format":"standard","meta":{"footnotes":""},"categories":[14,12],"tags":[],"class_list":["post-48171","post","type-post","status-publish","format-standard","has-post-thumbnail","hentry","category-internacionales","category-politica-3"],"_links":{"self":[{"href":"https:\/\/debateplural.net\/site\/wp-json\/wp\/v2\/posts\/48171"}],"collection":[{"href":"https:\/\/debateplural.net\/site\/wp-json\/wp\/v2\/posts"}],"about":[{"href":"https:\/\/debateplural.net\/site\/wp-json\/wp\/v2\/types\/post"}],"author":[{"embeddable":true,"href":"https:\/\/debateplural.net\/site\/wp-json\/wp\/v2\/users\/1"}],"replies":[{"embeddable":true,"href":"https:\/\/debateplural.net\/site\/wp-json\/wp\/v2\/comments?post=48171"}],"version-history":[{"count":1,"href":"https:\/\/debateplural.net\/site\/wp-json\/wp\/v2\/posts\/48171\/revisions"}],"predecessor-version":[{"id":48172,"href":"https:\/\/debateplural.net\/site\/wp-json\/wp\/v2\/posts\/48171\/revisions\/48172"}],"wp:featuredmedia":[{"embeddable":true,"href":"https:\/\/debateplural.net\/site\/wp-json\/wp\/v2\/media\/36898"}],"wp:attachment":[{"href":"https:\/\/debateplural.net\/site\/wp-json\/wp\/v2\/media?parent=48171"}],"wp:term":[{"taxonomy":"category","embeddable":true,"href":"https:\/\/debateplural.net\/site\/wp-json\/wp\/v2\/categories?post=48171"},{"taxonomy":"post_tag","embeddable":true,"href":"https:\/\/debateplural.net\/site\/wp-json\/wp\/v2\/tags?post=48171"}],"curies":[{"name":"wp","href":"https:\/\/api.w.org\/{rel}","templated":true}]}}