{"id":48294,"date":"2021-10-25T10:02:04","date_gmt":"2021-10-25T14:02:04","guid":{"rendered":"https:\/\/debateplural.com\/inicio\/?p=48294"},"modified":"2021-10-25T10:02:04","modified_gmt":"2021-10-25T14:02:04","slug":"el-lazo-economico-financiero-de-lasso","status":"publish","type":"post","link":"https:\/\/debateplural.net\/site\/2021\/10\/25\/el-lazo-economico-financiero-de-lasso\/","title":{"rendered":"El lazo econ\u00f3mico-financiero de Lasso"},"content":{"rendered":"<div>\n<p>Hedelberto L\u00f3pez Blanch (Pagina 12, 25-10-21)<\/p>\n<p>&nbsp;<\/p>\n<p><i>Todo parece indicar que el presidente ecuatoriano, Guillermo Lasso, por sus errores pol\u00edticos, econ\u00f3micos y financieros tiene colocada una soga al cuello que de apretarse el lazo le obligar\u00e1 a concluir su mandato antes de t\u00e9rmino como ya ocurri\u00f3 anteriormente con otros tres mandatarios de esa naci\u00f3n andina.<\/i><\/p>\n<\/div>\n<div id=\"cols\">\n<p>A solo cinco meses de estrenarse en la presidencia, el millonario Lasso ha tratado de llevar al pa\u00eds por una profunda senda neoliberal y ha cometido errores que al parecer son dif\u00edciles de borrar pese a que cuenta con el fuerte apoyo de los medios hegem\u00f3nicos de comunicaci\u00f3n.<\/p>\n<p>Como ten\u00eda que cumplir con las obligaciones contra\u00eddas con el Fondo Monetario Internacional (FMI) para que este organismo le desembolse 802 millones de d\u00f3lares a fines de octubre y 700 millones en diciembre, mand\u00f3 a la Asamblea Nacional el proyecto de \u201cLey Org\u00e1nica de Creaci\u00f3n de Oportunidades, Desarrollo Econ\u00f3mico y Sostenibilidad Fiscal\u201d con car\u00e1cter econ\u00f3mico-urgente, para poder sortear los \u00faltimos meses de 2021.<\/p>\n<p>Craso desatino pues el proyecto enviado el 17 de agosto, le fue devuelto para que corrigiera varios ac\u00e1pites con los cuales el \u00f3rgano legislativo est\u00e1 en completo desacuerdo.<\/p>\n<p>Lasso que en esos momentos disfrutaba de cierta popularidad por haber realizado con efectividad una campa\u00f1a masiva contra la Covid-19, amenazaba con llevar a referendo popular la Ley si la Asamblea Nacional no la aprobaba.<\/p>\n<p>Con mucha premura lo reenvi\u00f3 el 24 de septiembre, en plena crisis carcelaria que se sald\u00f3 con el asesinato de 120 reos y m\u00e1s de 80 heridos, hecho que sobrecogi\u00f3 a la sociedad.<\/p>\n<p>Los principales partidos y movimientos pol\u00edticos de la Asamblea, emitieron un mensaje en el cual le ratificaron al gobierno que no aprobar\u00edan ninguna reforma fiscal, tributaria, econ\u00f3mica y laboral en contra de los derechos de los trabajadores.<\/p>\n<p>Los sangrientos hechos en las prisiones de la ciudad de Guayaquil, volvieron a evidenciar los graves conflictos econ\u00f3mico-sociales por los que atraviesa Ecuador con alto desempleo, pobreza galopante, falta de oportunidades y concentraci\u00f3n de ingreso en las clases adineradas.<\/p>\n<p>Con ese panorama nada halag\u00fce\u00f1o, estalla en la cara de Lasso la bomba financiera denominada Papeles de Pandora una pesquisa del Consorcio Internacional de Periodistas de Investigaci\u00f3n (ICIJ) donde aparece el presidente vinculado a 14 sociedades offshore (Para\u00edsos Fiscales) establecidas en Panam\u00e1, Estados Unidos y Canad\u00e1.<\/p>\n<p>En los primeros momentos el mandatario ecuatoriano neg\u00f3 cualquier tipo de relaci\u00f3n o beneficio con esas empresas pero al paso de los d\u00edas se retract\u00f3 y declar\u00f3 que ten\u00eda algunos intereses fuera del pa\u00eds. Ahora la Asamblea Nacional aprob\u00f3 una comisi\u00f3n para abrir la investigaci\u00f3n la cual determinar\u00e1 el pr\u00f3ximo 6 de noviembre si se inicia un juicio pol\u00edtico contra el jefe de Estado.<\/p>\n<p>Ya desde el 2017, el diario P\u00e1gina 12 public\u00f3 investigaciones en las que destapaba que Lasso estuvo vinculado en la creaci\u00f3n de cerca de 49 empresas offshore y a principios de 2021, ese diario revel\u00f3 que detr\u00e1s del financiamiento de la campa\u00f1a presidencial estaban sus numerosas compa\u00f1\u00edas en Para\u00edsos Fiscales y el Banco Guayaquil (donde fue su presidente por 20 a\u00f1os y se mantiene como uno de los principales accionistas).<\/p>\n<p>En esos a\u00f1os se asegura que su fortuna creci\u00f3 inconmensurablemente y en la actualidad se desconoce a cu\u00e1nto asciende. Pero el siguiente detalle es suficiente: Lasso al tratar de justificar el capital que tiene en el exterior asegur\u00f3 que pag\u00f3 en los \u00faltimos a\u00f1os 588 millones de d\u00f3lares solo en impuestos.<\/p>\n<p>Analicemos a grandes rasgos la situaci\u00f3n econ\u00f3mico-social en el pa\u00eds: la pobreza se sit\u00faa en 35 % y la extrema en 14,2 %; m\u00e1s de 5,6 millones de ecuatorianos sobreviven con menos de 84 d\u00f3lares al mes. En las zonas rurales alcanza al 47,9 % de las familias. La desnutrici\u00f3n afecta al 26 % de los ni\u00f1os de 0 a 5 a\u00f1os, cifras que aumentan al 40 % en las zonas rurales.<\/p>\n<p>Un estudio de la fundaci\u00f3n de investigaci\u00f3n Donum asegura que Ecuador ha retrocedido a los par\u00e1metros de 2010. Por su parte, el Banco Central a\u00f1adi\u00f3 que durante la pandemia se han eliminado 532 000 empleos y una p\u00e9rdida de 12 791 millones de d\u00f3lares en el sector productivo.\u00a0<em>La deuda p\u00fablica pas\u00f3 al 64 % del PIB con una reserva monetaria que solo representa el 20 % del gasto mensual del gobierno.<\/em><\/p>\n<p>Sin importarle esta adversa situaci\u00f3n, el mandatario introdujo su propuesta de ley neoliberal la cual intenta crear un r\u00e9gimen laboral alternativo al vigente C\u00f3digo del Trabajo que elimina todos los derechos laborales hasta ahora vigentes para instaurar un r\u00e9gimen de flexibilizaci\u00f3n laboral absoluta.<\/p>\n<p>En otro ac\u00e1pite se establecen contribuciones temporales a trav\u00e9s de imposiciones tributarias b\u00e1sicamente a la clase media que aumentar\u00edan las reservas internacionales para garantizar flujos de capital a los bancos privados.<\/p>\n<p>Asimismo se contemplan reformas a varios cuerpos legales de diferentes sectores en los que subyacen la desregulaci\u00f3n estatal y la transferencia de capacidades p\u00fablicas hacia el sector privado.<\/p>\n<p>Pero como la Asamblea Nacional se niega por mayor\u00eda a no aceptar esas imposiciones, el millonario presidente ha amenazado con disolver ese \u00f3rgano parlamentario en un acto antidemocr\u00e1tico y de prepotencia.<\/p>\n<p>Enfrentado a la Asamblea Nacional, envuelto el pa\u00eds en una crisis multifac\u00e9tica, con p\u00e9rdida de moral ante la evasi\u00f3n de impuestos y pendiente del resultado de la Comisi\u00f3n que determinar\u00e1 si se le celebra juicio pol\u00edtico, a lo que se suma su intenci\u00f3n de profundizar las medidas neoliberales contra la mayor\u00eda del pueblo, Lasso parece estar destinado a seguir el camino de anteriores mandatarios ecuatorianos como Abdal\u00e1 Bucar\u00e1n, Jamil Mahuad y Lucio Guti\u00e9rrez los cuales tuvieron que abandonar el cargo antes de su t\u00e9rmino.<\/p>\n<\/div>\n","protected":false},"excerpt":{"rendered":"<p>Hedelberto L\u00f3pez Blanch (Pagina 12, 25-10-21) &nbsp; Todo parece indicar que el presidente ecuatoriano, Guillermo Lasso, por sus errores pol\u00edticos, econ\u00f3micos y financieros tiene colocada una soga al cuello que de apretarse el lazo le obligar\u00e1 a concluir su mandato antes de t\u00e9rmino como ya ocurri\u00f3 anteriormente con otros tres mandatarios de esa naci\u00f3n andina. [&hellip;]<\/p>\n","protected":false},"author":1,"featured_media":46190,"comment_status":"open","ping_status":"open","sticky":false,"template":"","format":"standard","meta":{"footnotes":""},"categories":[14,12],"tags":[],"class_list":["post-48294","post","type-post","status-publish","format-standard","has-post-thumbnail","hentry","category-internacionales","category-politica-3"],"_links":{"self":[{"href":"https:\/\/debateplural.net\/site\/wp-json\/wp\/v2\/posts\/48294"}],"collection":[{"href":"https:\/\/debateplural.net\/site\/wp-json\/wp\/v2\/posts"}],"about":[{"href":"https:\/\/debateplural.net\/site\/wp-json\/wp\/v2\/types\/post"}],"author":[{"embeddable":true,"href":"https:\/\/debateplural.net\/site\/wp-json\/wp\/v2\/users\/1"}],"replies":[{"embeddable":true,"href":"https:\/\/debateplural.net\/site\/wp-json\/wp\/v2\/comments?post=48294"}],"version-history":[{"count":1,"href":"https:\/\/debateplural.net\/site\/wp-json\/wp\/v2\/posts\/48294\/revisions"}],"predecessor-version":[{"id":48295,"href":"https:\/\/debateplural.net\/site\/wp-json\/wp\/v2\/posts\/48294\/revisions\/48295"}],"wp:featuredmedia":[{"embeddable":true,"href":"https:\/\/debateplural.net\/site\/wp-json\/wp\/v2\/media\/46190"}],"wp:attachment":[{"href":"https:\/\/debateplural.net\/site\/wp-json\/wp\/v2\/media?parent=48294"}],"wp:term":[{"taxonomy":"category","embeddable":true,"href":"https:\/\/debateplural.net\/site\/wp-json\/wp\/v2\/categories?post=48294"},{"taxonomy":"post_tag","embeddable":true,"href":"https:\/\/debateplural.net\/site\/wp-json\/wp\/v2\/tags?post=48294"}],"curies":[{"name":"wp","href":"https:\/\/api.w.org\/{rel}","templated":true}]}}