{"id":48391,"date":"2021-11-01T14:10:58","date_gmt":"2021-11-01T18:10:58","guid":{"rendered":"https:\/\/debateplural.com\/inicio\/?p=48391"},"modified":"2021-11-01T14:10:58","modified_gmt":"2021-11-01T18:10:58","slug":"duque-y-bolsonaro-unidos-en-la-cruzada-corporativa-sobre-la-amazonia","status":"publish","type":"post","link":"https:\/\/debateplural.net\/site\/2021\/11\/01\/duque-y-bolsonaro-unidos-en-la-cruzada-corporativa-sobre-la-amazonia\/","title":{"rendered":"Duque y Bolsonaro, unidos en la cruzada corporativa sobre la Amazon\u00eda"},"content":{"rendered":"<p>Mision Verdad (30-10-21)<\/p>\n<p>&nbsp;<\/p>\n<p>Este domingo 31 de octubre, se llevar\u00e1 a cabo la COP 26 (Conferencia de las Naciones Unidas sobre el Clima), organizada por el Reino Unido en colaboraci\u00f3n con Italia, donde se espera que se establezcan acuerdos para frenar el calentamiento global.<\/p>\n<p>Previo a este encuentro multilateral, el presidente colombiano Iv\u00e1n Duque viaj\u00f3 recientemente a Brasil para reunirse con su hom\u00f3logo brasile\u00f1o Jair Bolsonaro y cumplir una agenda que incluy\u00f3 temas pol\u00edticos y econ\u00f3micos.<\/p>\n<p>De acuerdo al medio brasile\u00f1o\u00a0<em><a href=\"https:\/\/www.brasilwire.com\/duque-meets-bolsonaro\/\" target=\"_blank\" rel=\"noopener\">Brasilwire<\/a>,\u00a0<\/em>uno de los puntos comunes de la agenda fue \"la creciente relaci\u00f3n comercial y la defensa de la iniciativa privada, adem\u00e1s de la preservaci\u00f3n de la Amazon\u00eda\".<\/p>\n<p>De estos elementos se\u00f1alados vale preguntarse qu\u00e9 tan importante ha sido la preservaci\u00f3n del medio ambiente para estos mandatarios y qu\u00e9 papel juega Estados Unidos como aliado estrat\u00e9gico en la toma de decisiones.<\/p>\n<h3>SIMILITUDES<\/h3>\n<p>Si hay algo que han tenido en com\u00fan estos dos pa\u00edses fronterizos con Venezuela, adem\u00e1s de subordinarse a la l\u00f3gica destructiva que est\u00e1 acabando con el Amazonas, es que ambos se han alineado con Estados Unidos en su pol\u00edtica imperial que busca socavar la estabilidad de la Rep\u00fablica Bolivariana y promover un cambio de r\u00e9gimen.<\/p>\n<p>El a\u00f1o pasado, los gobiernos de Duque y Bolsonaro desplegaron ejercicios militares en las zonas fronterizas con Venezuela, maniobras que se llevaron a cabo justamente despu\u00e9s de giras de funcionarios estadounidense por esos pa\u00edses. M\u00e1s que la asociaci\u00f3n entre componentes que buscan alianzas en materia de cooperaci\u00f3n, la subordinaci\u00f3n militar al ej\u00e9rcito estadounidense se ha profundizado a trav\u00e9s de la presencia del Comando Sur en el subcontinente.<\/p>\n<p>De acuerdo al medio brasile\u00f1o, tambi\u00e9n se ha buscado la manera de establecer relaciones forzadas entre elementos de la lucha armada en Colombia, as\u00ed como el narcotr\u00e1fico, y el Partido de los Trabajadores (PT) del ex presidente Luiz In\u00e1cio Lula da Silva como una manera de justificar alianzas para luchar contra un enemigo com\u00fan.<\/p>\n<p>Cabe resaltar que tambi\u00e9n hay similitudes entre ambos gobiernos en cuanto creaci\u00f3n de organismos que funcionan como brazos ejecutores de pol\u00edticas de exterminio. Por una parte, en Colombia los paramilitares siguen asesinando a l\u00edderes sociales, campesinos y exguerrilleros desmovilizados de las FARC y, por otra, en Brasil Bolsonaro soslaya las actividades de las milicias en R\u00edo, y los escuadrones de la muerte en las favelas, asimismo, el asesinato sistem\u00e1tico de l\u00edderes ind\u00edgenas.<\/p>\n<p>Algo que tambi\u00e9n los une es el hecho de responsabilizar a Venezuela de cualquier hecho negativo que suceda en sus territorios. El tema de la migraci\u00f3n venezolana y la seguridad fronteriza han sido los m\u00e1s recurrentes, obviando talones de Aquiles como el control de la pandemia, seguridad, derechos humanos, entre otros.<\/p>\n<h3>\u00bfPREOCUPACI\u00d3N POR LA AMAZON\u00cdA?<\/h3>\n<p>Si algo deja claro la reuni\u00f3n entre Jair Bolsonaro e Iv\u00e1n Duque, previo a la Conferencia de las Naciones Unidas sobre el Clima, en Glasgow, Escocia, es que el tema ambiental no es algo que est\u00e9 en primer plano.<\/p>\n<p>Aunque ambos dijeron que llegar\u00e1n juntos a la conferencia en defensa de la selva, todo parece indicar que ninguno tiene un inter\u00e9s real por salvar la selva amaz\u00f3nica.<\/p>\n<p>Bolsonaro defendi\u00f3 la soberan\u00eda de la querida, \"rica y deseada Amazon\u00eda\", mientras que Duque, que tambi\u00e9n defendi\u00f3 la soberan\u00eda de la selva, se refiri\u00f3 a la preservaci\u00f3n en su discurso.<\/p>\n<p class=\"graf--startsWithDoubleQuote\">\"Amazon\u00eda es, para nosotros, un territorio muy valioso y lo cuidamos dentro de nuestra soberan\u00eda. Tambi\u00e9n es muy importante que esta defensa lleve consigo una lucha efectiva contra los delitos ambientales\", dijo el presidente de Colombia, rese\u00f1ado por\u00a0<em>Brasilwire.<\/em><\/p>\n<p>Asimismo, en el encuentro Duque coincidi\u00f3, en la misma l\u00ednea de Bolsonaro, en llevar un mensaje unificado sobre la protecci\u00f3n de los bosques y defendi\u00f3 la necesidad de reducir las emisiones de gases de efecto invernadero. Pero en la pr\u00e1ctica esto est\u00e1 muy lejos de la realidad.<\/p>\n<p>En Brasil queda demostrado que el medio ambiente no es una prioridad para el Ejecutivo. Las multitudinarias manifestaciones de los movimientos ind\u00edgenas y organizaciones protectoras medioambientales indican que medidas impulsadas por el presidente ponen en riesgo el h\u00e1bitat de numerosas comunidades ind\u00edgenas y favorecen a las grandes empresas que se dedican a la tala y ganader\u00eda.<\/p>\n<div class=\"media-element-container\">\n<p>Y es que desde el primer a\u00f1o de gesti\u00f3n hubo se\u00f1ales de que Bolsonaro no le importaba realmente la preservaci\u00f3n agrobiol\u00f3gica y cultural en esa inmensa zona. Los grandes incendios registrados a mediados de 2019, que se extendieron por varios pa\u00edses amaz\u00f3nicos y puso en alerta a la comunidad internacional, fueron una se\u00f1al de c\u00f3mo ser\u00eda la pol\u00edtica ambiental del presidente brasile\u00f1o, pero tambi\u00e9n de c\u00f3mo opera la l\u00f3gica extractiva neoliberal de la derecha en general.<\/p>\n<p>Una vez que el incendio adquiri\u00f3 dimensiones catastr\u00f3ficas, Bolsonaro fue se\u00f1alado como uno de los grandes responsables del desastre. Al igual que sucedi\u00f3 con la pandemia, al principio desestim\u00f3 la gravedad del evento. Incluso declar\u00f3 que fueron las altas temperaturas y el periodo seco los responsables de los incendios forestales, al tiempo que responsabiliz\u00f3 a las ONG de causarlos.<\/p>\n<p>Se le acus\u00f3 no solo de dejar que avanzara el incendio, sino que ocult\u00f3 estad\u00edsticas que demostraban el aumento de la deforestaci\u00f3n luego del ascenso de la ultraderecha al pa\u00eds. Tambi\u00e9n paraliz\u00f3 fondos para la defensa de la selva otorgados por pa\u00edses europeos.<\/p>\n<p>La asociaci\u00f3n de Bolsonaro es inocultable debido a que su candidatura fue apoyada por el Frente Parlamentario de Agropecuarios, un grupo de diputados y senadores brasile\u00f1os que son respaldados por empresas agroindustriales.<\/p>\n<p>Que luego del desastre aceptara ayuda internacional y mostrara \"preocupaci\u00f3n\" no borr\u00f3 las conexiones con los desastres ambientales en el Amazonas, sobre todo por las pol\u00edticas que ha adoptado durante su administraci\u00f3n.<\/p>\n<p>Los gobiernos progresistas de Lula da Silva y Dilma Rousseff solo representaron una pausa al crimen ambiental promovido por los gobiernos de derecha que los antecedieron, y que avanzaba a pasos agigantados.<\/p>\n<p>Durante el gobierno de Lula Da Silva se promovieron pol\u00edticas institucionales como la del programa Terra Legal, el cual regulaba el uso de las tierras en beneficio de peque\u00f1os productores. Por lo que que se registr\u00f3 un 45% menos de deforestaci\u00f3n que el a\u00f1o anterior. El golpe contra Dilma hizo que retrocedieran las pol\u00edticas ambientales al tiempo volv\u00edan los lobbys del agronegocio.<\/p>\n<p class=\"graf--startsWithDoubleQuote\">\"En 2020, los datos oficiales de deforestaci\u00f3n fueron los peores de los \u00faltimos 12 a\u00f1os. El gobierno de Bolsonaro ha enfrentado cr\u00edticas sobre su pol\u00edtica ambiental desde el inicio de su administraci\u00f3n en 2019&#8243;. refiere el medio brasile\u00f1o.<\/p>\n<h3>LOS VERDADEROS INTERESES<\/h3>\n<p>Las alianzas de los pa\u00edses suramericanos con Estados Unidos est\u00e1n m\u00e1s orientados a los negocios y a las relaciones geopol\u00edticas que a la salvaci\u00f3n del medio ambiente.<\/p>\n<p class=\"graf--startsWithDoubleQuote\">\"En septiembre de 2019, el ministro de Relaciones Exteriores de Brasil, Ernesto Ara\u00fajo, se reuni\u00f3 con el entonces secretario de Estado de Estados Unidos, Mike Pompeo, en Washington D.C. y ambos anunciaron un nuevo acuerdo bilateral entre Estados Unidos y Brasil para abrir la selva amaz\u00f3nica al desarrollo del sector privado\", se\u00f1ala\u00a0<em>Brasilwire<\/em>.<\/p>\n<p>El gobierno de Bolsonaro ya acumula tres acusaciones en su contra en la Corte Penal Internacional (CPI) por la destrucci\u00f3n de la selva. En ese sentido, la situaci\u00f3n medioambiental en Colombia no es muy diferente. De acuerdo al medio brasile\u00f1o, Colombia fue nombrado el pa\u00eds m\u00e1s peligroso para los ecologistas por segundo a\u00f1o consecutivo: 227 fueron asesinados en el pa\u00eds el a\u00f1o pasado.<\/p>\n<p>Sin embargo, la deforestaci\u00f3n en Colombia es mucho menor. En todo caso el peligro es para los defensores del medio ambiente, quienes son v\u00edctimas del paramilitarismo. Seg\u00fan datos oficiales -se\u00f1ala\u00a0<em>Brasilwire<\/em>&#8211; en 2020 se produjo un aumento del 8% de la deforestaci\u00f3n en la Amazon\u00eda colombiana, en comparaci\u00f3n con el a\u00f1o anterior.<\/p>\n<p>Recientemente, la Casa Blanca dio a conocer los detalles\u00a0<a href=\"https:\/\/www.whitehouse.gov\/ondcp\/briefing-room\/2021\/10\/25\/the-white-house-releases-details-of-the-new-holistic-u-s-colombia-counternarcotics-strategy\/\" target=\"_blank\" rel=\"noopener\">\"de la nueva y hol\u00edstica estrategia antinarc\u00f3ticos entre Estados Unidos y Colombia\"<\/a>, que consisti\u00f3\u00a0en ampliar el enfoque para incluir acciones espec\u00edficas sobre seguridad y desarrollo rural, la protecci\u00f3n del medio ambiente.<\/p>\n<p class=\"graf--startsWithDoubleQuote\">\"Como parte de la nueva estrategia, Estados Unidos apoyar\u00e1 los esfuerzos del gobierno colombiano para vigilar y contrarrestar los delitos ambientales que sostienen y alimentan a los grupos de narcotraficantes y que tienen un impacto profundamente negativo en el medio ambiente de Colombia y la regi\u00f3n amaz\u00f3nica\", reza el comunicado de prensa.<\/p>\n<p>Seg\u00fan lo expuesto en la nota de prensa, los esfuerzos estar\u00e1n concentrados en detener la producci\u00f3n de droga en zonas rurales e incluye la protecci\u00f3n de los l\u00edderes comunitarios que promueven los esfuerzos del Estado de Derecho. Hasta el momento no parece haber un resultado favorable para quienes son asesinados diariamente en Colombia, mucho menos para el auge en la producci\u00f3n de sustancias il\u00edcitas, cuyo mayor mercado sigue siendo&#8230; Estados Unidos.<\/p>\n<p>Ambos mandatarios coinciden en la postura hostil hacia los pueblos ind\u00edgenas. Las acciones del Estado colombiano son insuficientes para frenar la matanza de activistas en general, situaci\u00f3n que, incluso, ha sido reconocida por las Naciones Unidas.<\/p>\n<p>Que Duque y Bolsonaro hayan perdido popularidad en sus respectivos pa\u00edses, llegando a la posibilidad de que no sean reelegidos el pr\u00f3ximo a\u00f1o, es otro paralelismo entre ambos mandatarios, quienes parecieron concentrar m\u00e1s esfuerzos en mantener una actitud servil a los intereses de Estados Unidos antes que sostener un liderazgo genuino en sus pa\u00edses.<\/p>\n<\/div>\n","protected":false},"excerpt":{"rendered":"<p>Mision Verdad (30-10-21) &nbsp; Este domingo 31 de octubre, se llevar\u00e1 a cabo la COP 26 (Conferencia de las Naciones Unidas sobre el Clima), organizada por el Reino Unido en colaboraci\u00f3n con Italia, donde se espera que se establezcan acuerdos para frenar el calentamiento global. Previo a este encuentro multilateral, el presidente colombiano Iv\u00e1n Duque [&hellip;]<\/p>\n","protected":false},"author":1,"featured_media":48392,"comment_status":"open","ping_status":"open","sticky":false,"template":"","format":"standard","meta":{"footnotes":""},"categories":[14,12],"tags":[],"class_list":["post-48391","post","type-post","status-publish","format-standard","has-post-thumbnail","hentry","category-internacionales","category-politica-3"],"_links":{"self":[{"href":"https:\/\/debateplural.net\/site\/wp-json\/wp\/v2\/posts\/48391"}],"collection":[{"href":"https:\/\/debateplural.net\/site\/wp-json\/wp\/v2\/posts"}],"about":[{"href":"https:\/\/debateplural.net\/site\/wp-json\/wp\/v2\/types\/post"}],"author":[{"embeddable":true,"href":"https:\/\/debateplural.net\/site\/wp-json\/wp\/v2\/users\/1"}],"replies":[{"embeddable":true,"href":"https:\/\/debateplural.net\/site\/wp-json\/wp\/v2\/comments?post=48391"}],"version-history":[{"count":1,"href":"https:\/\/debateplural.net\/site\/wp-json\/wp\/v2\/posts\/48391\/revisions"}],"predecessor-version":[{"id":48393,"href":"https:\/\/debateplural.net\/site\/wp-json\/wp\/v2\/posts\/48391\/revisions\/48393"}],"wp:featuredmedia":[{"embeddable":true,"href":"https:\/\/debateplural.net\/site\/wp-json\/wp\/v2\/media\/48392"}],"wp:attachment":[{"href":"https:\/\/debateplural.net\/site\/wp-json\/wp\/v2\/media?parent=48391"}],"wp:term":[{"taxonomy":"category","embeddable":true,"href":"https:\/\/debateplural.net\/site\/wp-json\/wp\/v2\/categories?post=48391"},{"taxonomy":"post_tag","embeddable":true,"href":"https:\/\/debateplural.net\/site\/wp-json\/wp\/v2\/tags?post=48391"}],"curies":[{"name":"wp","href":"https:\/\/api.w.org\/{rel}","templated":true}]}}