{"id":4861,"date":"2016-04-14T13:45:27","date_gmt":"2016-04-14T13:45:27","guid":{"rendered":"http:\/\/debateplural.com\/?p=4861"},"modified":"2016-06-23T13:49:37","modified_gmt":"2016-06-23T13:49:37","slug":"no-hay-golpe-de-pendulo-hacia-la-derecha-en-latinoamerica","status":"publish","type":"post","link":"https:\/\/debateplural.net\/site\/2016\/04\/14\/no-hay-golpe-de-pendulo-hacia-la-derecha-en-latinoamerica\/","title":{"rendered":"No hay golpe de p\u00e9ndulo hacia la derecha en Latinoam\u00e9rica"},"content":{"rendered":"<div id=\"attachment_4862\" style=\"width: 715px\" class=\"wp-caption aligncenter\"><img loading=\"lazy\" decoding=\"async\" aria-describedby=\"caption-attachment-4862\" class=\"size-full wp-image-4862\" src=\"http:\/\/tripletecnologia.com\/website\/debateplural\/wp-content\/uploads\/2016\/04\/banco-central-de-bolivia-1.jpg\" alt=\"Banco Central de Bolivia\" width=\"705\" height=\"381\" \/><p id=\"caption-attachment-4862\" class=\"wp-caption-text\">Banco Central de Bolivia<\/p><\/div>\n<p style=\"text-align:justify;\"><strong>Debateplural.com, comparte con los lectores el interesante art\u00edculo de Francisco Herranz, titulado \"No hay golpe de p\u00e9ndulo hacia la derecha en Latinoam\u00e9rica\", publicado en el portal Sputniknews.com, en fecha 12 de abril de 2016.\u00a0<\/strong><\/p>\n<p class=\"b-article__lead\" style=\"text-align:justify;\">La complicada situaci\u00f3n pol\u00edtica y econ\u00f3mica que se vive en <a href=\"http:\/\/localhost\/debateplural\/tag\/brasil\">Brasil <\/a>y <a href=\"http:\/\/localhost\/debateplural\/tag\/venezuela\">Venezuela<\/a>, as\u00ed como la reciente derrota del kirchnerismo en <a href=\"http:\/\/localhost\/debateplural\/tag\/argentina\">Argentina<\/a> hacen presuponer que el futuro de la izquierda no es nada halag\u00fce\u00f1o en Am\u00e9rica Latina.<!--more--><\/p>\n<div class=\"b-article__text\" style=\"text-align:justify;\">Nadie discute que Am\u00e9rica Latina est\u00e1 atravesando un nuevo ciclo econ\u00f3mico. El precio de las materias primas ha sufrido la ca\u00edda m\u00e1s r\u00e1pida desde 1931 en t\u00e9rminos reales y eso ha vapuleado las cuentas presupuestarias de varios estados sudamericanos. Esa fuerte contracci\u00f3n en la entrada de divisas cay\u00f3 como una tormenta sorpresa y desgraciadamente se desconoce cu\u00e1nto va a durar. Tambi\u00e9n est\u00e1 claro que el shock en el mercado de las \u2018commodities' est\u00e1 principalmente vinculado al hecho de que el crecimiento de la econom\u00eda de <a href=\"http:\/\/localhost\/debateplural\/tag\/china\">China<\/a> se est\u00e1 desacelerando. Los chinos consumen la mitad de los metales que se comercian en el planeta. Y los registros en materia de construcci\u00f3n en China son sencillamente apabullantes pues en tres a\u00f1os (2011-2013) han empleado m\u00e1s cemento que <a href=\"http:\/\/localhost\/debateplural\/tag\/estados-unidos\">Estados Unidos<\/a> en todo el siglo XX. El alcance del despegue de China se vislumbra mejor si tenemos en cuenta que en 1980 su Producto Interior Bruto supon\u00eda s\u00f3lo la mitad del que ten\u00eda entonces el Reino Unido; este a\u00f1o, su PIB ser\u00e1 m\u00e1s grande que el del Reino Unido, Alemania, Francia e Italia juntos. Pero esa incre\u00edble evoluci\u00f3n productiva se est\u00e1 frenando, con graves consecuencias globales.El precio de las materias primas es un factor ex\u00f3geno fundamental, pero tambi\u00e9n son relevantes la coyuntura comercial internacional y tipo de inter\u00e9s a largo plazo en Estados Unidos.<\/p>\n<p>El cambio ha sido fuerte y eso implicar\u00e1 en algunos pa\u00edses latinoamericanos la aplicaci\u00f3n de medidas de ajuste muy poco populares. Vienen las vacas flacas. Pero con perspectiva hist\u00f3rica la actual crisis econ\u00f3mica ya no ser\u00e1 como las de anta\u00f1o. Ya no habr\u00e1 default soberano ni el impago de la deuda externa. La llamada d\u00e9cada prodigiosa, durante la cual el crecimiento fue sostenido y relevante en Am\u00e9rica Latina, ha hecho posible que se consoliden una serie de fortalezas internas: tipos de cambio flexibles, deuda p\u00fablica en relaci\u00f3n con PIB gestionable, inflaci\u00f3n no extrema (salvo el caso de Venezuela), elevadas reservas de divisas, bancos bien capitalizados y una fuerte demanda interna. Este cuadro general hace posible ser relativamente optimistas. En resumen, como estima Jos\u00e9 Gasset, director de Relaciones Internacionales de la empresa energ\u00e9tica espa\u00f1ola Iberdrola y presidente de la C\u00e1mara de Comercio Brasil-Espa\u00f1a (CCBE), estos factores contribuir\u00e1n a \"atenuar la gravedad\" de la recesi\u00f3n en t\u00e9rminos continentales, aunque \u00e9sta va a ser especialmente seria en Brasil, cuya previsi\u00f3n del FMI es del\u00a0\u20143,5 por ciento del PIB.Seg\u00fan el colombiano Jos\u00e9 Antonio Ocampo, profesor de la Universidad de Columbia,<a href=\"http:\/\/localhost\/debateplural\/tag\/bolivia\"> Bolivia<\/a> es la econom\u00eda de Am\u00e9rica Latina con mayores fortalezas ante el cambio de ciclo econ\u00f3mico. Bolivia est\u00e1 gobernada desde hace 10 a\u00f1os por un presidente de izquierdas, Evo Morales. Ocampo se\u00f1al\u00f3 en una reciente conferencia celebrada en Madrid que las econom\u00edas de Chile, Venezuela, Bolivia, Ecuador y Per\u00fa fueron las m\u00e1s beneficiadas durante el ciclo de crecimiento econ\u00f3mico en la regi\u00f3n en base a su car\u00e1cter minero y petrolero, mientras que las de Brasil, Argentina y Uruguay, de marcado signo agr\u00edcola, no salieron tan favorecidas de dicho periodo. Ocampo, que lleg\u00f3 a ser secretario general adjunto de Naciones Unidas, destaca que el subcontinente posee un endeudamiento bajo y una buena inversi\u00f3n exterior, y record\u00f3 que China aport\u00f3 en 2015 alrededor de 29.000 millones de d\u00f3lares a aquellos pa\u00edses latinoamericanos que tienen problemas de acceso a los mercados financieros internacionales.<\/p>\n<p>Las fluctuaciones del ciclo econ\u00f3mico parecen m\u00e1s previsibles pero no se puede decir lo mismo desde el punto de vista pol\u00edtico. \"Los ciclos pol\u00edticos son m\u00e1s cortos que antes y generan inestabilidad\", admite Rafael Estrella, vicepresidente del Real Instituto Elcano.<\/p>\n<p>\u00bfHa habido un fin de ciclo pol\u00edtico en la regi\u00f3n? Parece que s\u00ed. Pero la pregunta definitiva es hasta qu\u00e9 punto ha ocurrido eso. En el estado de la opini\u00f3n p\u00fablica latinoamericana, motor de ese cambio de mentalidad, influyen tres factores. El primero es, por supuesto, el rumbo negativo que ha tomado la econom\u00eda. El segundo se basa en la emergencia de las clases medias\u00a0\u2014fruto de la reducci\u00f3n de la pobreza- que exigen nuevas demandas sociales como mejoras en los servicios p\u00fablicos (sanidad, educaci\u00f3n, transportes). La tercera circunstancia es que los gobiernos de larga duraci\u00f3n\u00a0\u2014como el unipersonal de Hugo Ch\u00e1vez o el del Partido de los Trabajadores en Brasil- promueven la idea de la necesidad de la alternancia, independientemente de su adscripci\u00f3n pol\u00edtica. Eso explicar\u00eda\u00a0\u2014en parte- la derrota de Morales en el refer\u00e9ndum celebrado en febrero pasado que decidi\u00f3 que \u00e9l no podr\u00e1 presentarse a un cuarto mandato.<\/p>\n<p>La percepci\u00f3n que tienen los analistas es que el cambio de tendencia pol\u00edtica es coyuntural y transitorio. La izquierda no atraviesa un excelente momento de forma f\u00edsica, eso es obvio, pero tambi\u00e9n es evidente que se recuperar\u00e1 tarde o temprano del bache, pues sus principios ideol\u00f3gicos\u00a0\u2014justicia social y lucha contra la desigualdad econ\u00f3mica- est\u00e1n firmemente anclados en la idiosincrasia de la mayor\u00eda de los ciudadanos de Am\u00e9rica Latina. Tambi\u00e9n se ha hecho palpable que ya no existe la certeza de un efecto domin\u00f3, un contagio del resfriado. En cualquier caso, las pr\u00f3ximas elecciones municipales chilenas que tienen que celebrarse en octubre de este a\u00f1o servir\u00e1n de term\u00f3metro para evaluar el peso del cambio.\"No hay cambio de p\u00e9ndulo. Habr\u00e1 variedad para todos\". Esa es la opini\u00f3n de Carlos Malamud, investigador principal de Am\u00e9rica Latina del ya citado Real Instituto Elcano y catedr\u00e1tico de Historia de Am\u00e9rica de la Universidad Nacional de Educaci\u00f3n a Distancia (UNED), un centro p\u00fablico espa\u00f1ol. Malamud prefiere hablar de \"nueva coyuntura pol\u00edtica\", que no es lo mismo.<\/p>\n<\/div>\n<p style=\"text-align:justify;\">\n","protected":false},"excerpt":{"rendered":"<p>Debateplural.com, comparte con los lectores el interesante art\u00edculo de Francisco Herranz, titulado \"No hay golpe de p\u00e9ndulo hacia la derecha en Latinoam\u00e9rica\", publicado en el portal Sputniknews.com, en fecha 12 de abril de 2016.\u00a0 La complicada situaci\u00f3n pol\u00edtica y econ\u00f3mica que se vive en Brasil y Venezuela, as\u00ed como la reciente derrota del kirchnerismo en [&hellip;]<\/p>\n","protected":false},"author":1,"featured_media":6934,"comment_status":"open","ping_status":"open","sticky":false,"template":"","format":"standard","meta":{"footnotes":""},"categories":[14,12],"tags":[63,22,46,8,10],"class_list":["post-4861","post","type-post","status-publish","format-standard","has-post-thumbnail","hentry","category-internacionales","category-politica-3","tag-argentina","tag-brasil","tag-china","tag-estados-unidos","tag-venezuela"],"_links":{"self":[{"href":"https:\/\/debateplural.net\/site\/wp-json\/wp\/v2\/posts\/4861"}],"collection":[{"href":"https:\/\/debateplural.net\/site\/wp-json\/wp\/v2\/posts"}],"about":[{"href":"https:\/\/debateplural.net\/site\/wp-json\/wp\/v2\/types\/post"}],"author":[{"embeddable":true,"href":"https:\/\/debateplural.net\/site\/wp-json\/wp\/v2\/users\/1"}],"replies":[{"embeddable":true,"href":"https:\/\/debateplural.net\/site\/wp-json\/wp\/v2\/comments?post=4861"}],"version-history":[{"count":1,"href":"https:\/\/debateplural.net\/site\/wp-json\/wp\/v2\/posts\/4861\/revisions"}],"predecessor-version":[{"id":6935,"href":"https:\/\/debateplural.net\/site\/wp-json\/wp\/v2\/posts\/4861\/revisions\/6935"}],"wp:featuredmedia":[{"embeddable":true,"href":"https:\/\/debateplural.net\/site\/wp-json\/wp\/v2\/media\/6934"}],"wp:attachment":[{"href":"https:\/\/debateplural.net\/site\/wp-json\/wp\/v2\/media?parent=4861"}],"wp:term":[{"taxonomy":"category","embeddable":true,"href":"https:\/\/debateplural.net\/site\/wp-json\/wp\/v2\/categories?post=4861"},{"taxonomy":"post_tag","embeddable":true,"href":"https:\/\/debateplural.net\/site\/wp-json\/wp\/v2\/tags?post=4861"}],"curies":[{"name":"wp","href":"https:\/\/api.w.org\/{rel}","templated":true}]}}