{"id":48626,"date":"2021-11-19T11:40:10","date_gmt":"2021-11-19T15:40:10","guid":{"rendered":"https:\/\/debateplural.com\/inicio\/?p=48626"},"modified":"2021-11-19T11:40:10","modified_gmt":"2021-11-19T15:40:10","slug":"kast-y-la-militarizacion-del-wallmapu-dos-caras-de-la-crisis","status":"publish","type":"post","link":"https:\/\/debateplural.net\/site\/2021\/11\/19\/kast-y-la-militarizacion-del-wallmapu-dos-caras-de-la-crisis\/","title":{"rendered":"Kast y la militarizaci\u00f3n del Wallmapu, dos caras de la crisis"},"content":{"rendered":"<div>\n<p>Revista Confrontaciones (19-11-21)<\/p>\n<p>&nbsp;<\/p>\n<p>El desarrollo de la crisis del bloque en el poder se ha expresado en dos acontecimientos de la actual coyuntura: la irrupci\u00f3n de la candidatura de Jos\u00e9 Antonio Kast en el escenario electoral y la agudizaci\u00f3n del conflicto en la Araucan\u00eda.<\/p>\n<\/div>\n<div id=\"cols\">\n<p>Las elecciones presidenciales est\u00e1n cada vez m\u00e1s cerca y Kast, el candidato del denominado Frente Social Cristiano, ha acumulado el apoyo suficiente para posicionarse como el representante de la derecha chilena, lo que lo deja con altas opciones de pasar a segunda vuelta.<\/p>\n<p>Se trata de una cuesti\u00f3n no menor, no solo por el poder que el ordenamiento pol\u00edtico le asigna a la instituci\u00f3n presidencial, sino tambi\u00e9n porque el pr\u00f3ximo Presidente jugar\u00e1 un rol determinante en la resoluci\u00f3n de la crisis del bloque en el poder, incluyendo el cierre del proceso constituyente.<\/p>\n<p>Por m\u00e1s que la Convenci\u00f3n haya perdido protagonismo con la campa\u00f1a electoral, sigue siendo la instancia encargada de redise\u00f1ar la institucionalidad estatal sobre la que se sostiene el r\u00e9gimen de dominaci\u00f3n pol\u00edtica de la burgues\u00eda chilena, y que actualmente se encuentra en una profunda crisis.<\/p>\n<p>Por otra parte, la Araucan\u00eda vive una situaci\u00f3n de agudizaci\u00f3n del conflicto que enfrenta al Estado chileno y al pueblo mapuche, lo que llev\u00f3 a que el gobierno decretara el estado de excepci\u00f3n y el despliegue de las Fuerzas Armadas en la zona, situaci\u00f3n in\u00e9dita hasta ahora.<\/p>\n<p>A casi un mes de decretada la medida, que ha cobrado la vida de un comunero mapuche y dejado varios heridos de gravedad, esta ha sido extendida nuevamente por el gobierno, con la novedad de que esta vez cont\u00f3 con la aprobaci\u00f3n del Congreso gracias al apoyo de los parlamentarios democratacristianos.<\/p>\n<p>La unidad burguesa frente a la cuesti\u00f3n mapuche fue teji\u00e9ndose minuciosamente. El gobernador, Luciano Rivas (Chile Vamos), y los alcaldes de la regi\u00f3n llevaron adelante una consulta ciudadana\u00a0<em>on-line<\/em>\u00a0el fin de semana previo a la votaci\u00f3n en el Congreso. Se trataba una acci\u00f3n de masas que buscaba recoger la posici\u00f3n de los habitantes de la regi\u00f3n para presionar al Congreso. El resultado fue un apoyo mayoritario (80%) hacia la opci\u00f3n de la extensi\u00f3n del estado de excepci\u00f3n.<\/p>\n<p>Este escenario, marcado por el avance de las posiciones m\u00e1s duras de la burgues\u00eda, no surge de la nada. En su base se alinean una serie de enfrentamientos que, ya sea por astucia y audacia de ciertas fracciones burguesas, como por las debilidades de la clase trabajadora y populares, se resolvieron en direcci\u00f3n de despejar las vacilaciones de la burgues\u00eda en torno a la cuesti\u00f3n mapuche.<\/p>\n<p>A diferencia de hace dos a\u00f1os atr\u00e1s cuando, en medio de la crisis que atraviesa la burgues\u00eda local, irrump\u00eda en la escena pol\u00edtica un movimiento de masas que tension\u00f3 a las dem\u00e1s fuerzas pol\u00edticas, en la actualidad la ausencia de dicha fuerza le otorga un margen de maniobra m\u00e1s amplio a esta, y particularmente a sus fracciones que se inclinan hacia posiciones m\u00e1s duras.<\/p>\n<p>El reflujo del movimiento de masas del estallido social termina tambi\u00e9n por moderar la posici\u00f3n de las clases medias, que en lo pol\u00edtico se expresa en la inclinaci\u00f3n del Frente Amplio a buscar apoyo en sectores de la ex Concertaci\u00f3n.<\/p>\n<p>Precisamente esta moderaci\u00f3n de las clases medias no es una mera cuesti\u00f3n subjetiva. Esta pasa fundamentalmente por el distanciamiento de la confluencia que se hab\u00eda desarrollado\u00a0<em>de hecho<\/em>\u00a0entre aquellas y la clase trabajadora en plena revuelta.<\/p>\n<p>Hist\u00f3ricamente las clases medias y la peque\u00f1a burgues\u00eda tienen una din\u00e1mica fluctuante, posicion\u00e1ndose del lado de la burgues\u00eda o la clase trabajadora seg\u00fan la correlaci\u00f3n de fuerzas que se observa en la coyuntura.<\/p>\n<p>Frente a este cuadro, la tarea que tiene por delante la izquierda socialista es la de\u00a0<strong>definir y dotar a la clase trabajadora de una plataforma de lucha conforme a los desaf\u00edos \u00a0que el per\u00edodo plantea<\/strong>. Esta es la \u00fanica clase con la capacidad de sentar las bases de una reconfiguraci\u00f3n verdaderamente progresista del r\u00e9gimen pol\u00edtico.<\/p>\n<p>En este sentido,\u00a0<strong>es indudable el valor que tienen la Convenci\u00f3n Constitucional y las distintas instancias que han abierto la lucha de clases y la crisis del bloque en el poder para posicionar a los trabajadores como actor pol\u00edtico de la escena nacional<\/strong>. Las convocatorias del Eje Sindical y de la Escuela Sindical, as\u00ed como posicionarse frente a la contienda electoral, son instancias valiosas que permiten ir m\u00e1s all\u00e1 de la mera lucha reivindicativa econ\u00f3mico-gremial y sacudirse de la hegemon\u00eda pol\u00edtico-ideol\u00f3gica otras clases sociales ejercen sobre estos.<\/p>\n<p>Por lo dem\u00e1s, por muy valiosos y necesarios que sean, la clase trabajadora no puede limitarse a luchar por sus derechos laborales (derecho a huelga, negociaci\u00f3n por rama o libertad sindical). Es tanto o m\u00e1s importante que esta se pronuncie tambi\u00e9n sobre otros aspectos del r\u00e9gimen pol\u00edtico y derechos civiles bajo el cual la burgues\u00eda la domina y explota, tales como el derecho a la libre migraci\u00f3n, el estatus pol\u00edtico de sus miembros menores de edad y extranjeros, la autodeterminaci\u00f3n del pueblo-naci\u00f3n mapuche o el aseguramiento de los derechos sexuales y reproductivos de la mujer, entre otros.<\/p>\n<\/div>\n","protected":false},"excerpt":{"rendered":"<p>Revista Confrontaciones (19-11-21) &nbsp; El desarrollo de la crisis del bloque en el poder se ha expresado en dos acontecimientos de la actual coyuntura: la irrupci\u00f3n de la candidatura de Jos\u00e9 Antonio Kast en el escenario electoral y la agudizaci\u00f3n del conflicto en la Araucan\u00eda. Las elecciones presidenciales est\u00e1n cada vez m\u00e1s cerca y Kast, [&hellip;]<\/p>\n","protected":false},"author":1,"featured_media":48627,"comment_status":"open","ping_status":"open","sticky":false,"template":"","format":"standard","meta":{"footnotes":""},"categories":[14,12],"tags":[],"class_list":["post-48626","post","type-post","status-publish","format-standard","has-post-thumbnail","hentry","category-internacionales","category-politica-3"],"_links":{"self":[{"href":"https:\/\/debateplural.net\/site\/wp-json\/wp\/v2\/posts\/48626"}],"collection":[{"href":"https:\/\/debateplural.net\/site\/wp-json\/wp\/v2\/posts"}],"about":[{"href":"https:\/\/debateplural.net\/site\/wp-json\/wp\/v2\/types\/post"}],"author":[{"embeddable":true,"href":"https:\/\/debateplural.net\/site\/wp-json\/wp\/v2\/users\/1"}],"replies":[{"embeddable":true,"href":"https:\/\/debateplural.net\/site\/wp-json\/wp\/v2\/comments?post=48626"}],"version-history":[{"count":1,"href":"https:\/\/debateplural.net\/site\/wp-json\/wp\/v2\/posts\/48626\/revisions"}],"predecessor-version":[{"id":48628,"href":"https:\/\/debateplural.net\/site\/wp-json\/wp\/v2\/posts\/48626\/revisions\/48628"}],"wp:featuredmedia":[{"embeddable":true,"href":"https:\/\/debateplural.net\/site\/wp-json\/wp\/v2\/media\/48627"}],"wp:attachment":[{"href":"https:\/\/debateplural.net\/site\/wp-json\/wp\/v2\/media?parent=48626"}],"wp:term":[{"taxonomy":"category","embeddable":true,"href":"https:\/\/debateplural.net\/site\/wp-json\/wp\/v2\/categories?post=48626"},{"taxonomy":"post_tag","embeddable":true,"href":"https:\/\/debateplural.net\/site\/wp-json\/wp\/v2\/tags?post=48626"}],"curies":[{"name":"wp","href":"https:\/\/api.w.org\/{rel}","templated":true}]}}