{"id":48909,"date":"2021-12-17T12:20:27","date_gmt":"2021-12-17T16:20:27","guid":{"rendered":"https:\/\/debateplural.com\/inicio\/?p=48909"},"modified":"2021-12-17T12:20:27","modified_gmt":"2021-12-17T16:20:27","slug":"y-ahora-joe-biden-quiere-hablar-de-democracia","status":"publish","type":"post","link":"https:\/\/debateplural.net\/site\/2021\/12\/17\/y-ahora-joe-biden-quiere-hablar-de-democracia\/","title":{"rendered":"Y ahora Joe Biden quiere hablar de democracia"},"content":{"rendered":"<p>Fernando Casado (teleSur, 16-12-21)<\/p>\n<p>&nbsp;<\/p>\n<p>Despu\u00e9s de haber torpedeado de forma incesante los procesos de consolidaci\u00f3n democr\u00e1tica en Am\u00e9rica Latina y otras zonas perif\u00e9ricas del planeta por d\u00e9cadas, Estados Unidos\u00a0ve con gran preocupaci\u00f3n como China, la mayor amenaza a su menguante hegemon\u00eda representa un sistema de gobierno totalitario que est\u00e1 demostrando una gran eficiencia en el plano econ\u00f3mico y superaci\u00f3n de dificultades, como est\u00e1 ocurriendo con la gesti\u00f3n de la pandemia.<\/p>\n<div class=\"qnewworld\"><\/div>\n<p>La democracia representativa liberal languidece hasta en los centros de poder, la socialdemocracia no da para mucho m\u00e1s, proliferan los partidos que la desprecian y personajes visionarios como Trump, que demuestran que la ca\u00edda de la democracia ser\u00e1 m\u00e1s r\u00e1pida que el calentamiento global.<\/p>\n<p>Samuel Huntington que tuvo gran \u00e9xito en los a\u00f1os noventa del siglo XX con su teor\u00eda la tercera ola democr\u00e1tica que se produjo en una gran cantidad de pa\u00edses a escala mundial podr\u00eda afirmar que nos encontramos en el tercer proceso inverso que acompa\u00f1a a cada ola.<\/p>\n<p>Pero, si en el siglo XX cuando se produjeron los procesos regresivos la interrupci\u00f3n del sistema de gobierno democr\u00e1tico fue de forma abrupta mediante golpes de Estado, hoy la democracia muere de a poco, se va vaciando por dentro.<\/p>\n<p>El brindis al sol para impedir este proceso ha sido una grandilocuente Cumbre virtual de la Democracia. Si el planteamiento pudiera generar dudas el sesgo entre los m\u00e1s de cien invitados a la Cumbre las terminaron de despejar.<\/p>\n<p>El Brasil de Bolsonaro, responsable del mayor avance del autocratismo en la historia del \u00faltimo periodo democr\u00e1tico del pa\u00eds fue invitado, mientras que la Bolivia de Arce, quien salvo la Rep\u00fablica del golpismo qued\u00f3 fuera del evento.<\/p>\n<p>Tras la Cumbre todo lo que han quedado son ambiguas declaraciones de buenas intenciones y unos cuantos cientos de millones de d\u00f3lares para reforzar las democracias a nivel mundial, gesto del que es leg\u00edtimo pensar que ser\u00e1n destinados en el intervencionismo interesado al que nos tiene acostumbrados EE.UU. en su geopol\u00edtica.<\/p>\n<p>Sin duda el avance del totalitarismo es una gran preocupaci\u00f3n para quienes pensamos que la democracia es el mejor sistema de gobierno posible, pero ante su decadencia deber\u00edamos pensar que se hizo mal y no repetir los mismos errores.<\/p>\n<p>A lo largo de la Historia se ha hecho uso de la democracia siempre y cuando encajara con la agenda econ\u00f3mica liberal, a los pueblos disconformes con el capitalismo no hubo reparos en aplicarles las peores represalias y dictaduras.<\/p>\n<p>Hoy encontramos situaciones parecidas en Am\u00e9rica Latina, con procesos de persecuci\u00f3n contra los disidentes sin importar llevarse por el medio al Estado de Derecho y la institucionalidad democr\u00e1tica.<\/p>\n<p>La Administraci\u00f3n Biden nunca entender\u00e1 que permitir que los pueblos decidan democr\u00e1ticamente su destino aun expensas del capitalismo es la \u00fanica manera de salvar la democracia. Pero claro, se corre\u00a0 el riesgo alguno quiera librarse del yugo del capital y eso no ser\u00eda un buen precedente.<\/p>\n<p>En el fondo la democracia representativa liberal no ha sido m\u00e1s que un subterfugio para permitir la perpetuaci\u00f3n de las injusticias contra las mayor\u00edas. Revertir ese\u00a0<em>statu quo<\/em>\u00a0ser\u00eda para el enfoque de los EE.UU. mucho peor que el avance irremisible del totalitarismo.<\/p>\n","protected":false},"excerpt":{"rendered":"<p>Fernando Casado (teleSur, 16-12-21) &nbsp; Despu\u00e9s de haber torpedeado de forma incesante los procesos de consolidaci\u00f3n democr\u00e1tica en Am\u00e9rica Latina y otras zonas perif\u00e9ricas del planeta por d\u00e9cadas, Estados Unidos\u00a0ve con gran preocupaci\u00f3n como China, la mayor amenaza a su menguante hegemon\u00eda representa un sistema de gobierno totalitario que est\u00e1 demostrando una gran eficiencia en [&hellip;]<\/p>\n","protected":false},"author":1,"featured_media":43966,"comment_status":"open","ping_status":"open","sticky":false,"template":"","format":"standard","meta":{"footnotes":""},"categories":[14,12],"tags":[],"class_list":["post-48909","post","type-post","status-publish","format-standard","has-post-thumbnail","hentry","category-internacionales","category-politica-3"],"_links":{"self":[{"href":"https:\/\/debateplural.net\/site\/wp-json\/wp\/v2\/posts\/48909"}],"collection":[{"href":"https:\/\/debateplural.net\/site\/wp-json\/wp\/v2\/posts"}],"about":[{"href":"https:\/\/debateplural.net\/site\/wp-json\/wp\/v2\/types\/post"}],"author":[{"embeddable":true,"href":"https:\/\/debateplural.net\/site\/wp-json\/wp\/v2\/users\/1"}],"replies":[{"embeddable":true,"href":"https:\/\/debateplural.net\/site\/wp-json\/wp\/v2\/comments?post=48909"}],"version-history":[{"count":1,"href":"https:\/\/debateplural.net\/site\/wp-json\/wp\/v2\/posts\/48909\/revisions"}],"predecessor-version":[{"id":48910,"href":"https:\/\/debateplural.net\/site\/wp-json\/wp\/v2\/posts\/48909\/revisions\/48910"}],"wp:featuredmedia":[{"embeddable":true,"href":"https:\/\/debateplural.net\/site\/wp-json\/wp\/v2\/media\/43966"}],"wp:attachment":[{"href":"https:\/\/debateplural.net\/site\/wp-json\/wp\/v2\/media?parent=48909"}],"wp:term":[{"taxonomy":"category","embeddable":true,"href":"https:\/\/debateplural.net\/site\/wp-json\/wp\/v2\/categories?post=48909"},{"taxonomy":"post_tag","embeddable":true,"href":"https:\/\/debateplural.net\/site\/wp-json\/wp\/v2\/tags?post=48909"}],"curies":[{"name":"wp","href":"https:\/\/api.w.org\/{rel}","templated":true}]}}