{"id":4924,"date":"2016-04-18T17:14:06","date_gmt":"2016-04-18T17:14:06","guid":{"rendered":"http:\/\/debateplural.com\/?p=4924"},"modified":"2016-06-23T13:48:22","modified_gmt":"2016-06-23T13:48:22","slug":"erdogan-conduce-al-pais-a-la-guerra-civil","status":"publish","type":"post","link":"https:\/\/debateplural.net\/site\/2016\/04\/18\/erdogan-conduce-al-pais-a-la-guerra-civil\/","title":{"rendered":"\"Erdogan conduce al pa\u00eds a la guerra civil\""},"content":{"rendered":"<div id=\"attachment_4925\" style=\"width: 715px\" class=\"wp-caption aligncenter\"><img loading=\"lazy\" decoding=\"async\" aria-describedby=\"caption-attachment-4925\" class=\"size-full wp-image-4925\" src=\"http:\/\/tripletecnologia.com\/website\/debateplural\/wp-content\/uploads\/2016\/04\/consecuencias-de-los-enfrentamientos-entre-las-fuerzas-turcas-y-los-kurdos-1.jpg\" alt=\"Consecuencias de los enfrentamientos entre las fuerzas turcas y los kurdos\" width=\"705\" height=\"381\" \/><p id=\"caption-attachment-4925\" class=\"wp-caption-text\">Consecuencias de los enfrentamientos entre las fuerzas turcas y los kurdos<\/p><\/div>\n<p class=\"b-article__lead\" style=\"text-align:justify;\">La pol\u00edtica del presidente turco, <a href=\"http:\/\/localhost\/debateplural\/tag\/Recep-Tayyip-Erdogan\">Recep Tayyip Erdogan<\/a>, est\u00e1 conduciendo al pa\u00eds a la guerra civil, a juicio del alcalde de Diyarbakir (sureste), G\u00fcltan Kisanak.<!--more--><\/p>\n<div class=\"b-article__text\" style=\"text-align:justify;\">\n<p class=\"marker-quote1\" style=\"text-align:justify;\">\"Se incita a un grupo nacional contra otro, hay una amenaza de guerra civil \u00e9tnica: \u00e9sa es la parte m\u00e1s peligrosa de la pol\u00edtica de Erdogan\", declar\u00f3 Kisanak en entrevista este lunes con el diario alem\u00e1n Junge Welt.<\/p>\n<p>Seg\u00fan el pol\u00edtico del Partido Democr\u00e1tico de los Pueblos (DBP), \"<a href=\"http:\/\/localhost\/debateplural\/tag\/turquia\">Turqu\u00eda<\/a> se ha convertido en una sociedad del miedo\". \"El Estado atemoriza a la poblaci\u00f3n, como ocurre con el encarcelamiento de los acad\u00e9micos que firmaron una llamada a la paz y que por ese motivo fueron tachados de traidores por Erdogan\", dijo.<\/p>\n<p>\"Como los kurdos son permanentemente descritos como separatistas y terroristas, crece el racismo en la sociedad turca\", agreg\u00f3 Kisanak, perteneciente a la minor\u00eda alev\u00ed.<\/p>\n<p>Kisanak considera que Ankara ejerce \"una pol\u00edtica colonial\" con los kurdos.<\/p>\n<p>\"En los \u00faltimos meses (el Gobierno) mat\u00f3 a 500 civiles, entre ellos 100 ni\u00f1os; en Cizre murieron 150 personas calcinadas en un s\u00f3tano\", explic\u00f3 el alcalde de Diyarbakir, quien record\u00f3 que las operaciones del Ej\u00e9rcito turco causaron el desplazamiento de 500.000 kurdos.<\/p>\n<p>El pol\u00edtico, que defiende la descentralizaci\u00f3n y federalizaci\u00f3n del pa\u00eds, as\u00ed como una mayor autonom\u00eda para las regiones de mayor\u00eda kurda, llam\u00f3 la atenci\u00f3n sobre la situaci\u00f3n de su ciudad. \"El centro est\u00e1 lleno de tanques y unidades especiales (del Ej\u00e9rcito), participar en una protesta significa aqu\u00ed la muerte\", indic\u00f3.<\/p>\n<p style=\"text-align:justify;\">\"Lo que aqu\u00ed tenemos nada tiene que ver con una democracia\", lament\u00f3 Kisanak.<\/p>\n<p style=\"text-align:justify;\">El sureste de Turqu\u00eda se sumi\u00f3 a finales de julio de 2015 en una nueva espiral de hostilidades entre las fuerzas de seguridad y el Partido de los Trabajadores de Kurdist\u00e1n (PKK), declarado como terrorista por Ankara, la Uni\u00f3n Europea, <a href=\"http:\/\/localhost\/debateplural\/tag\/estados-unidos\">Estados Unidos<\/a> y varios pa\u00edses m\u00e1s, pero no por la <a href=\"http:\/\/localhost\/debateplural\/tag\/onu\">ONU <\/a>ni <a href=\"http:\/\/localhost\/debateplural\/tag\/rusia\">Rusia<\/a>.<\/p>\n<\/div>\n<p style=\"text-align:justify;\">\n<p>&nbsp;<\/p>\n","protected":false},"excerpt":{"rendered":"<p>La pol\u00edtica del presidente turco, Recep Tayyip Erdogan, est\u00e1 conduciendo al pa\u00eds a la guerra civil, a juicio del alcalde de Diyarbakir (sureste), G\u00fcltan Kisanak.<\/p>\n","protected":false},"author":1,"featured_media":6884,"comment_status":"open","ping_status":"open","sticky":false,"template":"","format":"standard","meta":{"footnotes":""},"categories":[14,12],"tags":[8,43,81,40,51],"class_list":["post-4924","post","type-post","status-publish","format-standard","has-post-thumbnail","hentry","category-internacionales","category-politica-3","tag-estados-unidos","tag-onu","tag-recep-tayyip-erdogan","tag-rusia","tag-turquia"],"_links":{"self":[{"href":"https:\/\/debateplural.net\/site\/wp-json\/wp\/v2\/posts\/4924"}],"collection":[{"href":"https:\/\/debateplural.net\/site\/wp-json\/wp\/v2\/posts"}],"about":[{"href":"https:\/\/debateplural.net\/site\/wp-json\/wp\/v2\/types\/post"}],"author":[{"embeddable":true,"href":"https:\/\/debateplural.net\/site\/wp-json\/wp\/v2\/users\/1"}],"replies":[{"embeddable":true,"href":"https:\/\/debateplural.net\/site\/wp-json\/wp\/v2\/comments?post=4924"}],"version-history":[{"count":1,"href":"https:\/\/debateplural.net\/site\/wp-json\/wp\/v2\/posts\/4924\/revisions"}],"predecessor-version":[{"id":6885,"href":"https:\/\/debateplural.net\/site\/wp-json\/wp\/v2\/posts\/4924\/revisions\/6885"}],"wp:featuredmedia":[{"embeddable":true,"href":"https:\/\/debateplural.net\/site\/wp-json\/wp\/v2\/media\/6884"}],"wp:attachment":[{"href":"https:\/\/debateplural.net\/site\/wp-json\/wp\/v2\/media?parent=4924"}],"wp:term":[{"taxonomy":"category","embeddable":true,"href":"https:\/\/debateplural.net\/site\/wp-json\/wp\/v2\/categories?post=4924"},{"taxonomy":"post_tag","embeddable":true,"href":"https:\/\/debateplural.net\/site\/wp-json\/wp\/v2\/tags?post=4924"}],"curies":[{"name":"wp","href":"https:\/\/api.w.org\/{rel}","templated":true}]}}