{"id":4939,"date":"2016-04-19T13:26:30","date_gmt":"2016-04-19T13:26:30","guid":{"rendered":"http:\/\/debateplural.com\/?p=4939"},"modified":"2016-06-23T13:48:13","modified_gmt":"2016-06-23T13:48:13","slug":"moscu-rusia-y-la-otan-atraviesan-un-periodo-de-desconfianza-total","status":"publish","type":"post","link":"https:\/\/debateplural.net\/site\/2016\/04\/19\/moscu-rusia-y-la-otan-atraviesan-un-periodo-de-desconfianza-total\/","title":{"rendered":"Mosc\u00fa: \"Rusia y la OTAN atraviesan un periodo de desconfianza total\""},"content":{"rendered":"<div id=\"attachment_2042\" style=\"width: 715px\" class=\"wp-caption aligncenter\"><img loading=\"lazy\" decoding=\"async\" aria-describedby=\"caption-attachment-2042\" class=\"size-full wp-image-2042\" src=\"http:\/\/tripletecnologia.com\/website\/debateplural\/wp-content\/uploads\/2016\/04\/banderas-de-los-paises-de-la-union-europea-1.jpg\" alt=\"Banderas de los paises de la Union Europea\" width=\"705\" height=\"381\" \/><p id=\"caption-attachment-2042\" class=\"wp-caption-text\">Banderas de los paises de la Union Europea<\/p><\/div>\n<p style=\"text-align:justify;\">La <a href=\"http:\/\/localhost\/debateplural\/tag\/otan\">OTAN <\/a>y <a href=\"http:\/\/localhost\/debateplural\/tag\/rusia\">Rusia <\/a>pasan por un per\u00edodo de plena desconfianza, y un retorno al di\u00e1logo no ser\u00e1 f\u00e1cil, ha afirmado el portavoz presidencial ruso, Dmitri Peskov.<!--more--><\/p>\n<p style=\"text-align:justify;\">\"Las relaciones entre la OTAN y Rusia indudablemente est\u00e1n pasando por un gran d\u00e9ficit de confianza mutua y, probablemente, el triunfo de la desconfianza mutua, que aparentemente hab\u00eda sido olvidado, ha regresado\", ha afirmado a la prensa el portavoz presidencial ruso, <a href=\"https:\/\/actualidad.rt.com\/actualidad\/170495-dmitri-peskov-portavoz-presidente-rusia\" target=\"_blank\">Dmitri Peskov<\/a>, en v\u00edsperas de la cumbre Rusia-OTAN, que se llevar\u00e1 a cabo el 20 de abril en Bruselas.<\/p>\n<p style=\"text-align:justify;\">El portavoz del Kremlin considera que un retorno al di\u00e1logo entre Rusia y la <a href=\"https:\/\/actualidad.rt.com\/actualidad\/166345-organizacion-tratado-atlantico-norte-otan\" target=\"_blank\">OTAN <\/a>\"no ser\u00e1 f\u00e1cil, porque la confianza se destruye muy r\u00e1pido, pero su recuperaci\u00f3n es mucho m\u00e1s lenta y requiere mucho m\u00e1s esfuerzo\".<\/p>\n<p style=\"text-align:justify;\">Asimismo, Peskov ha recordado que Rusia siempre ha sido partidaria del di\u00e1logo con la OTAN. \"En este sentido, solo se puede expresar la satisfacci\u00f3n de que este di\u00e1logo contin\u00fae\", ha se\u00f1alado.<\/p>\n<h3>\"Las acciones de la OTAN son una amenaza para la seguridad nacional de Rusia\"<\/h3>\n<p style=\"text-align:justify;\">Por otro lado, el portavoz del presidente ruso ha declarado que la acumulaci\u00f3n de las capacidades militares de la OTAN en las fronteras de Rusia representa una amenaza para su seguridad nacional.<\/p>\n<p style=\"text-align:justify;\">\"Estamos registrando acciones muy poco amistosas de la Alianza en t\u00e9rminos de creaci\u00f3n de capacidad cerca de nuestras fronteras, y creemos que las acciones de la Alianza representan una amenaza para los intereses nacionales y la seguridad nacional de Rusia\", ha manifestado Peskov.<\/p>\n<p style=\"text-align:justify;\">\"Es m\u00e1s, observamos que las recientes acciones de la OTAN confirman una vez m\u00e1s que la Alianza ha resultado incapaz de adaptarse a las condiciones modernas y ha conservado su prop\u00f3sito original: contener a la Federaci\u00f3n de Rusia y estar en confrontaci\u00f3n con la Federaci\u00f3n de Rusia\", ha a\u00f1adido el representante del Kremlin.<\/p>\n<h3>\"Mosc\u00fa no contempla la vuelta al formato de G8&#8243;<\/h3>\n<p style=\"text-align:justify;\">El secretario de prensa del presidente ruso ha revelado tambi\u00e9n que la vuelta de Rusia al formato de G8 \"no est\u00e1 actualmente en el orden del d\u00eda\" del Kremlin.<\/p>\n<p style=\"text-align:justify;\">Seg\u00fan Peskov, \"un inter\u00e9s mucho mayor\" para Rusia es la participaci\u00f3n en los modelos relacionados con el G20, ya que se trata de \"una estructura m\u00e1s representativa, que refleja mejor la composici\u00f3n de los pa\u00edses que influyen en los procesos econ\u00f3micos y de otro tipo en el mundo\".<\/p>\n<p style=\"text-align:justify;\">\"Desde nuestro punto de vista este es formato m\u00e1s completo y m\u00e1s adecuado en la actualidad\", ha insistido el portavoz presidencial, seg\u00fan lo cita <a href=\"http:\/\/tass.ru\/politika\/3218512\" target=\"_blank\">TASS<\/a>.<\/p>\n<h3 style=\"text-align:justify;\">Zaj\u00e1rova: \"No podremos trabajar con la OTAN y la UE como antes\"<\/h3>\n<p style=\"text-align:justify;\">Al mismo tiempo, la portavoz del Ministerio de Exteriores de Rusia, <a href=\"https:\/\/actualidad.rt.com\/rtpedia\/197627-maria-zajarova-ministerio-exteriores-rusia\" target=\"_blank\">Mar\u00eda Zaj\u00e1rova<\/a>, ha aseverado este martes que Mosc\u00fa no trabajar\u00e1 con la OTAN y la <a href=\"http:\/\/localhost\/debateplural\/tag\/ue\">UE<\/a> como antes, ya que \"se han desacreditado\".<\/p>\n<p style=\"text-align:justify;\">\"Simplemente no hay ninguna posibilidad de trabajar como antes\", ha afirmado Zaj\u00e1rova en una rueda de prensa en Mosc\u00fa, seg\u00fan recoge <a href=\"http:\/\/ria.ru\/politics\/20160419\/1415054080.html\" target=\"_blank\">RIA Novosti<\/a>.<\/p>\n<p style=\"text-align:justify;\">La portavoz de la Canciller\u00eda rusa ha explicado que en los \u00faltimos a\u00f1os, \"hemos visto falta de fiabilidad en nuestros socios occidentales\", y con frecuencia, tambi\u00e9n su falta de independencia a la hora de tomar decisiones.<\/p>\n","protected":false},"excerpt":{"rendered":"<p>La OTAN y Rusia pasan por un per\u00edodo de plena desconfianza, y un retorno al di\u00e1logo no ser\u00e1 f\u00e1cil, ha afirmado el portavoz presidencial ruso, Dmitri Peskov.<\/p>\n","protected":false},"author":1,"featured_media":6880,"comment_status":"open","ping_status":"open","sticky":false,"template":"","format":"standard","meta":{"footnotes":""},"categories":[14,12],"tags":[38,40,52],"class_list":["post-4939","post","type-post","status-publish","format-standard","has-post-thumbnail","hentry","category-internacionales","category-politica-3","tag-otan","tag-rusia","tag-ue"],"_links":{"self":[{"href":"https:\/\/debateplural.net\/site\/wp-json\/wp\/v2\/posts\/4939"}],"collection":[{"href":"https:\/\/debateplural.net\/site\/wp-json\/wp\/v2\/posts"}],"about":[{"href":"https:\/\/debateplural.net\/site\/wp-json\/wp\/v2\/types\/post"}],"author":[{"embeddable":true,"href":"https:\/\/debateplural.net\/site\/wp-json\/wp\/v2\/users\/1"}],"replies":[{"embeddable":true,"href":"https:\/\/debateplural.net\/site\/wp-json\/wp\/v2\/comments?post=4939"}],"version-history":[{"count":1,"href":"https:\/\/debateplural.net\/site\/wp-json\/wp\/v2\/posts\/4939\/revisions"}],"predecessor-version":[{"id":6881,"href":"https:\/\/debateplural.net\/site\/wp-json\/wp\/v2\/posts\/4939\/revisions\/6881"}],"wp:featuredmedia":[{"embeddable":true,"href":"https:\/\/debateplural.net\/site\/wp-json\/wp\/v2\/media\/6880"}],"wp:attachment":[{"href":"https:\/\/debateplural.net\/site\/wp-json\/wp\/v2\/media?parent=4939"}],"wp:term":[{"taxonomy":"category","embeddable":true,"href":"https:\/\/debateplural.net\/site\/wp-json\/wp\/v2\/categories?post=4939"},{"taxonomy":"post_tag","embeddable":true,"href":"https:\/\/debateplural.net\/site\/wp-json\/wp\/v2\/tags?post=4939"}],"curies":[{"name":"wp","href":"https:\/\/api.w.org\/{rel}","templated":true}]}}