{"id":49423,"date":"2022-02-03T13:53:28","date_gmt":"2022-02-03T17:53:28","guid":{"rendered":"https:\/\/debateplural.com\/inicio\/?p=49423"},"modified":"2022-02-03T13:53:28","modified_gmt":"2022-02-03T17:53:28","slug":"historia-de-la-comunicacion-en-republica-dominicana","status":"publish","type":"post","link":"https:\/\/debateplural.net\/site\/2022\/02\/03\/historia-de-la-comunicacion-en-republica-dominicana\/","title":{"rendered":"Historia de la comunicaci\u00f3n en Rep\u00fablica Dominicana"},"content":{"rendered":"<h3 style=\"text-align: center;\">Desembarco de Caama\u00f1o y Censura a la Radio dominicana<\/h3>\n<p>&nbsp;<\/p>\n<p>Por: Ram\u00f3n Dilon\u00e9 (investigador de la Universidad Aut\u00f3noma de Santo Domingo)<\/p>\n<p>Cuando el domingo cuatro de febrero de 1973 se produce por Playa Caracoles, en Azua, el desembarco del Coronel de Abril, comandante Francisco Alberto Caama\u00f1o De\u00f1\u00f3 y sus ocho compa\u00f1eros combatientes revolucionarios, de inmediato el gobierno represivo, abusador, asesino y criminal encabezado por el perverso de Joaqu\u00edn Balaguer, decret\u00f3 una fuerte censura contra las principales emisoras de la ciudad de Santo Domingo que difunden las tropel\u00edas del r\u00e9gimen desp\u00f3tico.<\/p>\n<p>Al conmemorarse el cuatro de febrero de 2022 el 49 aniversario de esa acci\u00f3n por la libertad y la democracia del pueblo dominicano, es necesario recordar la acci\u00f3n represiva del gobierno dictatorial contra los medios de comunicaci\u00f3n, en especial, contra la *\"radio subversiva\"*, como catalog\u00f3 el r\u00e9gimen a las 10 emisoras cerradas por cumplir con su misi\u00f3n de informar a la poblaci\u00f3n.<\/p>\n<p>El grupo de los nueve combatientes revolucionarios liderado por Caama\u00f1o tiene por objetivo derrocar el gobierno reaccionario y antidemocr\u00e1tico que desde julio de 1966 padece el pueblo dominicano.<\/p>\n<p>Luego del desembarco en Playa Caracoles, los combatientes se internan en las monta\u00f1as de San Jos\u00e9 de Ocoa, zona donde el r\u00e9gimen env\u00eda, de inmediato, las tropas militares que el 16 de febrero fusilan al h\u00e9roe de abril de 1965.<\/p>\n<blockquote><p><em>Adem\u00e1s, tan pronto se produce la llegada de Caama\u00f1o, Balaguer dispone a trav\u00e9s del director de Correos y Telecomunicaciones, coronel Leoncio Garc\u00eda y Garc\u00eda, el cierre de las emisoras de la ciudad de Santo Domingo que informan sobre la llegada de Caama\u00f1o al pa\u00eds.<\/em><\/p><\/blockquote>\n<p>Las emisoras cerradas son: Radio Cristal, La Voz del Tr\u00f3pico, Radio Mil, Radio ABC, Onda Musical, Radio Antillas, Radio Universal, Radio Comercial, Radio Visi\u00f3n y Radio El Mundo. Las tres \u00faltimas propiedades del radiodifusor Jos\u00e9 Antonio Brea Pe\u00f1a, ex secretario de Finanzas del Partido Revolucionario Dominicano (PRD) y quien ocupa las funciones de secretario de Industria y Comercio.<\/p>\n<p>Las 10 estaciones de radio capitale\u00f1as son cerradas por el gobierno represivo de Balaguer, bajo el alegato de que violan las leyes 6132, de libre expresi\u00f3n y difusi\u00f3n del pensamiento, y la 118, de Telecomunicaciones, al \"transmitir informaciones alarmistas, especulativas y canciones subversivas\".<\/p>\n<p>La acci\u00f3n represiva de Balaguer provoca la protesta de los propietarios de las emisoras clausuradas, situaci\u00f3n por la que la Asociaci\u00f3n Dominicana de Radiodifusoras (ADORA) solicita el lunes cinco de febrero de 1973 una reuni\u00f3n de urgencia al director de Correos y Telecomunicaciones para buscar una salida a las 10 estaciones de radio cerradas en la ciudad de Santo Domingo.<\/p>\n<blockquote><p><em>En la reuni\u00f3n el coronel Garc\u00eda y Garc\u00eda expone\u2026\"que como por la radio y la televisi\u00f3n las noticias llegan a todos los rincones del pa\u00eds, recomienda que mientras dure el per\u00edodo de emergencia se suspendan los programas pol\u00edticos y sindicales\".<\/em><\/p><\/blockquote>\n<p>El funcionario tambi\u00e9n plantea que \"en lo que tiene que ver a las noticias de los movimientos y las operaciones de las tropas de las Fuerzas Armadas, as\u00ed como de las informaciones que puedan poner en peligro la seguridad de las operaciones, las emisoras de radio y los canales de televisi\u00f3n, se ajusten de manera \u00fanica a los comunicados que emitan la secretar\u00eda de Informaci\u00f3n de la Presidencia, las Fuerzas Armadas y la Polic\u00eda Nacional, porque, de lo contrario, ser\u00e1n sancionados conforme a la ley\".<\/p>\n<p>Como era de esperar, los directivos de ADORA, de inmediato, rechazan la propuesta de autocensura hecha por Garc\u00eda y Garc\u00eda, mientras que el periodista V\u00edctor Melo B\u00e1ez, director de Radio Mil Informando, en un espacio pagado en la prensa nacional, afirma que los directivos de ADORA fueron reunidos, no para discutir, sino para ser instruidos sobre la forma en que se permitir\u00eda continuar manteniendo sus emisoras en el aire, y lograr la reapertura de las que se encuentran cerradas\".<\/p>\n<p>Sin embargo, se logra la reapertura de las emisoras, y como ADORA rechaza las imposiciones de la direcci\u00f3n de Correos y Telecomunicaciones para coartar los derechos de sus miembros, el viernes nueve de febrero La Voz del Tr\u00f3pico es cerrada de nuevo\", pues miembros del Ej\u00e9rcito Nacional se presentan a sus instalaciones y se apoderan de sus cristales \"porque difunde anuncios y discos con mensajes subversivos\".<\/p>\n<p>La publicidad que el gobierno dictatorial de Balaguer califica de subversiva, es una grabaci\u00f3n de la empresa Mobil Gas con el tema \"El Hombre Viene, anuncio que antes aparece en la prensa nacional y no es calificado de subversivo.<\/p>\n<blockquote><p><em>Tambi\u00e9n debemos significar que las canciones que las autoridades califican de subversivas son: \"Ese D\u00eda Llegar\u00e1\", de Julio Iglesias; \"Domingo por la Tarde\", de Nelson Ned, \"Soy Rebelde\"; de Jazm\u00edn Objio, \"No lo Dudes y No Morir\u00e1 Jam\u00e1s\", de los \u00c1ngeles Negros; \"No Debe Tener Dos Amores\", de Felo Boerh; \"Por Fin Mi Amor\", de Nino Bravo y \"Soy como Quieres T\u00fa\", de Jos\u00e9 Jos\u00e9.<\/em><\/p><\/blockquote>\n<p>Como se puede apreciar, s\u00f3lo reg\u00edmenes malvados, infames, malditos, perversos, corruptos y malignos, como fueron los de Balaguer, pueden calificar esas canciones de subversivas.<\/p>\n<p>&nbsp;<\/p>\n<p>&nbsp;<\/p>\n","protected":false},"excerpt":{"rendered":"<p>Desembarco de Caama\u00f1o y Censura a la Radio dominicana &nbsp; Por: Ram\u00f3n Dilon\u00e9 (investigador de la Universidad Aut\u00f3noma de Santo Domingo) Cuando el domingo cuatro de febrero de 1973 se produce por Playa Caracoles, en Azua, el desembarco del Coronel de Abril, comandante Francisco Alberto Caama\u00f1o De\u00f1\u00f3 y sus ocho compa\u00f1eros combatientes revolucionarios, de inmediato [&hellip;]<\/p>\n","protected":false},"author":1,"featured_media":49424,"comment_status":"open","ping_status":"open","sticky":false,"template":"","format":"standard","meta":{"footnotes":""},"categories":[5,17],"tags":[],"class_list":["post-49423","post","type-post","status-publish","format-standard","has-post-thumbnail","hentry","category-nacionales","category-sociedad"],"_links":{"self":[{"href":"https:\/\/debateplural.net\/site\/wp-json\/wp\/v2\/posts\/49423"}],"collection":[{"href":"https:\/\/debateplural.net\/site\/wp-json\/wp\/v2\/posts"}],"about":[{"href":"https:\/\/debateplural.net\/site\/wp-json\/wp\/v2\/types\/post"}],"author":[{"embeddable":true,"href":"https:\/\/debateplural.net\/site\/wp-json\/wp\/v2\/users\/1"}],"replies":[{"embeddable":true,"href":"https:\/\/debateplural.net\/site\/wp-json\/wp\/v2\/comments?post=49423"}],"version-history":[{"count":1,"href":"https:\/\/debateplural.net\/site\/wp-json\/wp\/v2\/posts\/49423\/revisions"}],"predecessor-version":[{"id":49425,"href":"https:\/\/debateplural.net\/site\/wp-json\/wp\/v2\/posts\/49423\/revisions\/49425"}],"wp:featuredmedia":[{"embeddable":true,"href":"https:\/\/debateplural.net\/site\/wp-json\/wp\/v2\/media\/49424"}],"wp:attachment":[{"href":"https:\/\/debateplural.net\/site\/wp-json\/wp\/v2\/media?parent=49423"}],"wp:term":[{"taxonomy":"category","embeddable":true,"href":"https:\/\/debateplural.net\/site\/wp-json\/wp\/v2\/categories?post=49423"},{"taxonomy":"post_tag","embeddable":true,"href":"https:\/\/debateplural.net\/site\/wp-json\/wp\/v2\/tags?post=49423"}],"curies":[{"name":"wp","href":"https:\/\/api.w.org\/{rel}","templated":true}]}}