{"id":49478,"date":"2022-02-08T14:06:02","date_gmt":"2022-02-08T18:06:02","guid":{"rendered":"https:\/\/debateplural.com\/inicio\/?p=49478"},"modified":"2022-02-08T14:06:02","modified_gmt":"2022-02-08T18:06:02","slug":"independencia-nacional-dominicana-y-participacion-popular","status":"publish","type":"post","link":"https:\/\/debateplural.net\/site\/2022\/02\/08\/independencia-nacional-dominicana-y-participacion-popular\/","title":{"rendered":"Independencia Nacional Dominicana y Participaci\u00f3n Popular"},"content":{"rendered":"<p>Por: Juan de la Cruz<\/p>\n<p>&nbsp;<\/p>\n<p>La proclamaci\u00f3n de la Rep\u00fablica Dominicana como naci\u00f3n libre e independiente se produjo el 27 de febrero de 1844, como resultado de un largo proceso de lucha, emprendido por los elementos m\u00e1s avanzados de nuestro pueblo en pos de lograr la identidad nacional e independencia total de la parte oriental de la Isla de Santo Domingo, cuyo trayecto hist\u00f3rico se puede situar desde finales del siglo XV hasta mediados del siglo XIX.<\/p>\n<p>Pero es s\u00f3lo con la formaci\u00f3n de la Sociedad Secreta La Trinitaria, el 16 de julio de 1838, bajo la presidencia de Juan Pablo Duarte, que el ideal de independencia nacional absoluta adquiere su m\u00e1ximo esplendor. De esta manera, los ideales revolucionarios separatistas cobran una fuerza enorme, lo que le puso en condiciones de hacer alianzas con los reformistas haitianos para derrocar al dictador haitiano Jean Pierre Boyer, lo que consiguieron. Pero las cosas no quedaron ah\u00ed, sino que los trinitarios ten\u00edan claro que ese era s\u00f3lo un paso para avanzar hacia una etapa superior, la independencia total, de lo cual se dio cuenta el presidente provisional de Hait\u00ed, General Charles Rivi\u00e9re H\u00e9rard, quien se plante\u00f3 acabar con el movimiento subversivo que crec\u00eda como la verdolaga en todos los rincones de la parte Este de la Isla de Santo Domingo.<\/p>\n<p>Los trinitarios siembran la semilla de la separaci\u00f3n mediante una intensa y sistem\u00e1tica propaganda desplegada entre los habitantes de todos pueblos del Sur, del Cibao y del Este; asimismo, establecen Juntas Populares en todas las localidades de la parte oriental de la Isla de Santo Domingo, con lo cual logran un n\u00famero considerable de adeptos para la causa nacional.<\/p>\n<p>Los revolucionarios independentistas participan en las Asambleas Electorales responsables de elegir a los miembros de los Colegios Electorales responsables de seleccionar, a su vez, a los diputados que participar\u00edan en la Asamblea Nacional Constituyente Haitiana, obteniendo en ese proceso una victoria aplastante sobre los sectores haitianos y pro-haitianos. Al decir del historiador Jos\u00e9 Gabriel Garc\u00eda, los trinitarios \u201c<em>se adue\u00f1aron de casi todas las municipalidades<\/em>\u201d, lo cual \u201c<em>vino a demostrar que la separaci\u00f3n estaba ya hecha y que no faltaba sino darle forma: es decir, proclamarla como lo exigieran las circunstancias<\/em>\u201d (Jos\u00e9 Gabriel Garc\u00eda, Tomo II, 1982:197).<\/p>\n<p>Toda esta situaci\u00f3n favorable tuvo su menoscabo cuando el General Rivi\u00e9re H\u00e9rard avanz\u00f3 por entre los principales pueblos del Cibao hasta llegar a la Capital, desplegando all\u00ed un amplio operativo persecutorio contra todos aquellos individuos considerados opositores al r\u00e9gimen haitiano y partidarios de la separaci\u00f3n de la parte oriental de la Isla de Santo Domingo.<\/p>\n<div id=\"attachment_49481\" style=\"width: 714px\" class=\"wp-caption aligncenter\"><a href=\"http:\/\/localhost\/debateplural\/wp-content\/uploads\/2022\/02\/Puerta-de-la-Misericordia-con-estatua-de-Mella.jpg\"><img loading=\"lazy\" decoding=\"async\" aria-describedby=\"caption-attachment-49481\" class=\" wp-image-49481\" src=\"http:\/\/localhost\/debateplural\/wp-content\/uploads\/2022\/02\/Puerta-de-la-Misericordia-con-estatua-de-Mella.jpg\" alt=\"\" width=\"704\" height=\"469\" srcset=\"https:\/\/debateplural.net\/site\/wp-content\/uploads\/2022\/02\/Puerta-de-la-Misericordia-con-estatua-de-Mella.jpg 600w, https:\/\/debateplural.net\/site\/wp-content\/uploads\/2022\/02\/Puerta-de-la-Misericordia-con-estatua-de-Mella-300x200.jpg 300w\" sizes=\"(max-width: 704px) 100vw, 704px\" \/><\/a><p id=\"caption-attachment-49481\" class=\"wp-caption-text\">Puerta de la Misericordia con estatua de Mella<\/p><\/div>\n<p>El general Rivi\u00e9re H\u00e9rard dividi\u00f3 su poderoso ej\u00e9rcito en tres columnas, teniendo todas como punto de llegada y encuentro a Santo Domingo: una entr\u00f3 por el Sur, otra por Santiago y la tercera, encabezada por el propio H\u00e9rard, se dirigi\u00f3 primero a Puerto Plata, donde nombr\u00f3 como Comandante de la Plaza de Armas al teniente coronel Antonio L\u00f3pez Villanueva; luego se dirigi\u00f3 a Santiago, Moca y La Vega, tras las huellas de la conspiraci\u00f3n armada de que hab\u00eda sido alertado; posteriormente se dirige a San Francisco de Macor\u00eds, donde detuvo al cura Salvador de Pe\u00f1a por encontrar propagandas alusivas a los trinitarios y procedi\u00f3 a restituir como comandante de la Plaza de Armas al teniente coronel Charlot, quien hab\u00eda sido destituido por el municipio.<\/p>\n<p>De all\u00ed se dirigi\u00f3 a Cotu\u00ed, donde se dio cuenta que el cura Juan Puigvert era amigo y c\u00f3mplice del cura de Macor\u00eds, Salvador de Pe\u00f1a, y la palanca que hac\u00eda mover al municipio, lo que le hizo comprender las razones que motivaron la destituci\u00f3n del teniente coronel Prud\u2019homme como Comandante de la Plaza de Armas. Posteriormente procedi\u00f3 a hacer preso al cura Puigvert y al patricio Ram\u00f3n Mat\u00edas Mella, que en ese momento se encontraba organizando la conspiraci\u00f3n en el lugar, envi\u00e1ndolos a Puerto Pr\u00edncipe, al tiempo de restituir en el puesto a Prud\u2019homme.<\/p>\n<p>Finalmente, se dirigi\u00f3 a Santo Domingo, ciudad a la que entr\u00f3 el 12 de julio de 1843, encontrando todas las puertas de los ciudadanos de origen espa\u00f1ol cerradas, raz\u00f3n por la cual, seg\u00fan sus propias palabras, se vio precisado \u201ca organizar el municipio y castigar a los facciosos\u201d.<\/p>\n<p>En total fueron encarcelados diecisiete dirigentes de La Trinitaria; otros se vieron precisados a esconderse o fingir su muerte -como Francisco del Rosario S\u00e1nchez y Vicente Celestino Duarte-, mientras que los m\u00e1s conocidos tuvieron que embarcarse clandestinamente a Curazao, entre ellos Juan Pablo Duarte, Pedro Alejandrino Pina y Juan Isidro P\u00e9rez, para no caer en mano del gobernante haitiano y ser posteriormente fusilados.<\/p>\n<p>Cuando el general Rivi\u00e9re H\u00e9rard se retir\u00f3 de la parte espa\u00f1ola de la Isla, los separatistas -ahora encabezados por Francisco del Rosario S\u00e1nchez, Vicente Celestino Duarte, Manuel Jimenes y Jos\u00e9 Joaqu\u00edn Puello- no vacilaron en ponerse de acuerdo y constituir en la Capital el centro revolucionario que, comenzando por establecer comunicaci\u00f3n con Juan Pablo Duarte y los dem\u00e1s iniciadores del movimiento, que se encontraban tanto dentro como fuera del pa\u00eds, deb\u00eda concluir por concertar el pronunciamiento de los pueblos en favor de la separaci\u00f3n, labor a la que contribuyeron significativamente Ram\u00f3n Mat\u00edas Mella, Tom\u00e1s Bobadilla, Juan Evangelista Jim\u00e9nez, Gabino Puello y Juan Contreras, entre otros.<\/p>\n<div id=\"attachment_49480\" style=\"width: 614px\" class=\"wp-caption aligncenter\"><a href=\"http:\/\/localhost\/debateplural\/wp-content\/uploads\/2022\/02\/Puerta-del-Conde-en-1910.jpg\"><img loading=\"lazy\" decoding=\"async\" aria-describedby=\"caption-attachment-49480\" class=\"size-full wp-image-49480\" src=\"http:\/\/localhost\/debateplural\/wp-content\/uploads\/2022\/02\/Puerta-del-Conde-en-1910.jpg\" alt=\"\" width=\"604\" height=\"415\" srcset=\"https:\/\/debateplural.net\/site\/wp-content\/uploads\/2022\/02\/Puerta-del-Conde-en-1910.jpg 604w, https:\/\/debateplural.net\/site\/wp-content\/uploads\/2022\/02\/Puerta-del-Conde-en-1910-300x206.jpg 300w, https:\/\/debateplural.net\/site\/wp-content\/uploads\/2022\/02\/Puerta-del-Conde-en-1910-145x100.jpg 145w, https:\/\/debateplural.net\/site\/wp-content\/uploads\/2022\/02\/Puerta-del-Conde-en-1910-380x260.jpg 380w\" sizes=\"(max-width: 604px) 100vw, 604px\" \/><\/a><p id=\"caption-attachment-49480\" class=\"wp-caption-text\">Puerta del Conde en 1910<\/p><\/div>\n<p>Despu\u00e9s de concitar el apoyo de casi todos los pueblos del pa\u00eds en favor de la independencia nacional, de integrar a la mayor parte de los sacerdotes de la Iglesia Cat\u00f3lica al proyecto emancipador, de incorporar a ciertos sectores conservadores a la causa separatista y obtener una cantidad considerable de pertrechos militares para la conspiraci\u00f3n patri\u00f3tica, en virtud de la donaci\u00f3n ejemplar y desinteresada hecha por Duarte, su madre, hermanos y hermanas de la fortuna dejada por don Juan Jos\u00e9 Duarte. As\u00ed como el aporte que hicieron los dem\u00e1s trinitarios siguiendo ese ejemplo imperecedero, el 27 de febrero de 1844 se produjo el golpe militar revolucionario contra el gobierno haitiano y, posteriormente, casi todos los pueblos del interior manifestaron su adhesi\u00f3n al nuevo orden pol\u00edtico independiente.<\/p>\n<p>Lograda la independencia nacional, Duarte y sus compa\u00f1eros fueron mandados a buscar al exterior en la goleta Leonor, dirigida por el almirante Juan Alejandro Acosta, recibiendo, a su llegada por el Puerto de Santo Domingo, una ovaci\u00f3n multitudinaria y obteniendo el primero, desde entonces, el t\u00edtulo mayor de la Rep\u00fablica: Padre de la Patria Dominicana.<\/p>\n<p>Sin embargo, el poder tanto econ\u00f3mico, pol\u00edtico como militar qued\u00f3 en mano de los sectores conservadores y enemigos de la patria, lo que le llev\u00f3 a maquinar en contra de la independencia plena de la Rep\u00fablica Dominicana y, de esa manera, vender el pa\u00eds al mejor postor. Esta actitud fue combatida por Duarte y los dem\u00e1s trinitarios por distintos medios hasta llegar al extremo de sublevarse contra la Junta Central Gubernativa el 9 de junio de 1844, para mostrar su desacuerdo con el intento de protectorado franc\u00e9s que pretendieron consumar Bobadilla, Santana, B\u00e1ez y dem\u00e1s facciosos, como parte del Plan Levasseur.<\/p>\n<p>La Junta Central Gubernativa volvi\u00f3 a ser presidida, desde entonces, por el General Francisco del Rosario S\u00e1nchez; la Plaza de Armas de Santo Domingo fue comandada por el General Juan Pablo Duarte y la Plaza de Armas de Santiago de los Caballeros, por el General Ram\u00f3n Mat\u00edas Mella, quienes fueron ascendidos a generales de divisi\u00f3n, tal como la oficialidad de Santo Domingo le hab\u00eda propuesto a la destituida Junta que presid\u00eda Tom\u00e1s Bobadilla.<\/p>\n<p>El General Pedro Santana, que se sent\u00eda amenazado por la situaci\u00f3n conflictiva que se daba en Santo Domingo, aprovech\u00f3 que Duarte estaba en el Cibao calmando los \u00e1nimos de quienes lo proclamaban por doquier presidente de la Rep\u00fablica, desde Ban\u00ed envi\u00f3 un emisario por ante el c\u00f3nsul franc\u00e9s en el pa\u00eds, Eustache de Juchereau de Saint Denys, para que intercediera por ante el Presidente S\u00e1nchez y le permitiera entrar a la Capital bajo el pretexto de deponer las armas.<\/p>\n<div id=\"attachment_49482\" style=\"width: 960px\" class=\"wp-caption aligncenter\"><a href=\"http:\/\/localhost\/debateplural\/wp-content\/uploads\/2022\/02\/Puerta-de-la-Misericordia.jpg\"><img loading=\"lazy\" decoding=\"async\" aria-describedby=\"caption-attachment-49482\" class=\"size-full wp-image-49482\" src=\"http:\/\/localhost\/debateplural\/wp-content\/uploads\/2022\/02\/Puerta-de-la-Misericordia.jpg\" alt=\"\" width=\"950\" height=\"632\" srcset=\"https:\/\/debateplural.net\/site\/wp-content\/uploads\/2022\/02\/Puerta-de-la-Misericordia.jpg 950w, https:\/\/debateplural.net\/site\/wp-content\/uploads\/2022\/02\/Puerta-de-la-Misericordia-300x200.jpg 300w, https:\/\/debateplural.net\/site\/wp-content\/uploads\/2022\/02\/Puerta-de-la-Misericordia-768x511.jpg 768w, https:\/\/debateplural.net\/site\/wp-content\/uploads\/2022\/02\/Puerta-de-la-Misericordia-810x539.jpg 810w\" sizes=\"(max-width: 950px) 100vw, 950px\" \/><\/a><p id=\"caption-attachment-49482\" class=\"wp-caption-text\">Puerta de la Misericordia<\/p><\/div>\n<p>En principio, S\u00e1nchez se resisti\u00f3, pero ante la amenaza del c\u00f3nsul franc\u00e9s de que retirar\u00eda su legaci\u00f3n diplom\u00e1tica del pa\u00eds si no se le permit\u00eda la entrada a Santo Domingo al General Santana, aquel accedi\u00f3. Una vez en la Ciudad Primada, Santana tom\u00f3 los puntos claves de \u00e9sta y procedi\u00f3 a dar un golpe de Estado al presidente S\u00e1nchez, ante lo cual no reaccion\u00f3 Jos\u00e9 Joaqu\u00edn Puello, a quien hab\u00eda dejado Duarte al frente de la Plaza de Armas de Santo Domingo, bajo el pretexto de no causar un ba\u00f1o de sangre entre dominicanos.<\/p>\n<p>Al enterarse de la situaci\u00f3n, los pueblos del Cibao intentaron sublevarse contra la nueva Junta Central Gubernativa presidida por el General Santana, pero los resultados fueron infructuosos, ya que fueron sofocados inmediatamente y los trinitarios, perseguidos tenazmente, encarcelados o expatriados a perpetuidad, al mismo tiempo fueron declarados injustamente traidores a la Patria. Desde entonces, el poder de la Rep\u00fablica Dominicana qued\u00f3 de forma absoluta en las manos del dictador Pedro Santana y de los dem\u00e1s traidores de la Patria.<\/p>\n<p>Eso no detuvo la lucha de estos y otros titanes de la libertad en favor de la independencia nacional. As\u00ed lo demuestra la trama conspirativa de Mar\u00eda Trinidad S\u00e1nchez, Andr\u00e9s S\u00e1nchez, Nicol\u00e1s de Barias, Jos\u00e9 del Carmen Figueroa, Feliciano Mart\u00ednez, Blas Berroa y Eugenio Contreras- de la que se presume fue mentor el entonces ministro de Guerra y Marina, Manuel Jimenes, al que no quiso delatar la t\u00eda de S\u00e1nchez, por entender que \u00e9ste era m\u00e1s \u00fatil que ella a la causa de la Rep\u00fablica-, cuyo prop\u00f3sito esencial era lograr el retorno de los trinitarios, meses atr\u00e1s desterrados del pa\u00eds.<\/p>\n<p>Por el retorno de los trinitarios hab\u00edan intercedido ante el General Santana diferentes personalidades del pa\u00eds, incluidos Manuel Jimenes y Mar\u00eda Trinidad S\u00e1nchez, pero el dictador siempre argumentaba que algunos ministros que le acompa\u00f1aban se resist\u00edan ante esa posibilidad, con los cuales deb\u00eda contar como titular del Poder Ejecutivo para tomar una decisi\u00f3n de esa naturaleza, conforme lo establec\u00eda la Constituci\u00f3n del 6 de Noviembre de 1844, y que tal acci\u00f3n s\u00f3lo pod\u00eda llevarse a cabo si \u00e9l ten\u00eda en sus manos el poder absoluto del pa\u00eds.<\/p>\n<p>En esa trampa cay\u00f3 la hero\u00edna de febrero quien, junto a Manuel Jimenes y otros militares identificados con la causa independentista, se enfrascaron en una conspiraci\u00f3n orientada a destituir a Tom\u00e1s Bobadilla como superministro del gobierno santanista, con el prop\u00f3sito de allanarle el camino a Santana para que pudiera implantar su dictadura militar absolutista y, de esa manera, estuviera en capacidad de disponer el regreso de los expatriados. Nada m\u00e1s ingenuo, ya que era el propio Santana el m\u00e1ximo responsable del destierro de los trinitarios, lo cual se puso en evidencia, una vez m\u00e1s, cuando se enter\u00f3 de la trama en contra de sus ministeriales y, despu\u00e9s de un juicio sumario, procedi\u00f3 a fusilar a Mar\u00eda Trinidad S\u00e1nchez, Nicol\u00e1s de Barias, Jos\u00e9 del Carmen Figueroa y Andr\u00e9s S\u00e1nchez el 28 de febrero de 1845, un d\u00eda despu\u00e9s de cumplirse el primer aniversario de la Independencia Nacional. En ese sentido, es importante ver lo que establece el acta de defunci\u00f3n, que yace en el Archivo de la Catedral, en torno a estos cuatro destacados patriotas<em>: <\/em><\/p>\n<p><em>\u201cEn la ciudad de Santo Domingo, el d\u00eda 28 de febrero del corriente a\u00f1o (1845), yo el infrascrito cura di sepultura conduci\u00e9ndolos al pat\u00edbulo en compa\u00f1\u00eda del Se\u00f1or Vicario General y del Cura de San Carlos, a Nicol\u00e1s de Barias, Mar\u00eda Trinidad S\u00e1nchez, Jos\u00e9 del Carmen Figueroa y Andr\u00e9s S\u00e1nchez. Recibieron los Santos Sacramentos\u201d.<\/em><\/p>\n<p>La disposici\u00f3n de los trinitarios de devolverle al pa\u00eds su soberan\u00eda, tambi\u00e9n se puso de manifiesto entre los meses de mayo y julio de 1861, con la acci\u00f3n emprendida por el patricio Francisco del Rosario S\u00e1nchez en la zona de El\u00edas Pi\u00f1a, San Juan de la Maguana y Neiba. S\u00e1nchez, tras retornar del exilio a partir de la amnist\u00eda general decretada por el presidente Manuel Jimenes en 1848 y luego de haber colaborado con los gobiernos de Buenaventura B\u00e1ez y del General Pedro Santana entre 1849 y 1857, se vio compelido a salir nuevamente al exilio a Saint Thomas tras la toma de la ciudad de Santo Domingo por el general Pedro Santana en el marco de la Revoluci\u00f3n de Julio de 1857. S\u00e1nchez, que hab\u00eda sido Gobernador del Distrito de Santo Domingo en el gobierno de B\u00e1ez, hizo contacto con los generales exiliados Jos\u00e9 Mar\u00eda Cabral y Luna y Fernando Taveras, junto a quienes hace una proclama conjunta contra la anexi\u00f3n de la Rep\u00fablica Dominicana a Espa\u00f1a el 18 de marzo de 1861 y posteriormente se dirigen al presidente haitiano Fabr\u00e9 Geffrard para recabar su apoyo tanto t\u00e1ctico como militar.<\/p>\n<p>Francisco del Rosario S\u00e1nchez y sus compa\u00f1eros recibieron el apoyo del gobierno haitiano y se dividieron el territorio de la parte suroeste del pa\u00eds en tres frentes, cada uno de los cuales estar\u00eda encabezado por uno de los generales complotados. S\u00e1nchez encabezaba la columna que se dirig\u00eda a San Juan de la Maguana, Jos\u00e9 Mar\u00eda Cabral la que se dirig\u00eda a Las Matas de Farf\u00e1n y sus cruces, mientras que Fernando Taveras la que tomar\u00eda a Neiba. \u00a0El gobierno espa\u00f1ol se enter\u00f3 del apoyo recibido por los patriotas dominicanos y le dio un ultim\u00e1tum a Fabr\u00e9 Geffrard, de que, si no retiraba el apoyo a los rebeldes, bombardear\u00eda a Puerto Pr\u00edncipe.<\/p>\n<p>Geffrard envi\u00f3 emisarios para que informaran la situaci\u00f3n a los generales rebeldes, logrando recibir las informaciones Cabral y Taveras, pero lamentablemente S\u00e1nchez hab\u00eda sido objeto de una emboscada por parte del general Santiago D\u2019 Oleo, que se le uni\u00f3 al cruzar la frontera, quien le traicion\u00f3, captur\u00f3, traslad\u00f3 y entreg\u00f3 junto a sus 22 compa\u00f1eros de armas al general Pedro Santana en San Juan de la Maguana. Una vez en San Juan de la Maguana, los patriotas fueron juzgados por una corte militar designada por el General Santana, la cual los conden\u00f3 a todos a la pena de muerte y fueron posteriormente fusilados, muy a pesar de S\u00e1nchez se ech\u00f3 toda la culpa y pidi\u00f3 que a sus compa\u00f1eros se les perdonara la vida.<\/p>\n<p>Es, asimismo, muy importante destacar la lucha llevada a cabo por los restauradores entre los a\u00f1os 1863-1865 para devolverle al pa\u00eds la independencia perdida a mano de Espa\u00f1a, destac\u00e1ndose en esa contienda b\u00e9lica Santiago Rodr\u00edguez, Gregorio Luper\u00f3n, Gaspar Polanco, Pedro Antonio Pimentel y Jos\u00e9 Antonio Salcedo, entre otros, quienes, junto al pueblo dominicano, lograron hacer que ondeara nuevamente la ense\u00f1a tricolor.<\/p>\n<p>Al enterarse de la anexi\u00f3n del pa\u00eds a Espa\u00f1a y del fusilamiento de su compa\u00f1ero trinitario Francisco del Rosario S\u00e1nchez por parte de Pedro Santana, Duarte regres\u00f3 a su patria con la clara disposici\u00f3n de \u201cluchar con las armas en la mano contra la anexi\u00f3n a Espa\u00f1a llevada a cabo a despecho del voto nacional por la supercher\u00eda de ese bando traidor y parricida\u201d, el 25 de marzo del a\u00f1o 1864, teniendo para entonces 51 a\u00f1os.<\/p>\n<p>Posteriormente, los portadores del ideal trinitario han sabido mantener encendida la antorcha de la lucha independentista, siendo los hechos m\u00e1s significativos:<\/p>\n<p>1)-La acci\u00f3n desarrollada por el movimiento revolucionario del 25 de noviembre de 1873 contra los esfuerzos desplegados por Buenaventura B\u00e1ez en procura de incorporar el pa\u00eds a los Estados Unidos de Am\u00e9rica durante el gobierno del presidente norteamericano Ulises Grant, a cambio de beneficios pol\u00edticos, econ\u00f3micos y militares.<\/p>\n<p>2)-El enfrentamiento tanto c\u00edvico como militar del pueblo dominicano contra la primera intervenci\u00f3n militar norteamericana de 1916, siendo los movimientos y figuras m\u00e1s destacadas: La Batalla de la Barranquita en Valverde Mao, que lider\u00f3 M\u00e1ximo Cabral; el movimiento guerrillero de los campesinos del Este, denominado por los Estados Unidos con el mote de \u201cGavilleros\u201d; el joven Gregorio Urbano Gilbert, quien los enfrent\u00f3 con un revolver al llegar al puerto de San Pedro de Macor\u00eds; la organizaci\u00f3n patri\u00f3tica Uni\u00f3n Nacional Dominicana, donde participaron los destacados intelectuales Am\u00e9rico Lugo, Emiliano Tejera, F\u00e9lix Evaristo Mej\u00eda, Federico Garc\u00eda Godoy, Fabio Fiallo, Rafael Justino Castillo, Francisco Henr\u00edquez y Carvajal, Federico Henr\u00edquez y Carvajal, Pedro Henr\u00edquez Ure\u00f1a, Max Henr\u00edquez Ure\u00f1a, y Ercilia Pep\u00edn, entre otros<\/p>\n<p>3)- El enfrentamiento c\u00edvico y militar del pueblo dominicano contra la segunda intervenci\u00f3n militar norteamericana de abril de 1965, donde tuvieron una participaci\u00f3n destacada tanto en la preparaci\u00f3n de la resistencia como en la ejecuci\u00f3n, el Movimiento Constitucionalista Enriquillo, los coroneles Rafael Tom\u00e1s Fern\u00e1ndez Dom\u00ednguez, Francisco Alberto Caama\u00f1o De\u00f1\u00f3 y Juan Manuel Lora Fern\u00e1ndez, los capitanes Mario Pe\u00f1a Taveras y Quir\u00f3s P\u00e9rez, el contralmirante Manuel Ram\u00f3n Montes Arache, el mayor Agust\u00edn N\u00fa\u00f1ez Nogueras, el Dr. Jos\u00e9 Francisco Pe\u00f1a G\u00f3mez e importantes l\u00edderes de la izquierda revolucionaria, entre otros.<\/p>\n<p>Para la concretizaci\u00f3n del ideal de los trinitarios en las circunstancias presentes es necesario que todos\/as los\/as dominicanos y dominicanas con sentimientos patri\u00f3ticos se unan monol\u00edticamente para hacer efectiva la consumaci\u00f3n definitiva de una independencia nacional verdaderamente integral, que no se quede exclusivamente en el aspecto pol\u00edtico, sino que contemple tambi\u00e9n los aspectos econ\u00f3mico, social, cient\u00edfico-t\u00e9cnico, militar e ideol\u00f3gico-cultural.<\/p>\n<p>Esa independencia integral debe ser totalmente incluyente, donde sean tomados en cuenta todos los dominicanos, pero cuyo soporte fundamental sean los sectores populares y la juventud, quienes mediante sus diferentes instrumentos organizativos estar\u00edan en capacidad de regir los destinos del pa\u00eds y ejercer el poder pol\u00edtico sin intermediarios. Esto quiere decir que la nueva independencia nacional deber\u00e1 estar sustentada en verdaderos poderes populares locales, los cuales a su vez deben servir de base a la constituci\u00f3n de un Poder Popular Central.<\/p>\n<p>La independencia nacional de la Rep\u00fablica Dominicana, en las actuales circunstancias, asume la caracter\u00edstica singular de Poder Popular: \u00fanica garant\u00eda de que ella sea el resultado de la construcci\u00f3n colectiva del pueblo y de sus diferentes expresiones organizativas, donde la soberan\u00eda nacional absoluta, la democracia participativa, la libertad en todas sus expresiones, un modelo econ\u00f3mico incluyente, la justicia social plena, la equidad social y de g\u00e9nero, el ejercicio \u00e9tico de la pol\u00edtica y de las funciones en la administraci\u00f3n, el desarrollo de la memoria hist\u00f3rica y la identidad nacional-popular, el respeto a la multiculturalidad, as\u00ed como el reconocimiento a la diversidad, a la creatividad y al surgimiento de diferentes escuelas de pensamiento, sean tan s\u00f3lo algunas de sus nuevas formas de manifestarse.<\/p>\n<p>&nbsp;<\/p>\n<p><strong>BIBLIOGRAF\u00cdA<\/strong><\/p>\n<p>&nbsp;<\/p>\n<p>ALFAU DUR\u00c1N, Vetilio (1998), Ideario de Duarte, Santo Domingo: Instituto Duartiano.<\/p>\n<p>DE LA CRUZ, Juan (2012), La Utop\u00eda de Duarte, Santo Domingo: Impresos La Escalera.<\/p>\n<p>DE LA CRUZ, Juan (2013), La Filosof\u00eda Pol\u00edtica y Jur\u00eddica de Juan Pablo Duarte, Santo Domingo: Impresos La Escalera.<\/p>\n<p>DE LA CRUZ, Juan (2015), Independencia Nacional, Campa\u00f1as Militares y Participaci\u00f3n Popular, Santo Domingo: Impresos La Escalera.<\/p>\n<p>DUARTE, Rosa &amp; DUARTE, Juan Pablo (1999), Apuntes de Rosa Duarte. Archivo y Versos de Juan Pablo Duarte, Santo Domingo: Instituto Duartiano.<\/p>\n<p>JIMENES-GRULL\u00d3N, Juan Isidro (2003), La ideolog\u00eda Revolucionaria de Duarte, Santo Domingo: Educarte.<\/p>\n<p>LOCKWARD, Alfonso (1993), Intolerancia y Libertad de Cultos en Santo Domingo, Santo Domingo: Editora Taller.<\/p>\n<p>P\u00c9REZ MEM\u00c9N, Fernando (1995), \u201cEl proyecto de Constituci\u00f3n de Duarte\u201d, Cl\u00edo No. 175, pp. 167-198, Santo Domingo: Academia Dominicana de la Historia.<\/p>\n<p>RODR\u00cdGUEZ DEMORIZI, Emilio (1976), En Torno a Duarte, Santo Domingo: Academia Dominicana de la Historia.<\/p>\n<p>SERRA, Jos\u00e9 Mar\u00eda (2003), Apuntes para la Historia de los Trinitarios, Santo Domingo: Educarte.<\/p>\n<p>&nbsp;<\/p>\n<p>&nbsp;<\/p>\n","protected":false},"excerpt":{"rendered":"<p>Por: Juan de la Cruz &nbsp; La proclamaci\u00f3n de la Rep\u00fablica Dominicana como naci\u00f3n libre e independiente se produjo el 27 de febrero de 1844, como resultado de un largo proceso de lucha, emprendido por los elementos m\u00e1s avanzados de nuestro pueblo en pos de lograr la identidad nacional e independencia total de la parte [&hellip;]<\/p>\n","protected":false},"author":9,"featured_media":49479,"comment_status":"open","ping_status":"open","sticky":false,"template":"","format":"standard","meta":{"footnotes":""},"categories":[5,17],"tags":[],"class_list":["post-49478","post","type-post","status-publish","format-standard","has-post-thumbnail","hentry","category-nacionales","category-sociedad"],"_links":{"self":[{"href":"https:\/\/debateplural.net\/site\/wp-json\/wp\/v2\/posts\/49478"}],"collection":[{"href":"https:\/\/debateplural.net\/site\/wp-json\/wp\/v2\/posts"}],"about":[{"href":"https:\/\/debateplural.net\/site\/wp-json\/wp\/v2\/types\/post"}],"author":[{"embeddable":true,"href":"https:\/\/debateplural.net\/site\/wp-json\/wp\/v2\/users\/9"}],"replies":[{"embeddable":true,"href":"https:\/\/debateplural.net\/site\/wp-json\/wp\/v2\/comments?post=49478"}],"version-history":[{"count":1,"href":"https:\/\/debateplural.net\/site\/wp-json\/wp\/v2\/posts\/49478\/revisions"}],"predecessor-version":[{"id":49483,"href":"https:\/\/debateplural.net\/site\/wp-json\/wp\/v2\/posts\/49478\/revisions\/49483"}],"wp:featuredmedia":[{"embeddable":true,"href":"https:\/\/debateplural.net\/site\/wp-json\/wp\/v2\/media\/49479"}],"wp:attachment":[{"href":"https:\/\/debateplural.net\/site\/wp-json\/wp\/v2\/media?parent=49478"}],"wp:term":[{"taxonomy":"category","embeddable":true,"href":"https:\/\/debateplural.net\/site\/wp-json\/wp\/v2\/categories?post=49478"},{"taxonomy":"post_tag","embeddable":true,"href":"https:\/\/debateplural.net\/site\/wp-json\/wp\/v2\/tags?post=49478"}],"curies":[{"name":"wp","href":"https:\/\/api.w.org\/{rel}","templated":true}]}}